{"id":100323,"date":"2025-04-03T09:33:07","date_gmt":"2025-04-03T15:33:07","guid":{"rendered":"https:\/\/elmetropolitano.com.gt\/es\/?p=100323"},"modified":"2025-04-03T09:33:08","modified_gmt":"2025-04-03T15:33:08","slug":"guatemala-analiza-aranceles-impuestos-por-estados-unidos","status":"publish","type":"post","link":"https:\/\/elmetropolitano.com.gt\/es\/guatemala-analiza-aranceles-impuestos-por-estados-unidos\/","title":{"rendered":"Guatemala analiza aranceles impuestos por Estados Unidos"},"content":{"rendered":"\n<p>El Ministerio de Econom\u00eda (Mineco) se pronunci\u00f3 luego de que el Gobierno de los Estados Unidos anunciara la imposici\u00f3n de aranceles de forma unilateral a cientos de pa\u00edses, incluyendo a Guatemala. De esa cuenta, destac\u00f3 que Guatemala buscar\u00eda un espacio de negociaci\u00f3n diplom\u00e1tica y comercial. Esto, para minimizar los impactos que pueda tener en ambas econom\u00edas, especialmente la guatemalteca.<\/p>\n\n\n\n<p>En su comunicado, el Mineco <a><\/a>reconoci\u00f3 que el 10 % de arancel responde a lo que se denomina una base universal arancelaria. Sin embargo, destac\u00f3 que se encuentra a la espera de que la administraci\u00f3n estadounidense publique la orden firmada por el presidente Donald Trump y el instrumento para su aplicaci\u00f3n.<\/p><div class=\"elmet-contenido\" id=\"elmet-2709751331\"><div class=\"elmet-adlabel\">Anuncios<\/div><div style=\"margin-top: 20px;margin-right: 20px;margin-bottom: 20px;margin-left: 20px;\" id=\"elmet-4213957930\"><a href=\"https:\/\/www.facebook.com\/arrincuanantigua\/\" aria-label=\"cintillo-arrin-cual\"><img loading=\"lazy\" decoding=\"async\" src=\"https:\/\/elmetropolitano.com.gt\/es\/wp-content\/uploads\/2021\/11\/cintillo-arrin-cual-1.jpg\" alt=\"\"  srcset=\"https:\/\/elmetropolitano.com.gt\/es\/wp-content\/uploads\/2021\/11\/cintillo-arrin-cual-1.jpg 750w, https:\/\/elmetropolitano.com.gt\/es\/wp-content\/uploads\/2021\/11\/cintillo-arrin-cual-1-300x36.jpg 300w, https:\/\/elmetropolitano.com.gt\/es\/wp-content\/uploads\/2021\/11\/cintillo-arrin-cual-1-600x72.jpg 600w\" sizes=\"(max-width: 750px) 100vw, 750px\" width=\"750\" height=\"90\"   \/><\/a><\/div><\/div>\n\n\n\n<p>Considerando a los pa\u00edses miembro del Tratado de Libre Comercio entre Rep\u00fablica Dominicana, Centroam\u00e9rica y Estados Unidos (DR-CAFTA), todos recibieron el 10 % de aranceles (que es el m\u00ednimo anunciado por Trump), a excepci\u00f3n de Nicaragua, el cual obtuvo una imposici\u00f3n arancelaria del 18 %.<\/p>\n\n\n\n<p>Aunque las decisiones anunciadas por Estados Unidos tendr\u00edan justificaci\u00f3n bajo la legislaci\u00f3n vigente de seguridad nacional, el Mineco subray\u00f3 que buscar\u00edan un espacio de negociaci\u00f3n a niveles diplom\u00e1tico y comercial para resolver las barreras comerciales se\u00f1aladas en el Reporte de Barreras Comerciales (Foreign Trade Barriers, FTB) publicado este martes, 1 de abril.<\/p>\n\n\n\n<p>Principalmente, para atender las disposiciones pactadas en el DR-CAFTA para facilitar el comercio en la regi\u00f3n.<\/p>\n\n\n\n<p>De acuerdo con el Mineco, en 2025 se concluyeron los plazos de desgravaci\u00f3n arancelaria en el marco del DR-CAFTA. Por lo tanto, hasta este d\u00eda se ten\u00eda una tasa de derecho aduanero de importaci\u00f3n (DAI) o arancel de importaci\u00f3n del 0 %, es decir que entre ambos no se pagan derechos arancelarios a las importaciones.<\/p>\n\n\n\n<p>En busca del di\u00e1logo<\/p>\n\n\n\n<p>De momento, la entidad remarc\u00f3 que mantiene coordinaci\u00f3n con la Embajada de Guatemala en Washington as\u00ed como una l\u00ednea de comunicaci\u00f3n con el sector privado guatemalteco. Esto para analizar el avance del di\u00e1logo con Estados Unidos como para mantener l\u00edneas de informaci\u00f3n con los empresarios guatemaltecos.<\/p>\n\n\n\n<p>En 2024, Guatemala export\u00f3 en productos y servicios 4 mil 614 millones de d\u00f3lares a Estados Unidos e import\u00f3 desde esa naci\u00f3n 10 mil 545.2 millones de d\u00f3lares<\/p>\n\n\n\n<p>Texto: Daniel Coromac<\/p>\n\n\n\n<p><a href=\"https:\/\/www.facebook.com\/hashtag\/mineco?__eep__=6&amp;__cft__[0]=AZUrzQ1fu89nPhBq3sPU2agkU4sbfh5-VgYxno8ywEutS-osiZ5jv6H6LgnhjQrZEq74W7xINgSuJLrhTCk4rifAAh7OFJSk7QD9L2_atYv6XWyEknoQwWJoYnpZHntiUwJxuN8RfrI2A8xCWHgqTE3a90fokYGwDVt98MdxAW8QDrtF0Jj2mtVT1H5SOTCpIBc&amp;__tn__=*NK-R\">#Mineco<\/a><a href=\"https:\/\/www.facebook.com\/hashtag\/guerracomercial?__eep__=6&amp;__cft__[0]=AZUrzQ1fu89nPhBq3sPU2agkU4sbfh5-VgYxno8ywEutS-osiZ5jv6H6LgnhjQrZEq74W7xINgSuJLrhTCk4rifAAh7OFJSk7QD9L2_atYv6XWyEknoQwWJoYnpZHntiUwJxuN8RfrI2A8xCWHgqTE3a90fokYGwDVt98MdxAW8QDrtF0Jj2mtVT1H5SOTCpIBc&amp;__tn__=*NK-R\">#GuerraComercial<\/a><a href=\"https:\/\/www.facebook.com\/hashtag\/metroredes?__eep__=6&amp;__cft__[0]=AZUrzQ1fu89nPhBq3sPU2agkU4sbfh5-VgYxno8ywEutS-osiZ5jv6H6LgnhjQrZEq74W7xINgSuJLrhTCk4rifAAh7OFJSk7QD9L2_atYv6XWyEknoQwWJoYnpZHntiUwJxuN8RfrI2A8xCWHgqTE3a90fokYGwDVt98MdxAW8QDrtF0Jj2mtVT1H5SOTCpIBc&amp;__tn__=*NK-R\">#metroredes<\/a><a href=\"https:\/\/www.facebook.com\/hashtag\/elfinancierogt?__eep__=6&amp;__cft__[0]=AZUrzQ1fu89nPhBq3sPU2agkU4sbfh5-VgYxno8ywEutS-osiZ5jv6H6LgnhjQrZEq74W7xINgSuJLrhTCk4rifAAh7OFJSk7QD9L2_atYv6XWyEknoQwWJoYnpZHntiUwJxuN8RfrI2A8xCWHgqTE3a90fokYGwDVt98MdxAW8QDrtF0Jj2mtVT1H5SOTCpIBc&amp;__tn__=*NK-R\">#elfinancierogt<\/a><\/p>\n\n\n\n<figure class=\"wp-block-gallery has-nested-images columns-default is-cropped wp-block-gallery-1 is-layout-flex wp-block-gallery-is-layout-flex\">\n<figure class=\"wp-block-image size-large\"><img loading=\"lazy\" decoding=\"async\" width=\"1024\" height=\"512\" data-id=\"100325\" src=\"https:\/\/elmetropolitano.com.gt\/es\/wp-content\/uploads\/2025\/04\/486390122_1186326456826769_4428305741816460582_n-1-1024x512.jpg\" alt=\"\" class=\"wp-image-100325\" srcset=\"https:\/\/elmetropolitano.com.gt\/es\/wp-content\/uploads\/2025\/04\/486390122_1186326456826769_4428305741816460582_n-1-1024x512.jpg 1024w, https:\/\/elmetropolitano.com.gt\/es\/wp-content\/uploads\/2025\/04\/486390122_1186326456826769_4428305741816460582_n-1-300x150.jpg 300w, https:\/\/elmetropolitano.com.gt\/es\/wp-content\/uploads\/2025\/04\/486390122_1186326456826769_4428305741816460582_n-1-768x384.jpg 768w, https:\/\/elmetropolitano.com.gt\/es\/wp-content\/uploads\/2025\/04\/486390122_1186326456826769_4428305741816460582_n-1.jpg 1140w\" sizes=\"auto, (max-width: 1024px) 100vw, 1024px\" \/><\/figure>\n\n\n\n<figure class=\"wp-block-image size-large\"><img loading=\"lazy\" decoding=\"async\" width=\"791\" height=\"1024\" data-id=\"100326\" src=\"https:\/\/elmetropolitano.com.gt\/es\/wp-content\/uploads\/2025\/04\/486648106_1186326466826768_7155508308577912180_n-791x1024.jpg\" alt=\"\" class=\"wp-image-100326\" srcset=\"https:\/\/elmetropolitano.com.gt\/es\/wp-content\/uploads\/2025\/04\/486648106_1186326466826768_7155508308577912180_n-791x1024.jpg 791w, https:\/\/elmetropolitano.com.gt\/es\/wp-content\/uploads\/2025\/04\/486648106_1186326466826768_7155508308577912180_n-232x300.jpg 232w, https:\/\/elmetropolitano.com.gt\/es\/wp-content\/uploads\/2025\/04\/486648106_1186326466826768_7155508308577912180_n-768x994.jpg 768w, https:\/\/elmetropolitano.com.gt\/es\/wp-content\/uploads\/2025\/04\/486648106_1186326466826768_7155508308577912180_n.jpg 1116w\" sizes=\"auto, (max-width: 791px) 100vw, 791px\" \/><\/figure>\n<\/figure>\n","protected":false},"excerpt":{"rendered":"<p>El Ministerio de Econom\u00eda (Mineco) se pronunci\u00f3 luego de que el Gobierno de los Estados Unidos anunciara la imposici\u00f3n de aranceles de forma unilateral a cientos de pa\u00edses, incluyendo a Guatemala. De esa cuenta, destac\u00f3 que Guatemala buscar\u00eda un espacio de negociaci\u00f3n diplom\u00e1tica y comercial. Esto, para minimizar los impactos que pueda tener en ambas <a class=\"read-more\" href=\"https:\/\/elmetropolitano.com.gt\/es\/guatemala-analiza-aranceles-impuestos-por-estados-unidos\/\">Leer m\u00e1s<\/a><\/p>\n","protected":false},"author":1,"featured_media":100324,"comment_status":"open","ping_status":"closed","sticky":false,"template":"","format":"standard","meta":{"footnotes":""},"categories":[21],"tags":[20],"class_list":["post-100323","post","type-post","status-publish","format-standard","has-post-thumbnail","hentry","category-economia","tag-economia"],"_links":{"self":[{"href":"https:\/\/elmetropolitano.com.gt\/es\/wp-json\/wp\/v2\/posts\/100323","targetHints":{"allow":["GET"]}}],"collection":[{"href":"https:\/\/elmetropolitano.com.gt\/es\/wp-json\/wp\/v2\/posts"}],"about":[{"href":"https:\/\/elmetropolitano.com.gt\/es\/wp-json\/wp\/v2\/types\/post"}],"author":[{"embeddable":true,"href":"https:\/\/elmetropolitano.com.gt\/es\/wp-json\/wp\/v2\/users\/1"}],"replies":[{"embeddable":true,"href":"https:\/\/elmetropolitano.com.gt\/es\/wp-json\/wp\/v2\/comments?post=100323"}],"version-history":[{"count":1,"href":"https:\/\/elmetropolitano.com.gt\/es\/wp-json\/wp\/v2\/posts\/100323\/revisions"}],"predecessor-version":[{"id":100327,"href":"https:\/\/elmetropolitano.com.gt\/es\/wp-json\/wp\/v2\/posts\/100323\/revisions\/100327"}],"wp:featuredmedia":[{"embeddable":true,"href":"https:\/\/elmetropolitano.com.gt\/es\/wp-json\/wp\/v2\/media\/100324"}],"wp:attachment":[{"href":"https:\/\/elmetropolitano.com.gt\/es\/wp-json\/wp\/v2\/media?parent=100323"}],"wp:term":[{"taxonomy":"category","embeddable":true,"href":"https:\/\/elmetropolitano.com.gt\/es\/wp-json\/wp\/v2\/categories?post=100323"},{"taxonomy":"post_tag","embeddable":true,"href":"https:\/\/elmetropolitano.com.gt\/es\/wp-json\/wp\/v2\/tags?post=100323"}],"curies":[{"name":"wp","href":"https:\/\/api.w.org\/{rel}","templated":true}]}}