{"id":100997,"date":"2025-04-14T16:03:15","date_gmt":"2025-04-14T22:03:15","guid":{"rendered":"https:\/\/elmetropolitano.com.gt\/es\/?p=100997"},"modified":"2025-04-14T16:03:16","modified_gmt":"2025-04-14T22:03:16","slug":"ministro-de-comunicaciones-confirma-reactivacion-de-obra-en-huehuetenango","status":"publish","type":"post","link":"https:\/\/elmetropolitano.com.gt\/es\/ministro-de-comunicaciones-confirma-reactivacion-de-obra-en-huehuetenango\/","title":{"rendered":"Ministro de Comunicaciones confirma reactivaci\u00f3n de obra en Huehuetenango"},"content":{"rendered":"\n<p>Con el compromiso de mejorar la infraestructura vial el ministro de Comunicaciones, Infraestructura y Vivienda (CIV), Miguel \u00c1ngel D\u00edaz Bobadilla, realiz\u00f3 una gira de supervisi\u00f3n por distintos municipios y aldeas de Huehuetenango, donde verific\u00f3 el estado de los caminos.<\/p>\n\n\n\n<p>Durante su visita, anunci\u00f3 que se han realizado los tr\u00e1mites administrativos necesarios para reanudar los trabajos en la Ruta <a><\/a>Departamental RD-HUE-02, una obra que ha sido largamente esperada por la poblaci\u00f3n.<\/p><div class=\"elmet-contenido\" id=\"elmet-832267746\"><div class=\"elmet-adlabel\">Anuncios<\/div><div style=\"margin-top: 20px;margin-right: 20px;margin-bottom: 20px;margin-left: 20px;\" id=\"elmet-2027032127\"><a href=\"https:\/\/www.facebook.com\/arrincuanantigua\/\" aria-label=\"cintillo-arrin-cual\"><img loading=\"lazy\" decoding=\"async\" src=\"https:\/\/elmetropolitano.com.gt\/es\/wp-content\/uploads\/2021\/11\/cintillo-arrin-cual-1.jpg\" alt=\"\"  srcset=\"https:\/\/elmetropolitano.com.gt\/es\/wp-content\/uploads\/2021\/11\/cintillo-arrin-cual-1.jpg 750w, https:\/\/elmetropolitano.com.gt\/es\/wp-content\/uploads\/2021\/11\/cintillo-arrin-cual-1-300x36.jpg 300w, https:\/\/elmetropolitano.com.gt\/es\/wp-content\/uploads\/2021\/11\/cintillo-arrin-cual-1-600x72.jpg 600w\" sizes=\"(max-width: 750px) 100vw, 750px\" width=\"750\" height=\"90\"   \/><\/a><\/div><\/div>\n\n\n\n<p>El recorrido incluy\u00f3 tramos entre el cant\u00f3n Lo de Ch\u00e1vez y la aldea El Rancho, en Aguacat\u00e1n, una v\u00eda que conecta con el departamento de Quich\u00e9; adem\u00e1s, inspeccion\u00f3 las condiciones del puente sobre el r\u00edo Buc\u00e1 y la Ruta Nacional RN-7W.<\/p>\n\n\n\n<p>Posteriormente, visit\u00f3 Todos Santos Cuchumat\u00e1n, San Antonio, Uni\u00f3n Cantinil y Petat\u00e1n, donde se reuni\u00f3 con autoridades locales y vecinos para escuchar sus necesidades en materia de infraestructura vial.<\/p>\n\n\n\n<p>\u201cLos funcionarios p\u00fablicos nos debemos al pueblo, no debemos servirnos del pueblo. Ustedes merecen que hagamos nuestro mejor esfuerzo, que caminemos los caminos de tierra, estamos trabajando por ustedes: los llevo en el alma\u201d, afirm\u00f3 D\u00edaz Bobadilla.<\/p>\n\n\n\n<p>Los pobladores y legisladores expresaron su agradecimiento y destacaron que es la primera vez, en muchos a\u00f1os, que un funcionario de alto nivel del CIV visita el \u00e1rea por v\u00eda terrestre para constatar personalmente el estado de la red vial.<\/p>\n\n\n\n<p>\u201cRecorrer el pa\u00eds es conocerlo y servir al pueblo es hacerlo con hechos, recuperando los caminos de la patria\u201d, concluy\u00f3 el funcionario.<\/p>\n\n\n\n<p>El recorrido de D\u00edaz Bobadilla tambi\u00e9n incluy\u00f3 La Mesilla y La Democracia, zonas fronterizas con M\u00e9xico, donde verific\u00f3 el estado de la ruta.<\/p>\n\n\n\n<p>Con estas acciones, el CIV reafirma su compromiso de priorizar las necesidades del pueblo guatemalteco a trav\u00e9s de la mejora de la infraestructura nacional.<\/p>\n\n\n\n<p><a href=\"https:\/\/www.facebook.com\/hashtag\/civ?__eep__=6&amp;__cft__[0]=AZUzkOmrIGwcRgwzHNosTE9zjExhSi6HcLvG1ZzF9Fsrfb-rBbCOdc2A-lULxypR204vdNwfYWZILki6H8B37GnKGU70NCjJX_iWEI3jMiO8EYFJYzUYg7J5RTNmrLOVY2mVnlmy2AcsrR2O8goELkHORUgKUKfcPxFi8tgFuMaMoN0O5f39_rGypMoDx042tOg&amp;__tn__=*NK-R\">#Civ<\/a><a href=\"https:\/\/www.facebook.com\/hashtag\/huehuetenango?__eep__=6&amp;__cft__[0]=AZUzkOmrIGwcRgwzHNosTE9zjExhSi6HcLvG1ZzF9Fsrfb-rBbCOdc2A-lULxypR204vdNwfYWZILki6H8B37GnKGU70NCjJX_iWEI3jMiO8EYFJYzUYg7J5RTNmrLOVY2mVnlmy2AcsrR2O8goELkHORUgKUKfcPxFi8tgFuMaMoN0O5f39_rGypMoDx042tOg&amp;__tn__=*NK-R\">#Huehuetenango<\/a><\/p>\n\n\n\n<figure class=\"wp-block-gallery has-nested-images columns-default is-cropped wp-block-gallery-1 is-layout-flex wp-block-gallery-is-layout-flex\">\n<figure class=\"wp-block-image size-large\"><img loading=\"lazy\" decoding=\"async\" width=\"1024\" height=\"683\" data-id=\"101000\" src=\"https:\/\/elmetropolitano.com.gt\/es\/wp-content\/uploads\/2025\/04\/490714892_1198016038991144_5963738565733170964_n-1024x683.jpg\" alt=\"\" class=\"wp-image-101000\" srcset=\"https:\/\/elmetropolitano.com.gt\/es\/wp-content\/uploads\/2025\/04\/490714892_1198016038991144_5963738565733170964_n-1024x683.jpg 1024w, https:\/\/elmetropolitano.com.gt\/es\/wp-content\/uploads\/2025\/04\/490714892_1198016038991144_5963738565733170964_n-300x200.jpg 300w, https:\/\/elmetropolitano.com.gt\/es\/wp-content\/uploads\/2025\/04\/490714892_1198016038991144_5963738565733170964_n-768x512.jpg 768w, https:\/\/elmetropolitano.com.gt\/es\/wp-content\/uploads\/2025\/04\/490714892_1198016038991144_5963738565733170964_n.jpg 1200w\" sizes=\"auto, (max-width: 1024px) 100vw, 1024px\" \/><\/figure>\n\n\n\n<figure class=\"wp-block-image size-large\"><img loading=\"lazy\" decoding=\"async\" width=\"1024\" height=\"682\" data-id=\"101001\" src=\"https:\/\/elmetropolitano.com.gt\/es\/wp-content\/uploads\/2025\/04\/490729348_1198016042324477_6946221094504825167_n-1024x682.jpg\" alt=\"\" class=\"wp-image-101001\" srcset=\"https:\/\/elmetropolitano.com.gt\/es\/wp-content\/uploads\/2025\/04\/490729348_1198016042324477_6946221094504825167_n-1024x682.jpg 1024w, https:\/\/elmetropolitano.com.gt\/es\/wp-content\/uploads\/2025\/04\/490729348_1198016042324477_6946221094504825167_n-300x200.jpg 300w, https:\/\/elmetropolitano.com.gt\/es\/wp-content\/uploads\/2025\/04\/490729348_1198016042324477_6946221094504825167_n-768x512.jpg 768w, https:\/\/elmetropolitano.com.gt\/es\/wp-content\/uploads\/2025\/04\/490729348_1198016042324477_6946221094504825167_n.jpg 1280w\" sizes=\"auto, (max-width: 1024px) 100vw, 1024px\" \/><\/figure>\n\n\n\n<figure class=\"wp-block-image size-large\"><img loading=\"lazy\" decoding=\"async\" width=\"600\" height=\"375\" data-id=\"100999\" src=\"https:\/\/elmetropolitano.com.gt\/es\/wp-content\/uploads\/2025\/04\/490917584_1198015888991159_7473071866674109961_n-1.jpg\" alt=\"\" class=\"wp-image-100999\" srcset=\"https:\/\/elmetropolitano.com.gt\/es\/wp-content\/uploads\/2025\/04\/490917584_1198015888991159_7473071866674109961_n-1.jpg 600w, https:\/\/elmetropolitano.com.gt\/es\/wp-content\/uploads\/2025\/04\/490917584_1198015888991159_7473071866674109961_n-1-300x188.jpg 300w\" sizes=\"auto, (max-width: 600px) 100vw, 600px\" \/><\/figure>\n<\/figure>\n","protected":false},"excerpt":{"rendered":"<p>Con el compromiso de mejorar la infraestructura vial el ministro de Comunicaciones, Infraestructura y Vivienda (CIV), Miguel \u00c1ngel D\u00edaz Bobadilla, realiz\u00f3 una gira de supervisi\u00f3n por distintos municipios y aldeas de Huehuetenango, donde verific\u00f3 el estado de los caminos. Durante su visita, anunci\u00f3 que se han realizado los tr\u00e1mites administrativos necesarios para reanudar los trabajos <a class=\"read-more\" href=\"https:\/\/elmetropolitano.com.gt\/es\/ministro-de-comunicaciones-confirma-reactivacion-de-obra-en-huehuetenango\/\">Leer m\u00e1s<\/a><\/p>\n","protected":false},"author":1,"featured_media":100998,"comment_status":"open","ping_status":"closed","sticky":false,"template":"","format":"standard","meta":{"footnotes":""},"categories":[4],"tags":[13],"class_list":["post-100997","post","type-post","status-publish","format-standard","has-post-thumbnail","hentry","category-departamentales","tag-departamentales"],"_links":{"self":[{"href":"https:\/\/elmetropolitano.com.gt\/es\/wp-json\/wp\/v2\/posts\/100997","targetHints":{"allow":["GET"]}}],"collection":[{"href":"https:\/\/elmetropolitano.com.gt\/es\/wp-json\/wp\/v2\/posts"}],"about":[{"href":"https:\/\/elmetropolitano.com.gt\/es\/wp-json\/wp\/v2\/types\/post"}],"author":[{"embeddable":true,"href":"https:\/\/elmetropolitano.com.gt\/es\/wp-json\/wp\/v2\/users\/1"}],"replies":[{"embeddable":true,"href":"https:\/\/elmetropolitano.com.gt\/es\/wp-json\/wp\/v2\/comments?post=100997"}],"version-history":[{"count":1,"href":"https:\/\/elmetropolitano.com.gt\/es\/wp-json\/wp\/v2\/posts\/100997\/revisions"}],"predecessor-version":[{"id":101002,"href":"https:\/\/elmetropolitano.com.gt\/es\/wp-json\/wp\/v2\/posts\/100997\/revisions\/101002"}],"wp:featuredmedia":[{"embeddable":true,"href":"https:\/\/elmetropolitano.com.gt\/es\/wp-json\/wp\/v2\/media\/100998"}],"wp:attachment":[{"href":"https:\/\/elmetropolitano.com.gt\/es\/wp-json\/wp\/v2\/media?parent=100997"}],"wp:term":[{"taxonomy":"category","embeddable":true,"href":"https:\/\/elmetropolitano.com.gt\/es\/wp-json\/wp\/v2\/categories?post=100997"},{"taxonomy":"post_tag","embeddable":true,"href":"https:\/\/elmetropolitano.com.gt\/es\/wp-json\/wp\/v2\/tags?post=100997"}],"curies":[{"name":"wp","href":"https:\/\/api.w.org\/{rel}","templated":true}]}}