{"id":101003,"date":"2025-04-14T16:49:38","date_gmt":"2025-04-14T22:49:38","guid":{"rendered":"https:\/\/elmetropolitano.com.gt\/es\/?p=101003"},"modified":"2025-04-14T16:49:38","modified_gmt":"2025-04-14T22:49:38","slug":"es-violencia-bukele-y-trump-coinciden-en-que-los-hombres-no-tienen-cabida-en-el-deporte-femenino","status":"publish","type":"post","link":"https:\/\/elmetropolitano.com.gt\/es\/es-violencia-bukele-y-trump-coinciden-en-que-los-hombres-no-tienen-cabida-en-el-deporte-femenino\/","title":{"rendered":"\u00abEs violencia\u00bb: Bukele y Trump coinciden en que los hombres no tienen cabida en el deporte femenino"},"content":{"rendered":"\n<p>El presidente de EE.UU., Donald Trump, recibi\u00f3 este lunes en la Casa Blanca a su par de El Salvador, Nayib Bukele, y durante el encuentro, el magnate estadounidense dirigi\u00f3 la conversaci\u00f3n hacia el deporte, concretamente a la participaci\u00f3n de \u00abhombres\u00bb en \u00abdeportes femeninos\u00bb.<\/p>\n\n\n\n<p>\u00ab\u00bfPermiten que los hombres participen en deportes femeninos? \u00bfLos hombres boxean con sus mujeres? S\u00e9 que boxean mucho\u00bb, consult\u00f3 Trump.<\/p><div class=\"elmet-contenido\" id=\"elmet-865912493\"><div class=\"elmet-adlabel\">Anuncios<\/div><div style=\"margin-top: 20px;margin-right: 20px;margin-bottom: 20px;margin-left: 20px;\" id=\"elmet-3954610524\"><a href=\"https:\/\/www.facebook.com\/arrincuanantigua\/\" aria-label=\"cintillo-arrin-cual\"><img loading=\"lazy\" decoding=\"async\" src=\"https:\/\/elmetropolitano.com.gt\/es\/wp-content\/uploads\/2021\/11\/cintillo-arrin-cual-1.jpg\" alt=\"\"  srcset=\"https:\/\/elmetropolitano.com.gt\/es\/wp-content\/uploads\/2021\/11\/cintillo-arrin-cual-1.jpg 750w, https:\/\/elmetropolitano.com.gt\/es\/wp-content\/uploads\/2021\/11\/cintillo-arrin-cual-1-300x36.jpg 300w, https:\/\/elmetropolitano.com.gt\/es\/wp-content\/uploads\/2021\/11\/cintillo-arrin-cual-1-600x72.jpg 600w\" sizes=\"(max-width: 750px) 100vw, 750px\" width=\"750\" height=\"90\"   \/><\/a><\/div><\/div>\n\n\n\n<p>Ante ello, Bukele respondi\u00f3: \u00abEso es violencia\u00bb, y casi al un\u00edsono, ambos se\u00f1alaron que eso \u00abes abuso contra una mujer\u00bb.<\/p>\n\n\n\n<p>Trump continu\u00f3 diciendo que, sin embargo, \u00abhay gente que lucha a muerte porque cree que los hombres deber\u00edan poder participar en deportes femeninos, y en algunos de esos deportes no importar\u00eda mucho, pero aun as\u00ed importa\u00bb, porque, considera que \u00abson muy peligrosos para las mujeres\u00bb.<\/p>\n\n\n\n<p>\u00abNo se trata de liberales ni conservadores, es sentido com\u00fan\u00bb, remarc\u00f3 el magnate estadounidense.<\/p>\n\n\n\n<p>Bukele agreg\u00f3 a la conversaci\u00f3n que hace unos a\u00f1os atr\u00e1s, alrededor de una d\u00e9cada, aproximadamente, los movimientos por los derechos de las mujeres \u00abpresionaron\u00bb para que se promulgaran \u00ableyes espec\u00edficas para evitar que los hombres abusaran de las mujeres\u00bb.<\/p>\n\n\n\n<p>\u00abY creo que esas leyes fueron excelentes porque hab\u00eda muchos hombres abusando de las mujeres\u00bb, a\u00f1adi\u00f3; no obstante, indic\u00f3 que \u00abahora, algunas de esas mismas personas intentan dar marcha atr\u00e1s y, de hecho, intentan crear nuevas leyes que permitan a los hombres abusar de las mujeres en el deporte\u00bb.<\/p>\n\n\n\n<p>\u00abAs\u00ed que, en realidad, eso no tiene sentido. Si lo haces en el deporte, no tiene sentido\u00bb, agreg\u00f3.<\/p>\n\n\n\n<p>La pol\u00edtica de g\u00e9nero<\/p>\n\n\n\n<p>Desde el inicio de este mandato, en enero pasado, Trump convirti\u00f3 en pol\u00edtica oficial del Gobierno de EE.UU. que solo hay dos g\u00e9neros: masculino y femenino.<\/p>\n\n\n\n<p>A principios de febrero, firm\u00f3 un decreto que proh\u00edbe a las atletas transg\u00e9nero participar en deportes femeninos y orden\u00f3 al Departamento de Educaci\u00f3n retirar los premios y t\u00edtulos que se atribuyeron \u00abinjustamente a varones biol\u00f3gicos\u00bb.<\/p>\n\n\n\n<p>A finales de marzo defendi\u00f3 su posici\u00f3n, asegurando que sin importar a cu\u00e1ntos procedimientos m\u00e9dicos se someta una persona transg\u00e9nero, jam\u00e1s ser\u00e1 mujer.<\/p>\n\n\n\n<p>\u00abNo importa cu\u00e1ntas cirug\u00edas te hagas o cu\u00e1ntas sustancias qu\u00edmicas te inyectes, si naces con ADN masculino en cada c\u00e9lula de tu cuerpo, nunca podr\u00e1s convertirte en mujer. No ser\u00e1s mujer\u00bb, asever\u00f3 entonces.<\/p>\n\n\n\n<p>El movimiento internacional LGBT est\u00e1 calificado como organizaci\u00f3n extremista en el territorio de Rusia y prohibido en el pa\u00eds.<\/p>\n\n\n\n<p>Texto: Rt Noticias<\/p>\n\n\n\n<p>#trump #bukele #transgenero #metroredes www.elmetropolitano.com.gt www.metroredes.com www.elescuintleco.com<\/p>\n\n\n\n<figure class=\"wp-block-gallery has-nested-images columns-default is-cropped wp-block-gallery-1 is-layout-flex wp-block-gallery-is-layout-flex\">\n<figure class=\"wp-block-image size-large\"><img loading=\"lazy\" decoding=\"async\" width=\"1024\" height=\"577\" data-id=\"101007\" src=\"https:\/\/elmetropolitano.com.gt\/es\/wp-content\/uploads\/2025\/04\/67fd393a59bf5b3cbb300eb3-1-1024x577.jpg\" alt=\"\" class=\"wp-image-101007\" srcset=\"https:\/\/elmetropolitano.com.gt\/es\/wp-content\/uploads\/2025\/04\/67fd393a59bf5b3cbb300eb3-1-1024x577.jpg 1024w, https:\/\/elmetropolitano.com.gt\/es\/wp-content\/uploads\/2025\/04\/67fd393a59bf5b3cbb300eb3-1-300x169.jpg 300w, https:\/\/elmetropolitano.com.gt\/es\/wp-content\/uploads\/2025\/04\/67fd393a59bf5b3cbb300eb3-1-768x433.jpg 768w, https:\/\/elmetropolitano.com.gt\/es\/wp-content\/uploads\/2025\/04\/67fd393a59bf5b3cbb300eb3-1.jpg 1104w\" sizes=\"auto, (max-width: 1024px) 100vw, 1024px\" \/><\/figure>\n\n\n\n<figure class=\"wp-block-image size-large\"><img loading=\"lazy\" decoding=\"async\" width=\"720\" height=\"480\" data-id=\"101005\" src=\"https:\/\/elmetropolitano.com.gt\/es\/wp-content\/uploads\/2025\/04\/487378588_1198132765646138_3698930948292406895_n.jpg\" alt=\"\" class=\"wp-image-101005\" srcset=\"https:\/\/elmetropolitano.com.gt\/es\/wp-content\/uploads\/2025\/04\/487378588_1198132765646138_3698930948292406895_n.jpg 720w, https:\/\/elmetropolitano.com.gt\/es\/wp-content\/uploads\/2025\/04\/487378588_1198132765646138_3698930948292406895_n-300x200.jpg 300w\" sizes=\"auto, (max-width: 720px) 100vw, 720px\" \/><\/figure>\n\n\n\n<figure class=\"wp-block-image size-large\"><img loading=\"lazy\" decoding=\"async\" width=\"819\" height=\"1024\" data-id=\"101008\" src=\"https:\/\/elmetropolitano.com.gt\/es\/wp-content\/uploads\/2025\/04\/490214006_1198132792312802_5338115454961627946_n-819x1024.jpg\" alt=\"\" class=\"wp-image-101008\" srcset=\"https:\/\/elmetropolitano.com.gt\/es\/wp-content\/uploads\/2025\/04\/490214006_1198132792312802_5338115454961627946_n-819x1024.jpg 819w, https:\/\/elmetropolitano.com.gt\/es\/wp-content\/uploads\/2025\/04\/490214006_1198132792312802_5338115454961627946_n-240x300.jpg 240w, https:\/\/elmetropolitano.com.gt\/es\/wp-content\/uploads\/2025\/04\/490214006_1198132792312802_5338115454961627946_n-768x960.jpg 768w, https:\/\/elmetropolitano.com.gt\/es\/wp-content\/uploads\/2025\/04\/490214006_1198132792312802_5338115454961627946_n-1229x1536.jpg 1229w, https:\/\/elmetropolitano.com.gt\/es\/wp-content\/uploads\/2025\/04\/490214006_1198132792312802_5338115454961627946_n.jpg 1638w\" sizes=\"auto, (max-width: 819px) 100vw, 819px\" \/><\/figure>\n\n\n\n<figure class=\"wp-block-image size-large\"><img loading=\"lazy\" decoding=\"async\" width=\"720\" height=\"576\" data-id=\"101006\" src=\"https:\/\/elmetropolitano.com.gt\/es\/wp-content\/uploads\/2025\/04\/490573378_1198132808979467_1914767774336906366_n.jpg\" alt=\"\" class=\"wp-image-101006\" srcset=\"https:\/\/elmetropolitano.com.gt\/es\/wp-content\/uploads\/2025\/04\/490573378_1198132808979467_1914767774336906366_n.jpg 720w, https:\/\/elmetropolitano.com.gt\/es\/wp-content\/uploads\/2025\/04\/490573378_1198132808979467_1914767774336906366_n-300x240.jpg 300w\" sizes=\"auto, (max-width: 720px) 100vw, 720px\" \/><\/figure>\n<\/figure>\n","protected":false},"excerpt":{"rendered":"<p>El presidente de EE.UU., Donald Trump, recibi\u00f3 este lunes en la Casa Blanca a su par de El Salvador, Nayib Bukele, y durante el encuentro, el magnate estadounidense dirigi\u00f3 la conversaci\u00f3n hacia el deporte, concretamente a la participaci\u00f3n de \u00abhombres\u00bb en \u00abdeportes femeninos\u00bb. \u00ab\u00bfPermiten que los hombres participen en deportes femeninos? \u00bfLos hombres boxean con <a class=\"read-more\" href=\"https:\/\/elmetropolitano.com.gt\/es\/es-violencia-bukele-y-trump-coinciden-en-que-los-hombres-no-tienen-cabida-en-el-deporte-femenino\/\">Leer m\u00e1s<\/a><\/p>\n","protected":false},"author":1,"featured_media":101004,"comment_status":"open","ping_status":"closed","sticky":false,"template":"","format":"standard","meta":{"footnotes":""},"categories":[14],"tags":[15],"class_list":["post-101003","post","type-post","status-publish","format-standard","has-post-thumbnail","hentry","category-internacionales","tag-internacionales"],"_links":{"self":[{"href":"https:\/\/elmetropolitano.com.gt\/es\/wp-json\/wp\/v2\/posts\/101003","targetHints":{"allow":["GET"]}}],"collection":[{"href":"https:\/\/elmetropolitano.com.gt\/es\/wp-json\/wp\/v2\/posts"}],"about":[{"href":"https:\/\/elmetropolitano.com.gt\/es\/wp-json\/wp\/v2\/types\/post"}],"author":[{"embeddable":true,"href":"https:\/\/elmetropolitano.com.gt\/es\/wp-json\/wp\/v2\/users\/1"}],"replies":[{"embeddable":true,"href":"https:\/\/elmetropolitano.com.gt\/es\/wp-json\/wp\/v2\/comments?post=101003"}],"version-history":[{"count":1,"href":"https:\/\/elmetropolitano.com.gt\/es\/wp-json\/wp\/v2\/posts\/101003\/revisions"}],"predecessor-version":[{"id":101009,"href":"https:\/\/elmetropolitano.com.gt\/es\/wp-json\/wp\/v2\/posts\/101003\/revisions\/101009"}],"wp:featuredmedia":[{"embeddable":true,"href":"https:\/\/elmetropolitano.com.gt\/es\/wp-json\/wp\/v2\/media\/101004"}],"wp:attachment":[{"href":"https:\/\/elmetropolitano.com.gt\/es\/wp-json\/wp\/v2\/media?parent=101003"}],"wp:term":[{"taxonomy":"category","embeddable":true,"href":"https:\/\/elmetropolitano.com.gt\/es\/wp-json\/wp\/v2\/categories?post=101003"},{"taxonomy":"post_tag","embeddable":true,"href":"https:\/\/elmetropolitano.com.gt\/es\/wp-json\/wp\/v2\/tags?post=101003"}],"curies":[{"name":"wp","href":"https:\/\/api.w.org\/{rel}","templated":true}]}}