{"id":101122,"date":"2025-04-16T12:46:44","date_gmt":"2025-04-16T18:46:44","guid":{"rendered":"https:\/\/elmetropolitano.com.gt\/es\/?p=101122"},"modified":"2025-04-16T12:46:45","modified_gmt":"2025-04-16T18:46:45","slug":"sara-larios-asume-como-nueva-viceministra-de-asuntos-registgrales-del-ministerio-de-economia","status":"publish","type":"post","link":"https:\/\/elmetropolitano.com.gt\/es\/sara-larios-asume-como-nueva-viceministra-de-asuntos-registgrales-del-ministerio-de-economia\/","title":{"rendered":"Sara Larios asume como nueva viceministra de asuntos registgrales del Ministerio de Econom\u00eda"},"content":{"rendered":"\n<p>Tras varios cambios viceministeriales en la cartera de Econom\u00eda, <a><\/a>encabezada por la renuncia de Antonio Romero, el pasado 31 de marzo, hasta el d\u00eda de hoy, martes 15 de abril, se ajustan las cinco cabezas viceministrales, con el ascenso de Sara Mar\u00eda Fernanda Larios Hern\u00e1ndez, como viceministra de Asuntos Registrales.<\/p>\n\n\n\n<p>Luego de la renuncia de Romero, el pasado 11 de abril, se dio a conocer por medio del sitio oficial del Mineco que la, ya viceministra, Valeria Prado, har\u00eda un cambio horizontal, de Asuntos Registrales, a viceministra de Inversi\u00f3n y Competencia, dejando vac\u00edo el asiento.<\/p><div class=\"elmet-contenido\" id=\"elmet-796908660\"><div class=\"elmet-adlabel\">Anuncios<\/div><div style=\"margin-top: 20px;margin-right: 20px;margin-bottom: 20px;margin-left: 20px;\" id=\"elmet-1855165794\"><a href=\"https:\/\/www.facebook.com\/arrincuanantigua\/\" aria-label=\"cintillo-arrin-cual\"><img loading=\"lazy\" decoding=\"async\" src=\"https:\/\/elmetropolitano.com.gt\/es\/wp-content\/uploads\/2021\/11\/cintillo-arrin-cual-1.jpg\" alt=\"\"  srcset=\"https:\/\/elmetropolitano.com.gt\/es\/wp-content\/uploads\/2021\/11\/cintillo-arrin-cual-1.jpg 750w, https:\/\/elmetropolitano.com.gt\/es\/wp-content\/uploads\/2021\/11\/cintillo-arrin-cual-1-300x36.jpg 300w, https:\/\/elmetropolitano.com.gt\/es\/wp-content\/uploads\/2021\/11\/cintillo-arrin-cual-1-600x72.jpg 600w\" sizes=\"(max-width: 750px) 100vw, 750px\" width=\"750\" height=\"90\"   \/><\/a><\/div><\/div>\n\n\n\n<p>De la misma manera en la que dicho cambio horizontal fue anunciado, cuatro d\u00edas pasaron para que el portal oficial de autoridades del Ministerio de Econom\u00eda publicara la informaci\u00f3n de Sara Larios como nueva viceministra, quien recientemente ocupaba el cargo de Registradora de la Propiedad Intelectual, desde marzo de 2024.<\/p>\n\n\n\n<p>Seg\u00fan indica el Mineco, dentro de su cargo, se encuentran los siguientes registros: Registro del Mercado de Valores y Mercanc\u00edas; Registro Mercantil General de la Rep\u00fablica; de Propiedad Intelectual; de Garant\u00edas Mobiliarias; y de Prestadores de servicios de certificaci\u00f3n.<\/p>\n\n\n\n<p>La abogada y notaria, aparte de desempe\u00f1ar el puesto titular del Registro de Propiedad Intelectual, fue parte de la n\u00f3mina de 312 candidatos a la Corte de Apelaciones en septiembre de 2024.<\/p>\n\n\n\n<p>La funcionaria tambi\u00e9n ha ejercido en la Corte de Constitucionalidad como jefa de la Unidad de Jurisprudencia y Gaceta; y letrada de Magistratura.<\/p>\n\n\n\n<p>Su alma mater es la Universidad Francisco Marroqu\u00edn (UFM), y cuenta con una maestr\u00eda en Derecho Internacional de Georgetown University Law Center, al igual que una maestr\u00eda en Derecho Constitucional otorgado pro la Universidad Rafel Land\u00edvar (URL). <\/p>\n\n\n\n<p><a href=\"https:\/\/www.facebook.com\/hashtag\/elfinancierogt?__eep__=6&amp;__cft__[0]=AZWWx2DGPtLxrLk4QQeFcoSyOauGK-BADIQjawBsy6t8AkMlUtvCf_DHUScXnrbW1J6VTtMFksufDCTaU0qeeDcuDBWEB_EUw8OgJpMEej7pVtj8AzuV0n-5G4ANusO-5c_Aks2Tb2_o2wbfU9C_seWoxqm9Mycrupf4I0cK4BE8uBrJszQJ8tLSSbAGbj-TXlhAa8JmmWGclm7YdWGoh0Y1&amp;__tn__=*NK-y-R\">#elfinancierogt<\/a><\/p>\n\n\n\n<figure class=\"wp-block-gallery has-nested-images columns-default is-cropped wp-block-gallery-1 is-layout-flex wp-block-gallery-is-layout-flex\">\n<figure class=\"wp-block-image size-large\"><img loading=\"lazy\" decoding=\"async\" width=\"586\" height=\"960\" data-id=\"101124\" src=\"https:\/\/elmetropolitano.com.gt\/es\/wp-content\/uploads\/2025\/04\/490535893_122125614656661931_6094002277778611094_n-1.jpg\" alt=\"\" class=\"wp-image-101124\" srcset=\"https:\/\/elmetropolitano.com.gt\/es\/wp-content\/uploads\/2025\/04\/490535893_122125614656661931_6094002277778611094_n-1.jpg 586w, https:\/\/elmetropolitano.com.gt\/es\/wp-content\/uploads\/2025\/04\/490535893_122125614656661931_6094002277778611094_n-1-183x300.jpg 183w\" sizes=\"auto, (max-width: 586px) 100vw, 586px\" \/><\/figure>\n<\/figure>\n","protected":false},"excerpt":{"rendered":"<p>Tras varios cambios viceministeriales en la cartera de Econom\u00eda, encabezada por la renuncia de Antonio Romero, el pasado 31 de marzo, hasta el d\u00eda de hoy, martes 15 de abril, se ajustan las cinco cabezas viceministrales, con el ascenso de Sara Mar\u00eda Fernanda Larios Hern\u00e1ndez, como viceministra de Asuntos Registrales. Luego de la renuncia de <a class=\"read-more\" href=\"https:\/\/elmetropolitano.com.gt\/es\/sara-larios-asume-como-nueva-viceministra-de-asuntos-registgrales-del-ministerio-de-economia\/\">Leer m\u00e1s<\/a><\/p>\n","protected":false},"author":1,"featured_media":101123,"comment_status":"open","ping_status":"closed","sticky":false,"template":"","format":"standard","meta":{"footnotes":""},"categories":[2],"tags":[12],"class_list":["post-101122","post","type-post","status-publish","format-standard","has-post-thumbnail","hentry","category-nacionales","tag-nacionales"],"_links":{"self":[{"href":"https:\/\/elmetropolitano.com.gt\/es\/wp-json\/wp\/v2\/posts\/101122","targetHints":{"allow":["GET"]}}],"collection":[{"href":"https:\/\/elmetropolitano.com.gt\/es\/wp-json\/wp\/v2\/posts"}],"about":[{"href":"https:\/\/elmetropolitano.com.gt\/es\/wp-json\/wp\/v2\/types\/post"}],"author":[{"embeddable":true,"href":"https:\/\/elmetropolitano.com.gt\/es\/wp-json\/wp\/v2\/users\/1"}],"replies":[{"embeddable":true,"href":"https:\/\/elmetropolitano.com.gt\/es\/wp-json\/wp\/v2\/comments?post=101122"}],"version-history":[{"count":1,"href":"https:\/\/elmetropolitano.com.gt\/es\/wp-json\/wp\/v2\/posts\/101122\/revisions"}],"predecessor-version":[{"id":101125,"href":"https:\/\/elmetropolitano.com.gt\/es\/wp-json\/wp\/v2\/posts\/101122\/revisions\/101125"}],"wp:featuredmedia":[{"embeddable":true,"href":"https:\/\/elmetropolitano.com.gt\/es\/wp-json\/wp\/v2\/media\/101123"}],"wp:attachment":[{"href":"https:\/\/elmetropolitano.com.gt\/es\/wp-json\/wp\/v2\/media?parent=101122"}],"wp:term":[{"taxonomy":"category","embeddable":true,"href":"https:\/\/elmetropolitano.com.gt\/es\/wp-json\/wp\/v2\/categories?post=101122"},{"taxonomy":"post_tag","embeddable":true,"href":"https:\/\/elmetropolitano.com.gt\/es\/wp-json\/wp\/v2\/tags?post=101122"}],"curies":[{"name":"wp","href":"https:\/\/api.w.org\/{rel}","templated":true}]}}