{"id":101176,"date":"2025-04-17T12:32:17","date_gmt":"2025-04-17T18:32:17","guid":{"rendered":"https:\/\/elmetropolitano.com.gt\/es\/?p=101176"},"modified":"2025-04-17T12:32:17","modified_gmt":"2025-04-17T18:32:17","slug":"avanza-la-construccion-de-la-carretera-que-beneficiara-a-vecinos-de-baja-verapaz","status":"publish","type":"post","link":"https:\/\/elmetropolitano.com.gt\/es\/avanza-la-construccion-de-la-carretera-que-beneficiara-a-vecinos-de-baja-verapaz\/","title":{"rendered":"Avanza la construcci\u00f3n de la carretera que beneficiar\u00e1 a vecinos de Baja Verapaz"},"content":{"rendered":"\n<p>Con el objetivo de fortalecer la conectividad vial y mejorar la calidad de vida de miles de familias, avanzan los trabajos de construcci\u00f3n de la carretera RD-GUA-12, en el tramo que va desde la aldea San Bernardo hasta el puente La Canoa.<\/p>\n\n\n\n<p>Esta nueva v\u00eda ser\u00e1 de concreto asf\u00e1ltico y contar\u00e1 con una longitud de 5.50 kil\u00f3metros. Actualmente, las labores se concentran en el chapeo, destronque y corte <a><\/a>de talud para ampliar la secci\u00f3n de la carretera.<\/p><div class=\"elmet-contenido\" id=\"elmet-3025131138\"><div class=\"elmet-adlabel\">Anuncios<\/div><div style=\"margin-top: 20px;margin-right: 20px;margin-bottom: 20px;margin-left: 20px;\" id=\"elmet-4084737251\"><a href=\"https:\/\/www.facebook.com\/arrincuanantigua\/\" aria-label=\"cintillo-arrin-cual\"><img loading=\"lazy\" decoding=\"async\" src=\"https:\/\/elmetropolitano.com.gt\/es\/wp-content\/uploads\/2021\/11\/cintillo-arrin-cual-1.jpg\" alt=\"\"  srcset=\"https:\/\/elmetropolitano.com.gt\/es\/wp-content\/uploads\/2021\/11\/cintillo-arrin-cual-1.jpg 750w, https:\/\/elmetropolitano.com.gt\/es\/wp-content\/uploads\/2021\/11\/cintillo-arrin-cual-1-300x36.jpg 300w, https:\/\/elmetropolitano.com.gt\/es\/wp-content\/uploads\/2021\/11\/cintillo-arrin-cual-1-600x72.jpg 600w\" sizes=\"(max-width: 750px) 100vw, 750px\" width=\"750\" height=\"90\"   \/><\/a><\/div><\/div>\n\n\n\n<p>La obra beneficiar\u00e1 directamente a m\u00e1s de 38,700 personas, quienes contar\u00e1n con una ruta alterna m\u00e1s segura y eficiente dentro del departamento de Baja Verapaz.<\/p>\n\n\n\n<p>Esta carretera facilitar\u00e1 el acceso a servicios b\u00e1sicos como salud, educaci\u00f3n y comercio, adem\u00e1s de impulsar la generaci\u00f3n de empleo y nuevas oportunidades econ\u00f3micas para la regi\u00f3n.<\/p>\n\n\n\n<p>La zona destaca por su producci\u00f3n agr\u00edcola, especialmente de frijol, ma\u00edz, rosa de Jamaica, loroco y tamarindo, productos que tendr\u00e1n una mejor salida hacia los mercados gracias a esta infraestructura.<\/p>\n\n\n\n<p>Juan Dom\u00ednguez, vecino del lugar, afirm\u00f3: \u00abLa carretera la ven\u00edamos solicitando desde hace muchos a\u00f1os, ya que es de importancia para llegar hasta Las Verapaces, sin duda, es una gran oportunidad para todos los habitantes del lugar\u00bb.<\/p>\n\n\n\n<p>Con esta obra, se reafirma el compromiso del gobierno de Bernardo Ar\u00e9valo con el desarrollo integral de las comunidades rurales, dando prioridad al crecimiento integral de las familias, sin olvidar que el pueblo digno es primero.<\/p>\n\n\n\n<p><a href=\"https:\/\/www.facebook.com\/hashtag\/civ?__eep__=6&amp;__cft__[0]=AZUPIt18OO7gPXyrlp7jps6U6tIhlknieA9FdhFEnTVTSqzZlakGrwbUnQtvYCV3V_q8nkQMqo1tDsRWSi-NHiMQsAYYfqLUVd5z-niqugDHySX3nv0hGIX8hRYwia-IiQd3sMqdeD_qttIwJK6snzErojsSnW81k8nUWjh6gXwmcg1BMMrQgekeQNghbHQ1OUH_-A85cZXo0GpjHpQx8lj2&amp;__tn__=*NK-R\">#Civ<\/a><a href=\"https:\/\/www.facebook.com\/hashtag\/infraestructuravial?__eep__=6&amp;__cft__[0]=AZUPIt18OO7gPXyrlp7jps6U6tIhlknieA9FdhFEnTVTSqzZlakGrwbUnQtvYCV3V_q8nkQMqo1tDsRWSi-NHiMQsAYYfqLUVd5z-niqugDHySX3nv0hGIX8hRYwia-IiQd3sMqdeD_qttIwJK6snzErojsSnW81k8nUWjh6gXwmcg1BMMrQgekeQNghbHQ1OUH_-A85cZXo0GpjHpQx8lj2&amp;__tn__=*NK-R\">#InfraestructuraVial<\/a><a href=\"https:\/\/www.facebook.com\/hashtag\/metroredes?__eep__=6&amp;__cft__[0]=AZUPIt18OO7gPXyrlp7jps6U6tIhlknieA9FdhFEnTVTSqzZlakGrwbUnQtvYCV3V_q8nkQMqo1tDsRWSi-NHiMQsAYYfqLUVd5z-niqugDHySX3nv0hGIX8hRYwia-IiQd3sMqdeD_qttIwJK6snzErojsSnW81k8nUWjh6gXwmcg1BMMrQgekeQNghbHQ1OUH_-A85cZXo0GpjHpQx8lj2&amp;__tn__=*NK-R\">#Metroredes<\/a><a href=\"https:\/\/www.facebook.com\/hashtag\/bajaverapaz?__eep__=6&amp;__cft__[0]=AZUPIt18OO7gPXyrlp7jps6U6tIhlknieA9FdhFEnTVTSqzZlakGrwbUnQtvYCV3V_q8nkQMqo1tDsRWSi-NHiMQsAYYfqLUVd5z-niqugDHySX3nv0hGIX8hRYwia-IiQd3sMqdeD_qttIwJK6snzErojsSnW81k8nUWjh6gXwmcg1BMMrQgekeQNghbHQ1OUH_-A85cZXo0GpjHpQx8lj2&amp;__tn__=*NK-R\">#BajaVerapaz<\/a><a href=\"https:\/\/www.facebook.com\/hashtag\/fondosocialdesolidaridad?__eep__=6&amp;__cft__[0]=AZUPIt18OO7gPXyrlp7jps6U6tIhlknieA9FdhFEnTVTSqzZlakGrwbUnQtvYCV3V_q8nkQMqo1tDsRWSi-NHiMQsAYYfqLUVd5z-niqugDHySX3nv0hGIX8hRYwia-IiQd3sMqdeD_qttIwJK6snzErojsSnW81k8nUWjh6gXwmcg1BMMrQgekeQNghbHQ1OUH_-A85cZXo0GpjHpQx8lj2&amp;__tn__=*NK-R\">#FondoSocialDeSolidaridad<\/a><\/p>\n\n\n\n<figure class=\"wp-block-gallery has-nested-images columns-default is-cropped wp-block-gallery-1 is-layout-flex wp-block-gallery-is-layout-flex\">\n<figure class=\"wp-block-image size-large\"><img loading=\"lazy\" decoding=\"async\" width=\"190\" height=\"142\" data-id=\"101178\" src=\"https:\/\/elmetropolitano.com.gt\/es\/wp-content\/uploads\/2025\/04\/489918192_1200361328756615_5284203974758681406_n.jpg\" alt=\"\" class=\"wp-image-101178\"\/><\/figure>\n\n\n\n<figure class=\"wp-block-image size-large\"><img loading=\"lazy\" decoding=\"async\" width=\"190\" height=\"142\" data-id=\"101179\" src=\"https:\/\/elmetropolitano.com.gt\/es\/wp-content\/uploads\/2025\/04\/490511225_1200361318756616_4887321842549398486_n.jpg\" alt=\"\" class=\"wp-image-101179\"\/><\/figure>\n\n\n\n<figure class=\"wp-block-image size-large\"><img loading=\"lazy\" decoding=\"async\" width=\"190\" height=\"142\" data-id=\"101180\" src=\"https:\/\/elmetropolitano.com.gt\/es\/wp-content\/uploads\/2025\/04\/490569359_1200361268756621_699857289034516241_n.jpg\" alt=\"\" class=\"wp-image-101180\"\/><\/figure>\n\n\n\n<figure class=\"wp-block-image size-large\"><img loading=\"lazy\" decoding=\"async\" width=\"800\" height=\"500\" data-id=\"101181\" src=\"https:\/\/elmetropolitano.com.gt\/es\/wp-content\/uploads\/2025\/04\/492006450_1200361265423288_985775446612725146_n-1.jpg\" alt=\"\" class=\"wp-image-101181\" srcset=\"https:\/\/elmetropolitano.com.gt\/es\/wp-content\/uploads\/2025\/04\/492006450_1200361265423288_985775446612725146_n-1.jpg 800w, https:\/\/elmetropolitano.com.gt\/es\/wp-content\/uploads\/2025\/04\/492006450_1200361265423288_985775446612725146_n-1-300x188.jpg 300w, https:\/\/elmetropolitano.com.gt\/es\/wp-content\/uploads\/2025\/04\/492006450_1200361265423288_985775446612725146_n-1-768x480.jpg 768w\" sizes=\"auto, (max-width: 800px) 100vw, 800px\" \/><\/figure>\n<\/figure>\n","protected":false},"excerpt":{"rendered":"<p>Con el objetivo de fortalecer la conectividad vial y mejorar la calidad de vida de miles de familias, avanzan los trabajos de construcci\u00f3n de la carretera RD-GUA-12, en el tramo que va desde la aldea San Bernardo hasta el puente La Canoa. Esta nueva v\u00eda ser\u00e1 de concreto asf\u00e1ltico y contar\u00e1 con una longitud de <a class=\"read-more\" href=\"https:\/\/elmetropolitano.com.gt\/es\/avanza-la-construccion-de-la-carretera-que-beneficiara-a-vecinos-de-baja-verapaz\/\">Leer m\u00e1s<\/a><\/p>\n","protected":false},"author":1,"featured_media":101177,"comment_status":"open","ping_status":"closed","sticky":false,"template":"","format":"standard","meta":{"footnotes":""},"categories":[4],"tags":[13],"class_list":["post-101176","post","type-post","status-publish","format-standard","has-post-thumbnail","hentry","category-departamentales","tag-departamentales"],"_links":{"self":[{"href":"https:\/\/elmetropolitano.com.gt\/es\/wp-json\/wp\/v2\/posts\/101176","targetHints":{"allow":["GET"]}}],"collection":[{"href":"https:\/\/elmetropolitano.com.gt\/es\/wp-json\/wp\/v2\/posts"}],"about":[{"href":"https:\/\/elmetropolitano.com.gt\/es\/wp-json\/wp\/v2\/types\/post"}],"author":[{"embeddable":true,"href":"https:\/\/elmetropolitano.com.gt\/es\/wp-json\/wp\/v2\/users\/1"}],"replies":[{"embeddable":true,"href":"https:\/\/elmetropolitano.com.gt\/es\/wp-json\/wp\/v2\/comments?post=101176"}],"version-history":[{"count":1,"href":"https:\/\/elmetropolitano.com.gt\/es\/wp-json\/wp\/v2\/posts\/101176\/revisions"}],"predecessor-version":[{"id":101182,"href":"https:\/\/elmetropolitano.com.gt\/es\/wp-json\/wp\/v2\/posts\/101176\/revisions\/101182"}],"wp:featuredmedia":[{"embeddable":true,"href":"https:\/\/elmetropolitano.com.gt\/es\/wp-json\/wp\/v2\/media\/101177"}],"wp:attachment":[{"href":"https:\/\/elmetropolitano.com.gt\/es\/wp-json\/wp\/v2\/media?parent=101176"}],"wp:term":[{"taxonomy":"category","embeddable":true,"href":"https:\/\/elmetropolitano.com.gt\/es\/wp-json\/wp\/v2\/categories?post=101176"},{"taxonomy":"post_tag","embeddable":true,"href":"https:\/\/elmetropolitano.com.gt\/es\/wp-json\/wp\/v2\/tags?post=101176"}],"curies":[{"name":"wp","href":"https:\/\/api.w.org\/{rel}","templated":true}]}}