{"id":101183,"date":"2025-04-17T12:35:25","date_gmt":"2025-04-17T18:35:25","guid":{"rendered":"https:\/\/elmetropolitano.com.gt\/es\/?p=101183"},"modified":"2025-04-17T12:35:26","modified_gmt":"2025-04-17T18:35:26","slug":"tiembla-en-el-pacifico","status":"publish","type":"post","link":"https:\/\/elmetropolitano.com.gt\/es\/tiembla-en-el-pacifico\/","title":{"rendered":"Tiembla en el Pac\u00edfico"},"content":{"rendered":"\n<p><a href=\"https:\/\/www.facebook.com\/hashtag\/temblorgt?__eep__=6&amp;__cft__[0]=AZVoT59msjsGetlcU8M316ZCIEB3Xh-o1A6XeU52GD70IHKNl7nfcDFh5gahpVTjzMdp4ErBOiBEHcOwMobYOE0dtYlKy2eEH8fytNTNC7ELmYA8_kJMH8YoKuxdpKbnKyI8dqg-oKQRiakPLOgM3PubhrJ8DdDMAHSFacykjPhcc9jyMR_j6AUgYcAPFBaTU8AqFvXUq6icTqzyUHZoiFmw&amp;__tn__=*NK-R\">#TemblorGT<\/a><\/p>\n\n\n\n<p>Un sismo de una magnitud de 4.3 ocurri\u00f3 esta ma\u00f1ana con epicentro en el oc\u00e9ano Pac\u00edfico y fue sensible en Jutiapa, Cuilapa Santa Rosa y Chiquimula ni se reportan da\u00f1os materiales<\/p><div class=\"elmet-contenido\" id=\"elmet-3281338842\"><div class=\"elmet-adlabel\">Anuncios<\/div><div style=\"margin-top: 20px;margin-right: 20px;margin-bottom: 20px;margin-left: 20px;\" id=\"elmet-3698225059\"><a href=\"https:\/\/www.facebook.com\/arrincuanantigua\/\" aria-label=\"cintillo-arrin-cual\"><img loading=\"lazy\" decoding=\"async\" src=\"https:\/\/elmetropolitano.com.gt\/es\/wp-content\/uploads\/2021\/11\/cintillo-arrin-cual-1.jpg\" alt=\"\"  srcset=\"https:\/\/elmetropolitano.com.gt\/es\/wp-content\/uploads\/2021\/11\/cintillo-arrin-cual-1.jpg 750w, https:\/\/elmetropolitano.com.gt\/es\/wp-content\/uploads\/2021\/11\/cintillo-arrin-cual-1-300x36.jpg 300w, https:\/\/elmetropolitano.com.gt\/es\/wp-content\/uploads\/2021\/11\/cintillo-arrin-cual-1-600x72.jpg 600w\" sizes=\"(max-width: 750px) 100vw, 750px\" width=\"750\" height=\"90\"   \/><\/a><\/div><\/div>\n\n\n\n<figure class=\"wp-block-gallery has-nested-images columns-default is-cropped wp-block-gallery-1 is-layout-flex wp-block-gallery-is-layout-flex\">\n<figure class=\"wp-block-image size-large\"><img loading=\"lazy\" decoding=\"async\" width=\"791\" height=\"1024\" data-id=\"101185\" src=\"https:\/\/elmetropolitano.com.gt\/es\/wp-content\/uploads\/2025\/04\/491216675_1200400712086010_7471045935866519231_n-1-791x1024.jpg\" alt=\"\" class=\"wp-image-101185\" srcset=\"https:\/\/elmetropolitano.com.gt\/es\/wp-content\/uploads\/2025\/04\/491216675_1200400712086010_7471045935866519231_n-1-791x1024.jpg 791w, https:\/\/elmetropolitano.com.gt\/es\/wp-content\/uploads\/2025\/04\/491216675_1200400712086010_7471045935866519231_n-1-232x300.jpg 232w, https:\/\/elmetropolitano.com.gt\/es\/wp-content\/uploads\/2025\/04\/491216675_1200400712086010_7471045935866519231_n-1-768x994.jpg 768w, https:\/\/elmetropolitano.com.gt\/es\/wp-content\/uploads\/2025\/04\/491216675_1200400712086010_7471045935866519231_n-1-1187x1536.jpg 1187w, https:\/\/elmetropolitano.com.gt\/es\/wp-content\/uploads\/2025\/04\/491216675_1200400712086010_7471045935866519231_n-1.jpg 1582w\" sizes=\"auto, (max-width: 791px) 100vw, 791px\" \/><\/figure>\n<\/figure>\n","protected":false},"excerpt":{"rendered":"<p>#TemblorGT Un sismo de una magnitud de 4.3 ocurri\u00f3 esta ma\u00f1ana con epicentro en el oc\u00e9ano Pac\u00edfico y fue sensible en Jutiapa, Cuilapa Santa Rosa y Chiquimula ni se reportan da\u00f1os materiales<\/p>\n","protected":false},"author":1,"featured_media":101184,"comment_status":"open","ping_status":"closed","sticky":false,"template":"","format":"standard","meta":{"footnotes":""},"categories":[4],"tags":[13],"class_list":["post-101183","post","type-post","status-publish","format-standard","has-post-thumbnail","hentry","category-departamentales","tag-departamentales"],"_links":{"self":[{"href":"https:\/\/elmetropolitano.com.gt\/es\/wp-json\/wp\/v2\/posts\/101183","targetHints":{"allow":["GET"]}}],"collection":[{"href":"https:\/\/elmetropolitano.com.gt\/es\/wp-json\/wp\/v2\/posts"}],"about":[{"href":"https:\/\/elmetropolitano.com.gt\/es\/wp-json\/wp\/v2\/types\/post"}],"author":[{"embeddable":true,"href":"https:\/\/elmetropolitano.com.gt\/es\/wp-json\/wp\/v2\/users\/1"}],"replies":[{"embeddable":true,"href":"https:\/\/elmetropolitano.com.gt\/es\/wp-json\/wp\/v2\/comments?post=101183"}],"version-history":[{"count":1,"href":"https:\/\/elmetropolitano.com.gt\/es\/wp-json\/wp\/v2\/posts\/101183\/revisions"}],"predecessor-version":[{"id":101186,"href":"https:\/\/elmetropolitano.com.gt\/es\/wp-json\/wp\/v2\/posts\/101183\/revisions\/101186"}],"wp:featuredmedia":[{"embeddable":true,"href":"https:\/\/elmetropolitano.com.gt\/es\/wp-json\/wp\/v2\/media\/101184"}],"wp:attachment":[{"href":"https:\/\/elmetropolitano.com.gt\/es\/wp-json\/wp\/v2\/media?parent=101183"}],"wp:term":[{"taxonomy":"category","embeddable":true,"href":"https:\/\/elmetropolitano.com.gt\/es\/wp-json\/wp\/v2\/categories?post=101183"},{"taxonomy":"post_tag","embeddable":true,"href":"https:\/\/elmetropolitano.com.gt\/es\/wp-json\/wp\/v2\/tags?post=101183"}],"curies":[{"name":"wp","href":"https:\/\/api.w.org\/{rel}","templated":true}]}}