{"id":101201,"date":"2025-04-18T10:19:34","date_gmt":"2025-04-18T16:19:34","guid":{"rendered":"https:\/\/elmetropolitano.com.gt\/es\/?p=101201"},"modified":"2025-04-18T10:19:35","modified_gmt":"2025-04-18T16:19:35","slug":"la-semana-santa-se-vive-en-mixco","status":"publish","type":"post","link":"https:\/\/elmetropolitano.com.gt\/es\/la-semana-santa-se-vive-en-mixco\/","title":{"rendered":"La Semana Santa se vive en Mixco"},"content":{"rendered":"\n<p>La tradici\u00f3n el Fervor y la Fe de los misque\u00f1os se pone de manifiesto por las principales calles de este municipio, encabezadas y bien representadas por el alcalde Neto Bran.<\/p>\n\n\n\n<p>El Nazareno Protector Perpetuo de Mixco, sali\u00f3 a recorrer las calles de la Ciudad de Mixco, las cuales estuvieron abarrotadas por los miles de fieles cat\u00f3licos que al presenciar su sol me paso, presentaron sus plegarias al Dios todo poderoso.<\/p><div class=\"elmet-contenido\" id=\"elmet-1215285775\"><div class=\"elmet-adlabel\">Anuncios<\/div><div style=\"margin-top: 20px;margin-right: 20px;margin-bottom: 20px;margin-left: 20px;\" id=\"elmet-3229873845\"><a href=\"https:\/\/www.facebook.com\/arrincuanantigua\/\" aria-label=\"cintillo-arrin-cual\"><img loading=\"lazy\" decoding=\"async\" src=\"https:\/\/elmetropolitano.com.gt\/es\/wp-content\/uploads\/2021\/11\/cintillo-arrin-cual-1.jpg\" alt=\"\"  srcset=\"https:\/\/elmetropolitano.com.gt\/es\/wp-content\/uploads\/2021\/11\/cintillo-arrin-cual-1.jpg 750w, https:\/\/elmetropolitano.com.gt\/es\/wp-content\/uploads\/2021\/11\/cintillo-arrin-cual-1-300x36.jpg 300w, https:\/\/elmetropolitano.com.gt\/es\/wp-content\/uploads\/2021\/11\/cintillo-arrin-cual-1-600x72.jpg 600w\" sizes=\"(max-width: 750px) 100vw, 750px\" width=\"750\" height=\"90\"   \/><\/a><\/div><\/div>\n\n\n\n<p>Este <a><\/a>tradicional y majestuoso cortejo prosecional, conto con la participaci\u00f3n de miles de devotos cargadores y uno m\u00e1s de estos devotos cargadores fue el alcalde de los misque\u00f1os, quien como fiel creyente se enfunda en un traje de Soldado pretoriano Romano, dando un especial realce a la tradicion guatemalteca de llevar en hombros y acompa\u00f1ar el trayecto procesional de este Nazareno de los misque\u00f1os.<\/p>\n\n\n\n<p>No cabe duda de que la Seman Sabta de Guatemala, es \u00fanica en el mundo pues en el caso de Neto Bran, el alcalde de Mixco, es uno m\u00e1s que vive y participa de las tradiciones de Fe, siendo uno m\u00e1s de los Guatemaltecos que vive su fervor y devoci\u00f3n cat\u00f3lica en la Tierra de Los Campeones.<\/p>\n\n\n\n<p>El municipio de Mixco, es uno de los lugares mas emblem\u00e1tico emblem\u00e1ticos de toda Guatemala, donde se viven las tradiciones de la Seman Mayor de la Cuaresma Cat\u00f3lica, pues los cortejos procesionales, no se limitan a un solo d\u00eda, ya que el Viernes Santo, tambi\u00e9n se vive intensamente con el recorrido de la procesi\u00f3n del Sabto Entierro del Cristo llasente de esta Cabecera Municipal.<\/p>\n\n\n\n<p>Texto: Oscar Estuardo Villalobos Roca<\/p>\n\n\n\n<p><a href=\"https:\/\/www.facebook.com\/hashtag\/semanasanta?__eep__=6&amp;__cft__[0]=AZW4-GtvWDgibPLioD4saoyM-e9DSuhBNkKL-WOiOyruFY7rSuQlXZIEShEZD9OReubEFEdigfztfDzBSAzDMKBPZDtTeLs5mBY9aHYSq6dFxH_CKERVuFEhVCfQk11d8PJqlcMGWNjvDVLRWda17zxJdOOWqRgS-qXDKxiD6f1ze6N9ksu9NhkQ-g8XBn3FxVGfvTCwDy9QJW6czosSTfSp&amp;__tn__=*NK-R\">#SemanaSanta<\/a><a href=\"https:\/\/www.facebook.com\/hashtag\/mixco?__eep__=6&amp;__cft__[0]=AZW4-GtvWDgibPLioD4saoyM-e9DSuhBNkKL-WOiOyruFY7rSuQlXZIEShEZD9OReubEFEdigfztfDzBSAzDMKBPZDtTeLs5mBY9aHYSq6dFxH_CKERVuFEhVCfQk11d8PJqlcMGWNjvDVLRWda17zxJdOOWqRgS-qXDKxiD6f1ze6N9ksu9NhkQ-g8XBn3FxVGfvTCwDy9QJW6czosSTfSp&amp;__tn__=*NK-R\">#Mixco<\/a><\/p>\n\n\n\n<figure class=\"wp-block-gallery has-nested-images columns-default is-cropped wp-block-gallery-1 is-layout-flex wp-block-gallery-is-layout-flex\">\n<figure class=\"wp-block-image size-large\"><img loading=\"lazy\" decoding=\"async\" width=\"768\" height=\"1024\" data-id=\"101204\" src=\"https:\/\/elmetropolitano.com.gt\/es\/wp-content\/uploads\/2025\/04\/488343972_1201162808676467_7696954404871092654_n-768x1024.jpg\" alt=\"\" class=\"wp-image-101204\" srcset=\"https:\/\/elmetropolitano.com.gt\/es\/wp-content\/uploads\/2025\/04\/488343972_1201162808676467_7696954404871092654_n-768x1024.jpg 768w, https:\/\/elmetropolitano.com.gt\/es\/wp-content\/uploads\/2025\/04\/488343972_1201162808676467_7696954404871092654_n-225x300.jpg 225w, https:\/\/elmetropolitano.com.gt\/es\/wp-content\/uploads\/2025\/04\/488343972_1201162808676467_7696954404871092654_n-1152x1536.jpg 1152w, https:\/\/elmetropolitano.com.gt\/es\/wp-content\/uploads\/2025\/04\/488343972_1201162808676467_7696954404871092654_n.jpg 1200w\" sizes=\"auto, (max-width: 768px) 100vw, 768px\" \/><\/figure>\n\n\n\n<figure class=\"wp-block-image size-large\"><img loading=\"lazy\" decoding=\"async\" width=\"1024\" height=\"784\" data-id=\"101208\" src=\"https:\/\/elmetropolitano.com.gt\/es\/wp-content\/uploads\/2025\/04\/490396136_1201162922009789_2438165714547406900_n-1024x784.jpg\" alt=\"\" class=\"wp-image-101208\" srcset=\"https:\/\/elmetropolitano.com.gt\/es\/wp-content\/uploads\/2025\/04\/490396136_1201162922009789_2438165714547406900_n-1024x784.jpg 1024w, https:\/\/elmetropolitano.com.gt\/es\/wp-content\/uploads\/2025\/04\/490396136_1201162922009789_2438165714547406900_n-300x230.jpg 300w, https:\/\/elmetropolitano.com.gt\/es\/wp-content\/uploads\/2025\/04\/490396136_1201162922009789_2438165714547406900_n-768x588.jpg 768w, https:\/\/elmetropolitano.com.gt\/es\/wp-content\/uploads\/2025\/04\/490396136_1201162922009789_2438165714547406900_n.jpg 1500w\" sizes=\"auto, (max-width: 1024px) 100vw, 1024px\" \/><\/figure>\n\n\n\n<figure class=\"wp-block-image size-large\"><img loading=\"lazy\" decoding=\"async\" width=\"768\" height=\"1024\" data-id=\"101207\" src=\"https:\/\/elmetropolitano.com.gt\/es\/wp-content\/uploads\/2025\/04\/490411487_1201163365343078_1929653214096816267_n-768x1024.jpg\" alt=\"\" class=\"wp-image-101207\" srcset=\"https:\/\/elmetropolitano.com.gt\/es\/wp-content\/uploads\/2025\/04\/490411487_1201163365343078_1929653214096816267_n-768x1024.jpg 768w, https:\/\/elmetropolitano.com.gt\/es\/wp-content\/uploads\/2025\/04\/490411487_1201163365343078_1929653214096816267_n-225x300.jpg 225w, https:\/\/elmetropolitano.com.gt\/es\/wp-content\/uploads\/2025\/04\/490411487_1201163365343078_1929653214096816267_n-1152x1536.jpg 1152w, https:\/\/elmetropolitano.com.gt\/es\/wp-content\/uploads\/2025\/04\/490411487_1201163365343078_1929653214096816267_n.jpg 1200w\" sizes=\"auto, (max-width: 768px) 100vw, 768px\" \/><\/figure>\n\n\n\n<figure class=\"wp-block-image size-large\"><img loading=\"lazy\" decoding=\"async\" width=\"768\" height=\"1024\" data-id=\"101210\" src=\"https:\/\/elmetropolitano.com.gt\/es\/wp-content\/uploads\/2025\/04\/490530258_1201162805343134_7586550708431379716_n-768x1024.jpg\" alt=\"\" class=\"wp-image-101210\" srcset=\"https:\/\/elmetropolitano.com.gt\/es\/wp-content\/uploads\/2025\/04\/490530258_1201162805343134_7586550708431379716_n-768x1024.jpg 768w, https:\/\/elmetropolitano.com.gt\/es\/wp-content\/uploads\/2025\/04\/490530258_1201162805343134_7586550708431379716_n-225x300.jpg 225w, https:\/\/elmetropolitano.com.gt\/es\/wp-content\/uploads\/2025\/04\/490530258_1201162805343134_7586550708431379716_n-1152x1536.jpg 1152w, https:\/\/elmetropolitano.com.gt\/es\/wp-content\/uploads\/2025\/04\/490530258_1201162805343134_7586550708431379716_n.jpg 1200w\" sizes=\"auto, (max-width: 768px) 100vw, 768px\" \/><\/figure>\n\n\n\n<figure class=\"wp-block-image size-large\"><img loading=\"lazy\" decoding=\"async\" width=\"1024\" height=\"1015\" data-id=\"101209\" src=\"https:\/\/elmetropolitano.com.gt\/es\/wp-content\/uploads\/2025\/04\/490979524_1201163395343075_1806663354540743170_n-1024x1015.jpg\" alt=\"\" class=\"wp-image-101209\" srcset=\"https:\/\/elmetropolitano.com.gt\/es\/wp-content\/uploads\/2025\/04\/490979524_1201163395343075_1806663354540743170_n-1024x1015.jpg 1024w, https:\/\/elmetropolitano.com.gt\/es\/wp-content\/uploads\/2025\/04\/490979524_1201163395343075_1806663354540743170_n-300x297.jpg 300w, https:\/\/elmetropolitano.com.gt\/es\/wp-content\/uploads\/2025\/04\/490979524_1201163395343075_1806663354540743170_n-150x150.jpg 150w, https:\/\/elmetropolitano.com.gt\/es\/wp-content\/uploads\/2025\/04\/490979524_1201163395343075_1806663354540743170_n-768x761.jpg 768w, https:\/\/elmetropolitano.com.gt\/es\/wp-content\/uploads\/2025\/04\/490979524_1201163395343075_1806663354540743170_n.jpg 1500w\" sizes=\"auto, (max-width: 1024px) 100vw, 1024px\" \/><\/figure>\n\n\n\n<figure class=\"wp-block-image size-large\"><img loading=\"lazy\" decoding=\"async\" width=\"924\" height=\"1024\" data-id=\"101205\" src=\"https:\/\/elmetropolitano.com.gt\/es\/wp-content\/uploads\/2025\/04\/491295618_1201162902009791_6722290818850650891_n-924x1024.jpg\" alt=\"\" class=\"wp-image-101205\" srcset=\"https:\/\/elmetropolitano.com.gt\/es\/wp-content\/uploads\/2025\/04\/491295618_1201162902009791_6722290818850650891_n-924x1024.jpg 924w, https:\/\/elmetropolitano.com.gt\/es\/wp-content\/uploads\/2025\/04\/491295618_1201162902009791_6722290818850650891_n-271x300.jpg 271w, https:\/\/elmetropolitano.com.gt\/es\/wp-content\/uploads\/2025\/04\/491295618_1201162902009791_6722290818850650891_n-768x851.jpg 768w, https:\/\/elmetropolitano.com.gt\/es\/wp-content\/uploads\/2025\/04\/491295618_1201162902009791_6722290818850650891_n-1386x1536.jpg 1386w, https:\/\/elmetropolitano.com.gt\/es\/wp-content\/uploads\/2025\/04\/491295618_1201162902009791_6722290818850650891_n.jpg 1444w\" sizes=\"auto, (max-width: 924px) 100vw, 924px\" \/><\/figure>\n\n\n\n<figure class=\"wp-block-image size-large\"><img loading=\"lazy\" decoding=\"async\" width=\"768\" height=\"1024\" data-id=\"101203\" src=\"https:\/\/elmetropolitano.com.gt\/es\/wp-content\/uploads\/2025\/04\/491331661_1201163352009746_7310314494774227756_n-768x1024.jpg\" alt=\"\" class=\"wp-image-101203\" srcset=\"https:\/\/elmetropolitano.com.gt\/es\/wp-content\/uploads\/2025\/04\/491331661_1201163352009746_7310314494774227756_n-768x1024.jpg 768w, https:\/\/elmetropolitano.com.gt\/es\/wp-content\/uploads\/2025\/04\/491331661_1201163352009746_7310314494774227756_n-225x300.jpg 225w, https:\/\/elmetropolitano.com.gt\/es\/wp-content\/uploads\/2025\/04\/491331661_1201163352009746_7310314494774227756_n-1152x1536.jpg 1152w, https:\/\/elmetropolitano.com.gt\/es\/wp-content\/uploads\/2025\/04\/491331661_1201163352009746_7310314494774227756_n.jpg 1200w\" sizes=\"auto, (max-width: 768px) 100vw, 768px\" \/><\/figure>\n\n\n\n<figure class=\"wp-block-image size-large\"><img loading=\"lazy\" decoding=\"async\" width=\"768\" height=\"1024\" data-id=\"101206\" src=\"https:\/\/elmetropolitano.com.gt\/es\/wp-content\/uploads\/2025\/04\/491794448_1201162828676465_2535337705116375644_n-1-768x1024.jpg\" alt=\"\" class=\"wp-image-101206\" srcset=\"https:\/\/elmetropolitano.com.gt\/es\/wp-content\/uploads\/2025\/04\/491794448_1201162828676465_2535337705116375644_n-1-768x1024.jpg 768w, https:\/\/elmetropolitano.com.gt\/es\/wp-content\/uploads\/2025\/04\/491794448_1201162828676465_2535337705116375644_n-1-225x300.jpg 225w, https:\/\/elmetropolitano.com.gt\/es\/wp-content\/uploads\/2025\/04\/491794448_1201162828676465_2535337705116375644_n-1-1152x1536.jpg 1152w, https:\/\/elmetropolitano.com.gt\/es\/wp-content\/uploads\/2025\/04\/491794448_1201162828676465_2535337705116375644_n-1.jpg 1200w\" sizes=\"auto, (max-width: 768px) 100vw, 768px\" \/><\/figure>\n<\/figure>\n","protected":false},"excerpt":{"rendered":"<p>La tradici\u00f3n el Fervor y la Fe de los misque\u00f1os se pone de manifiesto por las principales calles de este municipio, encabezadas y bien representadas por el alcalde Neto Bran. El Nazareno Protector Perpetuo de Mixco, sali\u00f3 a recorrer las calles de la Ciudad de Mixco, las cuales estuvieron abarrotadas por los miles de fieles <a class=\"read-more\" href=\"https:\/\/elmetropolitano.com.gt\/es\/la-semana-santa-se-vive-en-mixco\/\">Leer m\u00e1s<\/a><\/p>\n","protected":false},"author":1,"featured_media":101202,"comment_status":"open","ping_status":"closed","sticky":false,"template":"","format":"standard","meta":{"footnotes":""},"categories":[2],"tags":[12],"class_list":["post-101201","post","type-post","status-publish","format-standard","has-post-thumbnail","hentry","category-nacionales","tag-nacionales"],"_links":{"self":[{"href":"https:\/\/elmetropolitano.com.gt\/es\/wp-json\/wp\/v2\/posts\/101201","targetHints":{"allow":["GET"]}}],"collection":[{"href":"https:\/\/elmetropolitano.com.gt\/es\/wp-json\/wp\/v2\/posts"}],"about":[{"href":"https:\/\/elmetropolitano.com.gt\/es\/wp-json\/wp\/v2\/types\/post"}],"author":[{"embeddable":true,"href":"https:\/\/elmetropolitano.com.gt\/es\/wp-json\/wp\/v2\/users\/1"}],"replies":[{"embeddable":true,"href":"https:\/\/elmetropolitano.com.gt\/es\/wp-json\/wp\/v2\/comments?post=101201"}],"version-history":[{"count":1,"href":"https:\/\/elmetropolitano.com.gt\/es\/wp-json\/wp\/v2\/posts\/101201\/revisions"}],"predecessor-version":[{"id":101211,"href":"https:\/\/elmetropolitano.com.gt\/es\/wp-json\/wp\/v2\/posts\/101201\/revisions\/101211"}],"wp:featuredmedia":[{"embeddable":true,"href":"https:\/\/elmetropolitano.com.gt\/es\/wp-json\/wp\/v2\/media\/101202"}],"wp:attachment":[{"href":"https:\/\/elmetropolitano.com.gt\/es\/wp-json\/wp\/v2\/media?parent=101201"}],"wp:term":[{"taxonomy":"category","embeddable":true,"href":"https:\/\/elmetropolitano.com.gt\/es\/wp-json\/wp\/v2\/categories?post=101201"},{"taxonomy":"post_tag","embeddable":true,"href":"https:\/\/elmetropolitano.com.gt\/es\/wp-json\/wp\/v2\/tags?post=101201"}],"curies":[{"name":"wp","href":"https:\/\/api.w.org\/{rel}","templated":true}]}}