{"id":101219,"date":"2025-04-18T10:51:31","date_gmt":"2025-04-18T16:51:31","guid":{"rendered":"https:\/\/elmetropolitano.com.gt\/es\/?p=101219"},"modified":"2025-04-18T10:51:32","modified_gmt":"2025-04-18T16:51:32","slug":"la-demencia-digital-no-nos-amenaza-la-tecnologia-podria-ser-tan-mala-para-el-cerebro-como-se-pensaba","status":"publish","type":"post","link":"https:\/\/elmetropolitano.com.gt\/es\/la-demencia-digital-no-nos-amenaza-la-tecnologia-podria-ser-tan-mala-para-el-cerebro-como-se-pensaba\/","title":{"rendered":"\u00bfLa demencia digital no nos amenaza? La tecnolog\u00eda podr\u00eda ser tan mala para el cerebro como se pensaba"},"content":{"rendered":"\n<p>Los adultos mayores que utilizan frecuentemente tecnolog\u00edas digitales podr\u00edan tener menos posibilidades de sufrir deterioro cognitivo a medida que envejecen, informa la Universidad de Baylor, EE.UU.<\/p>\n\n\n\n<p>Actualmente existen ciertas preocupaciones por la denominada \u00abdemencia digital\u00bb, una hip\u00f3tesis que sostiene que la exposici\u00f3n a las tecnolog\u00edas digitales a lo largo de la vida podr\u00eda deteriorar nuestras capacidades cognitivas en la vejez.<\/p><div class=\"elmet-contenido\" id=\"elmet-4163996381\"><div class=\"elmet-adlabel\">Anuncios<\/div><div style=\"margin-top: 20px;margin-right: 20px;margin-bottom: 20px;margin-left: 20px;\" id=\"elmet-22405312\"><a href=\"https:\/\/www.facebook.com\/arrincuanantigua\/\" aria-label=\"cintillo-arrin-cual\"><img loading=\"lazy\" decoding=\"async\" src=\"https:\/\/elmetropolitano.com.gt\/es\/wp-content\/uploads\/2021\/11\/cintillo-arrin-cual-1.jpg\" alt=\"\"  srcset=\"https:\/\/elmetropolitano.com.gt\/es\/wp-content\/uploads\/2021\/11\/cintillo-arrin-cual-1.jpg 750w, https:\/\/elmetropolitano.com.gt\/es\/wp-content\/uploads\/2021\/11\/cintillo-arrin-cual-1-300x36.jpg 300w, https:\/\/elmetropolitano.com.gt\/es\/wp-content\/uploads\/2021\/11\/cintillo-arrin-cual-1-600x72.jpg 600w\" sizes=\"(max-width: 750px) 100vw, 750px\" width=\"750\" height=\"90\"   \/><\/a><\/div><\/div>\n\n\n\n<p>Sin embargo, una nueva investigaci\u00f3n publicada en la revista Nature Human Behavior indica que esta suposici\u00f3n podr\u00eda no ser del todo cierta, al menos para la primera generaci\u00f3n expuesta al uso rutinario de tel\u00e9fonos inteligentes, computadoras e Internet, que ya ha llegado a la edad en la que pueden surgir los riesgos de demencia.<\/p>\n\n\n\n<p>Tras analizar unos 136 estudios, que incluyeron datos de m\u00e1s de 400.000 adultos mayores de 50 a\u00f1os, los investigadores concluyeron que el uso de la tecnolog\u00eda digital se asocia con un 58 % menos de riesgo de deterioro cognitivo.<\/p>\n\n\n\n<p>Este resultado se mantuvo incluso cuando se tuvo en cuenta indicadores como el estado socioecon\u00f3mico, la educaci\u00f3n, la salud en general, el apoyo social y la participaci\u00f3n de actividades mentales.<\/p>\n\n\n\n<p>Los beneficios de las tecnolog\u00edas digitales<\/p>\n\n\n\n<p>Los autores del estudio explicaron que, para algunos adultos mayores, aprender y adaptarse a las nuevas tecnolog\u00edas representa un desaf\u00edo cognitivo que podr\u00eda ser beneficioso para la salud cerebral. \u00abSi haces eso durante a\u00f1os y realmente te involucras en ello, aunque puedas experimentar frustraci\u00f3n, eso puede ser una se\u00f1al de que est\u00e1s ejercitando tu cerebro\u00bb, se\u00f1al\u00f3 el profesor Michael Scullin.<\/p>\n\n\n\n<p>Por su parte, el neuropsic\u00f3logo Jared Benge indic\u00f3 a The Guardian que los aparatos tecnol\u00f3gicos tambi\u00e9n fomentan comportamientos que pueden cuidar nuestras capacidades cognitivas durante el proceso de envejecimiento, como las conexiones sociales. Tambi\u00e9n mencion\u00f3 que existen herramientas tecnol\u00f3gicas que compensan el deterioro cognitivo y permiten a las personas desenvolverse con mayor facilidad, como el GPS o la programaci\u00f3n de recordatorios.<\/p>\n\n\n\n<p>\u00abUsar dispositivos digitales como la televisi\u00f3n \u2014de forma pasiva y sedentaria, tanto f\u00edsica como mental\u2014 probablemente no sea beneficioso\u00bb, asegur\u00f3 Scullin, quien recalc\u00f3 que, en cambio, las computadores y tel\u00e9fonos inteligentes pueden \u00abcompensar las capacidades cognitivas que se deterioran con la edad\u00bb.<\/p>\n\n\n\n<p>Texto: Rt Noticias<\/p>\n\n\n\n<p>#tecnologia #adultomayor #metroredes <a href=\"http:\/\/www.elmetropolitano.com.gt\">www.elmetropolitano.com.gt<\/a> www.metroredes.co m <a href=\"http:\/\/www.elescuintleco.com\">www.elescuintleco.com<\/a><\/p>\n\n\n\n<figure class=\"wp-block-gallery has-nested-images columns-default is-cropped wp-block-gallery-1 is-layout-flex wp-block-gallery-is-layout-flex\">\n<figure class=\"wp-block-image size-large\"><img loading=\"lazy\" decoding=\"async\" width=\"1024\" height=\"577\" data-id=\"101221\" src=\"https:\/\/elmetropolitano.com.gt\/es\/wp-content\/uploads\/2025\/04\/68022813e9ff71532409b9e1-1-1024x577.jpg\" alt=\"\" class=\"wp-image-101221\" srcset=\"https:\/\/elmetropolitano.com.gt\/es\/wp-content\/uploads\/2025\/04\/68022813e9ff71532409b9e1-1-1024x577.jpg 1024w, https:\/\/elmetropolitano.com.gt\/es\/wp-content\/uploads\/2025\/04\/68022813e9ff71532409b9e1-1-300x169.jpg 300w, https:\/\/elmetropolitano.com.gt\/es\/wp-content\/uploads\/2025\/04\/68022813e9ff71532409b9e1-1-768x433.jpg 768w, https:\/\/elmetropolitano.com.gt\/es\/wp-content\/uploads\/2025\/04\/68022813e9ff71532409b9e1-1.jpg 1104w\" sizes=\"auto, (max-width: 1024px) 100vw, 1024px\" \/><\/figure>\n<\/figure>\n","protected":false},"excerpt":{"rendered":"<p>Los adultos mayores que utilizan frecuentemente tecnolog\u00edas digitales podr\u00edan tener menos posibilidades de sufrir deterioro cognitivo a medida que envejecen, informa la Universidad de Baylor, EE.UU. Actualmente existen ciertas preocupaciones por la denominada \u00abdemencia digital\u00bb, una hip\u00f3tesis que sostiene que la exposici\u00f3n a las tecnolog\u00edas digitales a lo largo de la vida podr\u00eda deteriorar nuestras <a class=\"read-more\" href=\"https:\/\/elmetropolitano.com.gt\/es\/la-demencia-digital-no-nos-amenaza-la-tecnologia-podria-ser-tan-mala-para-el-cerebro-como-se-pensaba\/\">Leer m\u00e1s<\/a><\/p>\n","protected":false},"author":1,"featured_media":101220,"comment_status":"open","ping_status":"closed","sticky":false,"template":"","format":"standard","meta":{"footnotes":""},"categories":[14],"tags":[15],"class_list":["post-101219","post","type-post","status-publish","format-standard","has-post-thumbnail","hentry","category-internacionales","tag-internacionales"],"_links":{"self":[{"href":"https:\/\/elmetropolitano.com.gt\/es\/wp-json\/wp\/v2\/posts\/101219","targetHints":{"allow":["GET"]}}],"collection":[{"href":"https:\/\/elmetropolitano.com.gt\/es\/wp-json\/wp\/v2\/posts"}],"about":[{"href":"https:\/\/elmetropolitano.com.gt\/es\/wp-json\/wp\/v2\/types\/post"}],"author":[{"embeddable":true,"href":"https:\/\/elmetropolitano.com.gt\/es\/wp-json\/wp\/v2\/users\/1"}],"replies":[{"embeddable":true,"href":"https:\/\/elmetropolitano.com.gt\/es\/wp-json\/wp\/v2\/comments?post=101219"}],"version-history":[{"count":1,"href":"https:\/\/elmetropolitano.com.gt\/es\/wp-json\/wp\/v2\/posts\/101219\/revisions"}],"predecessor-version":[{"id":101222,"href":"https:\/\/elmetropolitano.com.gt\/es\/wp-json\/wp\/v2\/posts\/101219\/revisions\/101222"}],"wp:featuredmedia":[{"embeddable":true,"href":"https:\/\/elmetropolitano.com.gt\/es\/wp-json\/wp\/v2\/media\/101220"}],"wp:attachment":[{"href":"https:\/\/elmetropolitano.com.gt\/es\/wp-json\/wp\/v2\/media?parent=101219"}],"wp:term":[{"taxonomy":"category","embeddable":true,"href":"https:\/\/elmetropolitano.com.gt\/es\/wp-json\/wp\/v2\/categories?post=101219"},{"taxonomy":"post_tag","embeddable":true,"href":"https:\/\/elmetropolitano.com.gt\/es\/wp-json\/wp\/v2\/tags?post=101219"}],"curies":[{"name":"wp","href":"https:\/\/api.w.org\/{rel}","templated":true}]}}