{"id":101287,"date":"2025-04-19T11:09:48","date_gmt":"2025-04-19T17:09:48","guid":{"rendered":"https:\/\/elmetropolitano.com.gt\/es\/?p=101287"},"modified":"2025-04-19T11:09:49","modified_gmt":"2025-04-19T17:09:49","slug":"firman-convenio-para-la-comercializacion-responsable-de-resina-de-copal-en-peten","status":"publish","type":"post","link":"https:\/\/elmetropolitano.com.gt\/es\/firman-convenio-para-la-comercializacion-responsable-de-resina-de-copal-en-peten\/","title":{"rendered":"Firman convenio para la comercializaci\u00f3n responsable de resina de copal en Pet\u00e9n"},"content":{"rendered":"\n<p>En un esfuerzo por regular la extracci\u00f3n y comercializaci\u00f3n de la resina de copal en Pet\u00e9n, se llev\u00f3 a cabo la firma de un convenio de compra-venta con participaci\u00f3n en labores de aprovechamiento.<\/p>\n\n\n\n<p>El acuerdo es resultado de un proceso de di\u00e1logo liderado por la Gobernaci\u00f3n Departamental de Pet\u00e9n, con el respaldo de diversas instituciones y actores involucrados en la gesti\u00f3n de los recursos <a><\/a>naturales.<\/p><div class=\"elmet-contenido\" id=\"elmet-1485073598\"><div class=\"elmet-adlabel\">Anuncios<\/div><div style=\"margin-top: 20px;margin-right: 20px;margin-bottom: 20px;margin-left: 20px;\" id=\"elmet-2270477174\"><a href=\"https:\/\/www.facebook.com\/arrincuanantigua\/\" aria-label=\"cintillo-arrin-cual\"><img loading=\"lazy\" decoding=\"async\" src=\"https:\/\/elmetropolitano.com.gt\/es\/wp-content\/uploads\/2021\/11\/cintillo-arrin-cual-1.jpg\" alt=\"\"  srcset=\"https:\/\/elmetropolitano.com.gt\/es\/wp-content\/uploads\/2021\/11\/cintillo-arrin-cual-1.jpg 750w, https:\/\/elmetropolitano.com.gt\/es\/wp-content\/uploads\/2021\/11\/cintillo-arrin-cual-1-300x36.jpg 300w, https:\/\/elmetropolitano.com.gt\/es\/wp-content\/uploads\/2021\/11\/cintillo-arrin-cual-1-600x72.jpg 600w\" sizes=\"(max-width: 750px) 100vw, 750px\" width=\"750\" height=\"90\"   \/><\/a><\/div><\/div>\n\n\n\n<p>El acto oficial cont\u00f3 con la presencia del se\u00f1or Mauricio Acevedo, gobernador departamental, quien encabez\u00f3 la firma del convenio entre los l\u00edderes comunitarios de la Cooperativa Jireh Emanuel R.L. y representantes de concesionarios forestales.<\/p>\n\n\n\n<p>Antes de su suscripci\u00f3n, el documento fue analizado y ratificado con el apoyo de asesores jur\u00eddicos, garantizando que su contenido estuviera alineado con las normativas ambientales vigentes y que representara beneficios equitativos para ambas partes.<\/p>\n\n\n\n<p>Como parte del convenio, se estableci\u00f3 que las actividades de extracci\u00f3n y comercializaci\u00f3n de la resina de copal deber\u00e1n realizarse bajo un marco de sostenibilidad.<\/p>\n\n\n\n<p>La finalidad es respetar la legislaci\u00f3n ambiental y promoviendo pr\u00e1cticas responsables. Para ello, se defini\u00f3 un proceso de capacitaci\u00f3n dirigido a los comunitarios registrados, quienes recibir\u00e1n acreditaciones oficiales y contar\u00e1n con una gu\u00eda espec\u00edfica otorgada por el Consejo Nacional de \u00c1reas Protegidas (Conap).<\/p>\n\n\n\n<p>Esta medida busca garantizar que la recolecci\u00f3n del copal no solo sea legal, sino tambi\u00e9n ecol\u00f3gicamente viable y econ\u00f3micamente beneficiosa para las comunidades locales.<\/p>\n\n\n\n<p>Mecanismos de supervisi\u00f3n<\/p>\n\n\n\n<p>Asimismo, el acuerdo contempla mecanismos de supervisi\u00f3n y control para evitar la explotaci\u00f3n desmedida de los recursos. Esto asegurando que la actividad se mantenga dentro de los l\u00edmites permitidos por las autoridades ambientales.<\/p>\n\n\n\n<p>El convenio firmado es un paso significativo en la b\u00fasqueda de soluciones pac\u00edficas a los conflictos relacionados con el aprovechamiento de los recursos naturales en la regi\u00f3n. En este sentido, la gobernaci\u00f3n reiter\u00f3 su compromiso con el di\u00e1logo como el principal mecanismo para resolver diferencias y promover el desarrollo sostenible.<\/p>\n\n\n\n<p>Este esfuerzo interinstitucional sienta un precedente para futuras iniciativas de aprovechamiento de recursos en Pet\u00e9n. Lo anterior, demostrando que la cooperaci\u00f3n entre autoridades, comunidades y concesionarios es fundamental para el desarrollo sostenible.<\/p>\n\n\n\n<p>Texto: Erick Vel\u00e1squez<\/p>\n\n\n\n<p><a href=\"https:\/\/www.facebook.com\/hashtag\/copal?__eep__=6&amp;__cft__[0]=AZU1vU7EELNTyv17KUNfW06xJ-_BXJyC62psH-Tt_JmXpN43VeUdL_Ep26w-W2s0rhd4WpC60gsi7zHbL01RMdZYNROzIXyM12wRSraoiJQhFQDYBEI4B2yp8UrP-x9X3rYzGhFpI6_vkyJRW93qR4fjMqLJwj6CsVjRHfqXLwPk59XD6eu1pll7dl2HnnrhJGSIYSFfAEYYqJElo2Ljc-l8&amp;__tn__=*NK-R\">#copal<\/a><a href=\"https:\/\/www.facebook.com\/hashtag\/peten?__eep__=6&amp;__cft__[0]=AZU1vU7EELNTyv17KUNfW06xJ-_BXJyC62psH-Tt_JmXpN43VeUdL_Ep26w-W2s0rhd4WpC60gsi7zHbL01RMdZYNROzIXyM12wRSraoiJQhFQDYBEI4B2yp8UrP-x9X3rYzGhFpI6_vkyJRW93qR4fjMqLJwj6CsVjRHfqXLwPk59XD6eu1pll7dl2HnnrhJGSIYSFfAEYYqJElo2Ljc-l8&amp;__tn__=*NK-R\">#Peten<\/a><\/p>\n\n\n\n<figure class=\"wp-block-gallery has-nested-images columns-default is-cropped wp-block-gallery-1 is-layout-flex wp-block-gallery-is-layout-flex\">\n<figure class=\"wp-block-image size-large\"><img loading=\"lazy\" decoding=\"async\" width=\"1024\" height=\"512\" data-id=\"101289\" src=\"https:\/\/elmetropolitano.com.gt\/es\/wp-content\/uploads\/2025\/04\/489914805_1201876331938448_1209979412866262033_n-1-1024x512.jpg\" alt=\"\" class=\"wp-image-101289\" srcset=\"https:\/\/elmetropolitano.com.gt\/es\/wp-content\/uploads\/2025\/04\/489914805_1201876331938448_1209979412866262033_n-1-1024x512.jpg 1024w, https:\/\/elmetropolitano.com.gt\/es\/wp-content\/uploads\/2025\/04\/489914805_1201876331938448_1209979412866262033_n-1-300x150.jpg 300w, https:\/\/elmetropolitano.com.gt\/es\/wp-content\/uploads\/2025\/04\/489914805_1201876331938448_1209979412866262033_n-1-768x384.jpg 768w, https:\/\/elmetropolitano.com.gt\/es\/wp-content\/uploads\/2025\/04\/489914805_1201876331938448_1209979412866262033_n-1.jpg 1140w\" sizes=\"auto, (max-width: 1024px) 100vw, 1024px\" \/><\/figure>\n\n\n\n<figure class=\"wp-block-image size-large\"><img loading=\"lazy\" decoding=\"async\" width=\"1024\" height=\"677\" data-id=\"101290\" src=\"https:\/\/elmetropolitano.com.gt\/es\/wp-content\/uploads\/2025\/04\/490211801_1201876358605112_8716952588287208420_n-1024x677.jpg\" alt=\"\" class=\"wp-image-101290\" srcset=\"https:\/\/elmetropolitano.com.gt\/es\/wp-content\/uploads\/2025\/04\/490211801_1201876358605112_8716952588287208420_n-1024x677.jpg 1024w, https:\/\/elmetropolitano.com.gt\/es\/wp-content\/uploads\/2025\/04\/490211801_1201876358605112_8716952588287208420_n-300x198.jpg 300w, https:\/\/elmetropolitano.com.gt\/es\/wp-content\/uploads\/2025\/04\/490211801_1201876358605112_8716952588287208420_n-768x508.jpg 768w, https:\/\/elmetropolitano.com.gt\/es\/wp-content\/uploads\/2025\/04\/490211801_1201876358605112_8716952588287208420_n.jpg 1230w\" sizes=\"auto, (max-width: 1024px) 100vw, 1024px\" \/><\/figure>\n\n\n\n<figure class=\"wp-block-image size-large\"><img loading=\"lazy\" decoding=\"async\" width=\"1024\" height=\"674\" data-id=\"101291\" src=\"https:\/\/elmetropolitano.com.gt\/es\/wp-content\/uploads\/2025\/04\/491244859_1201876338605114_2247435789044046987_n-1024x674.jpg\" alt=\"\" class=\"wp-image-101291\" srcset=\"https:\/\/elmetropolitano.com.gt\/es\/wp-content\/uploads\/2025\/04\/491244859_1201876338605114_2247435789044046987_n-1024x674.jpg 1024w, https:\/\/elmetropolitano.com.gt\/es\/wp-content\/uploads\/2025\/04\/491244859_1201876338605114_2247435789044046987_n-300x198.jpg 300w, https:\/\/elmetropolitano.com.gt\/es\/wp-content\/uploads\/2025\/04\/491244859_1201876338605114_2247435789044046987_n-768x506.jpg 768w, https:\/\/elmetropolitano.com.gt\/es\/wp-content\/uploads\/2025\/04\/491244859_1201876338605114_2247435789044046987_n.jpg 1227w\" sizes=\"auto, (max-width: 1024px) 100vw, 1024px\" \/><\/figure>\n<\/figure>\n","protected":false},"excerpt":{"rendered":"<p>En un esfuerzo por regular la extracci\u00f3n y comercializaci\u00f3n de la resina de copal en Pet\u00e9n, se llev\u00f3 a cabo la firma de un convenio de compra-venta con participaci\u00f3n en labores de aprovechamiento. El acuerdo es resultado de un proceso de di\u00e1logo liderado por la Gobernaci\u00f3n Departamental de Pet\u00e9n, con el respaldo de diversas instituciones <a class=\"read-more\" href=\"https:\/\/elmetropolitano.com.gt\/es\/firman-convenio-para-la-comercializacion-responsable-de-resina-de-copal-en-peten\/\">Leer m\u00e1s<\/a><\/p>\n","protected":false},"author":1,"featured_media":101288,"comment_status":"open","ping_status":"closed","sticky":false,"template":"","format":"standard","meta":{"footnotes":""},"categories":[4],"tags":[13],"class_list":["post-101287","post","type-post","status-publish","format-standard","has-post-thumbnail","hentry","category-departamentales","tag-departamentales"],"_links":{"self":[{"href":"https:\/\/elmetropolitano.com.gt\/es\/wp-json\/wp\/v2\/posts\/101287","targetHints":{"allow":["GET"]}}],"collection":[{"href":"https:\/\/elmetropolitano.com.gt\/es\/wp-json\/wp\/v2\/posts"}],"about":[{"href":"https:\/\/elmetropolitano.com.gt\/es\/wp-json\/wp\/v2\/types\/post"}],"author":[{"embeddable":true,"href":"https:\/\/elmetropolitano.com.gt\/es\/wp-json\/wp\/v2\/users\/1"}],"replies":[{"embeddable":true,"href":"https:\/\/elmetropolitano.com.gt\/es\/wp-json\/wp\/v2\/comments?post=101287"}],"version-history":[{"count":1,"href":"https:\/\/elmetropolitano.com.gt\/es\/wp-json\/wp\/v2\/posts\/101287\/revisions"}],"predecessor-version":[{"id":101292,"href":"https:\/\/elmetropolitano.com.gt\/es\/wp-json\/wp\/v2\/posts\/101287\/revisions\/101292"}],"wp:featuredmedia":[{"embeddable":true,"href":"https:\/\/elmetropolitano.com.gt\/es\/wp-json\/wp\/v2\/media\/101288"}],"wp:attachment":[{"href":"https:\/\/elmetropolitano.com.gt\/es\/wp-json\/wp\/v2\/media?parent=101287"}],"wp:term":[{"taxonomy":"category","embeddable":true,"href":"https:\/\/elmetropolitano.com.gt\/es\/wp-json\/wp\/v2\/categories?post=101287"},{"taxonomy":"post_tag","embeddable":true,"href":"https:\/\/elmetropolitano.com.gt\/es\/wp-json\/wp\/v2\/tags?post=101287"}],"curies":[{"name":"wp","href":"https:\/\/api.w.org\/{rel}","templated":true}]}}