{"id":101299,"date":"2025-04-20T17:44:56","date_gmt":"2025-04-20T23:44:56","guid":{"rendered":"https:\/\/elmetropolitano.com.gt\/es\/?p=101299"},"modified":"2025-04-20T17:44:56","modified_gmt":"2025-04-20T23:44:56","slug":"el-civ-trabajara-en-la-reparacion-del-puente-vado-ancho-para-disminuir-el-dano-en-la-estructura","status":"publish","type":"post","link":"https:\/\/elmetropolitano.com.gt\/es\/el-civ-trabajara-en-la-reparacion-del-puente-vado-ancho-para-disminuir-el-dano-en-la-estructura\/","title":{"rendered":"El CIV trabajar\u00e1 en la reparaci\u00f3n del puente Vado Ancho para disminuir el da\u00f1o en la estructura"},"content":{"rendered":"\n<p>El puente Vado Ancho, ubicado en el kil\u00f3metro 236.5 de la ruta CA-2 occidente, es la divisi\u00f3n geogr\u00e1fica entre Coatepeque Quetzaltenango y<\/p>\n\n\n\n<p>Pajapita San Marcos, presenta un asentamiento an\u00f3malo en la parte central.<\/p><div class=\"elmet-contenido\" id=\"elmet-2066521353\"><div class=\"elmet-adlabel\">Anuncios<\/div><div style=\"margin-top: 20px;margin-right: 20px;margin-bottom: 20px;margin-left: 20px;\" id=\"elmet-2391167130\"><a href=\"https:\/\/www.facebook.com\/arrincuanantigua\/\" aria-label=\"cintillo-arrin-cual\"><img loading=\"lazy\" decoding=\"async\" src=\"https:\/\/elmetropolitano.com.gt\/es\/wp-content\/uploads\/2021\/11\/cintillo-arrin-cual-1.jpg\" alt=\"\"  srcset=\"https:\/\/elmetropolitano.com.gt\/es\/wp-content\/uploads\/2021\/11\/cintillo-arrin-cual-1.jpg 750w, https:\/\/elmetropolitano.com.gt\/es\/wp-content\/uploads\/2021\/11\/cintillo-arrin-cual-1-300x36.jpg 300w, https:\/\/elmetropolitano.com.gt\/es\/wp-content\/uploads\/2021\/11\/cintillo-arrin-cual-1-600x72.jpg 600w\" sizes=\"(max-width: 750px) 100vw, 750px\" width=\"750\" height=\"90\"   \/><\/a><\/div><\/div>\n\n\n\n<p>De <a><\/a>acuerdo con la evaluaci\u00f3n ocular de t\u00e9cnicos de la zona vial 4, de la Direcci\u00f3n General de Caminos, existe un desplazamiento en uno de los apoyos de la parte central, lo cual ha ocasionado un asentamiento perceptible en la losa.<\/p>\n\n\n\n<p>Ante esta situaci\u00f3n, como medida de mitigaci\u00f3n y para evitar que el problema se agrave, se instalar\u00e1 de forma temporal, reductores de velocidad y se\u00f1alizaci\u00f3n vertical restrictiva en ambos sentidos del puente. Con esta acci\u00f3n, se busca que reduzcan la velocidad los veh\u00edculos que transitan sobre el puente.<\/p>\n\n\n\n<p>Posteriormente, como medida correctiva, la parte central del puente, que presenta la falla estructural y las piezas con fallas, ser\u00e1n reparadas mediante un proceso de levantamiento de la superestructura.<\/p>\n\n\n\n<p>Una vez concluida la fase de reparaci\u00f3n, se realizar\u00e1 un peritaje estructural a toda la estructura, para determinar la vida del puente y as\u00ed generar los proyectos necesarios que garanticen la viabilidad de esta ruta tan importante.<\/p>\n\n\n\n<p>Desde ayer es\u00e1bado agentes de Provial regulan el tr\u00e1nsito en el lugar para asegurar que la viabilidad contin\u00fae con el menor da\u00f1o al puente.<\/p>\n\n\n\n<p>El puente Vado Ancho ayuda a librar el r\u00edo Naranjo, con una longitud aproximada de 168 metros. Es una estructura met\u00e1lica, conformada por tres claros principales y una subestructura compuesta por pilas intermedias.<\/p>\n\n\n\n<p>El Ministerio de Comunicaciones, Infraestructura y Vivienda, a trav\u00e9s de Caminos, Covial y Provial, trabaja para regular el tr\u00e1nsito y reducir el impacto en la viabilidad en la ruta Interamericana.<\/p>\n\n\n\n<p><a href=\"https:\/\/www.facebook.com\/hashtag\/puentevadoancho?__eep__=6&amp;__cft__[0]=AZUy4ZcrIw1lHxSEVQgvw3518mF9HoC70Xi4zQB6avCORkh2kCdqAQywouZ3WntM_9sxZFYNToatGnoNTcEwYrrO9ra1n9zYPLUVgsV8QV0wlY85Qr5P3Maz271YIpQNiOLwuQTcuDDimDOw2jl1P6Oca2zBEnzgkCDp7Rkc74HvcmcwuOY2NoilG7GWKcY0zAKK9TFeYFrinDfAkGf16ZX4&amp;__tn__=*NK-R\">#puentevadoancho<\/a><a href=\"https:\/\/www.facebook.com\/hashtag\/provial?__eep__=6&amp;__cft__[0]=AZUy4ZcrIw1lHxSEVQgvw3518mF9HoC70Xi4zQB6avCORkh2kCdqAQywouZ3WntM_9sxZFYNToatGnoNTcEwYrrO9ra1n9zYPLUVgsV8QV0wlY85Qr5P3Maz271YIpQNiOLwuQTcuDDimDOw2jl1P6Oca2zBEnzgkCDp7Rkc74HvcmcwuOY2NoilG7GWKcY0zAKK9TFeYFrinDfAkGf16ZX4&amp;__tn__=*NK-R\">#Provial<\/a><a href=\"https:\/\/www.facebook.com\/hashtag\/quetzaltenango?__eep__=6&amp;__cft__[0]=AZUy4ZcrIw1lHxSEVQgvw3518mF9HoC70Xi4zQB6avCORkh2kCdqAQywouZ3WntM_9sxZFYNToatGnoNTcEwYrrO9ra1n9zYPLUVgsV8QV0wlY85Qr5P3Maz271YIpQNiOLwuQTcuDDimDOw2jl1P6Oca2zBEnzgkCDp7Rkc74HvcmcwuOY2NoilG7GWKcY0zAKK9TFeYFrinDfAkGf16ZX4&amp;__tn__=*NK-R\">#Quetzaltenango<\/a><a href=\"https:\/\/www.facebook.com\/hashtag\/sanmardos?__eep__=6&amp;__cft__[0]=AZUy4ZcrIw1lHxSEVQgvw3518mF9HoC70Xi4zQB6avCORkh2kCdqAQywouZ3WntM_9sxZFYNToatGnoNTcEwYrrO9ra1n9zYPLUVgsV8QV0wlY85Qr5P3Maz271YIpQNiOLwuQTcuDDimDOw2jl1P6Oca2zBEnzgkCDp7Rkc74HvcmcwuOY2NoilG7GWKcY0zAKK9TFeYFrinDfAkGf16ZX4&amp;__tn__=*NK-R\">#SanMardos<\/a><a href=\"https:\/\/www.facebook.com\/hashtag\/covial?__eep__=6&amp;__cft__[0]=AZUy4ZcrIw1lHxSEVQgvw3518mF9HoC70Xi4zQB6avCORkh2kCdqAQywouZ3WntM_9sxZFYNToatGnoNTcEwYrrO9ra1n9zYPLUVgsV8QV0wlY85Qr5P3Maz271YIpQNiOLwuQTcuDDimDOw2jl1P6Oca2zBEnzgkCDp7Rkc74HvcmcwuOY2NoilG7GWKcY0zAKK9TFeYFrinDfAkGf16ZX4&amp;__tn__=*NK-R\">#Covial<\/a><a href=\"https:\/\/www.facebook.com\/hashtag\/metroredes?__eep__=6&amp;__cft__[0]=AZUy4ZcrIw1lHxSEVQgvw3518mF9HoC70Xi4zQB6avCORkh2kCdqAQywouZ3WntM_9sxZFYNToatGnoNTcEwYrrO9ra1n9zYPLUVgsV8QV0wlY85Qr5P3Maz271YIpQNiOLwuQTcuDDimDOw2jl1P6Oca2zBEnzgkCDp7Rkc74HvcmcwuOY2NoilG7GWKcY0zAKK9TFeYFrinDfAkGf16ZX4&amp;__tn__=*NK-R\">#metroredes<\/a><\/p>\n\n\n\n<figure class=\"wp-block-gallery has-nested-images columns-default is-cropped wp-block-gallery-1 is-layout-flex wp-block-gallery-is-layout-flex\">\n<figure class=\"wp-block-image size-large\"><img loading=\"lazy\" decoding=\"async\" width=\"960\" height=\"720\" data-id=\"101301\" src=\"https:\/\/elmetropolitano.com.gt\/es\/wp-content\/uploads\/2025\/04\/491271837_1202733658519382_1897372725719100372_n-1.jpg\" alt=\"\" class=\"wp-image-101301\" srcset=\"https:\/\/elmetropolitano.com.gt\/es\/wp-content\/uploads\/2025\/04\/491271837_1202733658519382_1897372725719100372_n-1.jpg 960w, https:\/\/elmetropolitano.com.gt\/es\/wp-content\/uploads\/2025\/04\/491271837_1202733658519382_1897372725719100372_n-1-300x225.jpg 300w, https:\/\/elmetropolitano.com.gt\/es\/wp-content\/uploads\/2025\/04\/491271837_1202733658519382_1897372725719100372_n-1-768x576.jpg 768w\" sizes=\"auto, (max-width: 960px) 100vw, 960px\" \/><\/figure>\n\n\n\n<figure class=\"wp-block-image size-large\"><img loading=\"lazy\" decoding=\"async\" width=\"791\" height=\"1024\" data-id=\"101302\" src=\"https:\/\/elmetropolitano.com.gt\/es\/wp-content\/uploads\/2025\/04\/491803892_1202733781852703_1965928150406929412_n-791x1024.jpg\" alt=\"\" class=\"wp-image-101302\" srcset=\"https:\/\/elmetropolitano.com.gt\/es\/wp-content\/uploads\/2025\/04\/491803892_1202733781852703_1965928150406929412_n-791x1024.jpg 791w, https:\/\/elmetropolitano.com.gt\/es\/wp-content\/uploads\/2025\/04\/491803892_1202733781852703_1965928150406929412_n-232x300.jpg 232w, https:\/\/elmetropolitano.com.gt\/es\/wp-content\/uploads\/2025\/04\/491803892_1202733781852703_1965928150406929412_n-768x994.jpg 768w, https:\/\/elmetropolitano.com.gt\/es\/wp-content\/uploads\/2025\/04\/491803892_1202733781852703_1965928150406929412_n-1187x1536.jpg 1187w, https:\/\/elmetropolitano.com.gt\/es\/wp-content\/uploads\/2025\/04\/491803892_1202733781852703_1965928150406929412_n.jpg 1275w\" sizes=\"auto, (max-width: 791px) 100vw, 791px\" \/><\/figure>\n<\/figure>\n","protected":false},"excerpt":{"rendered":"<p>El puente Vado Ancho, ubicado en el kil\u00f3metro 236.5 de la ruta CA-2 occidente, es la divisi\u00f3n geogr\u00e1fica entre Coatepeque Quetzaltenango y Pajapita San Marcos, presenta un asentamiento an\u00f3malo en la parte central. De acuerdo con la evaluaci\u00f3n ocular de t\u00e9cnicos de la zona vial 4, de la Direcci\u00f3n General de Caminos, existe un desplazamiento <a class=\"read-more\" href=\"https:\/\/elmetropolitano.com.gt\/es\/el-civ-trabajara-en-la-reparacion-del-puente-vado-ancho-para-disminuir-el-dano-en-la-estructura\/\">Leer m\u00e1s<\/a><\/p>\n","protected":false},"author":1,"featured_media":101300,"comment_status":"open","ping_status":"closed","sticky":false,"template":"","format":"standard","meta":{"footnotes":""},"categories":[4],"tags":[13],"class_list":["post-101299","post","type-post","status-publish","format-standard","has-post-thumbnail","hentry","category-departamentales","tag-departamentales"],"_links":{"self":[{"href":"https:\/\/elmetropolitano.com.gt\/es\/wp-json\/wp\/v2\/posts\/101299","targetHints":{"allow":["GET"]}}],"collection":[{"href":"https:\/\/elmetropolitano.com.gt\/es\/wp-json\/wp\/v2\/posts"}],"about":[{"href":"https:\/\/elmetropolitano.com.gt\/es\/wp-json\/wp\/v2\/types\/post"}],"author":[{"embeddable":true,"href":"https:\/\/elmetropolitano.com.gt\/es\/wp-json\/wp\/v2\/users\/1"}],"replies":[{"embeddable":true,"href":"https:\/\/elmetropolitano.com.gt\/es\/wp-json\/wp\/v2\/comments?post=101299"}],"version-history":[{"count":1,"href":"https:\/\/elmetropolitano.com.gt\/es\/wp-json\/wp\/v2\/posts\/101299\/revisions"}],"predecessor-version":[{"id":101303,"href":"https:\/\/elmetropolitano.com.gt\/es\/wp-json\/wp\/v2\/posts\/101299\/revisions\/101303"}],"wp:featuredmedia":[{"embeddable":true,"href":"https:\/\/elmetropolitano.com.gt\/es\/wp-json\/wp\/v2\/media\/101300"}],"wp:attachment":[{"href":"https:\/\/elmetropolitano.com.gt\/es\/wp-json\/wp\/v2\/media?parent=101299"}],"wp:term":[{"taxonomy":"category","embeddable":true,"href":"https:\/\/elmetropolitano.com.gt\/es\/wp-json\/wp\/v2\/categories?post=101299"},{"taxonomy":"post_tag","embeddable":true,"href":"https:\/\/elmetropolitano.com.gt\/es\/wp-json\/wp\/v2\/tags?post=101299"}],"curies":[{"name":"wp","href":"https:\/\/api.w.org\/{rel}","templated":true}]}}