{"id":101345,"date":"2025-04-21T09:04:26","date_gmt":"2025-04-21T15:04:26","guid":{"rendered":"https:\/\/elmetropolitano.com.gt\/es\/?p=101345"},"modified":"2025-04-21T09:04:26","modified_gmt":"2025-04-21T15:04:26","slug":"fallece-el-papa-francisco","status":"publish","type":"post","link":"https:\/\/elmetropolitano.com.gt\/es\/fallece-el-papa-francisco\/","title":{"rendered":"Fallece el Papa Francisco"},"content":{"rendered":"\n<p>El Papa Francisco falleci\u00f3 esta ma\u00f1ana, 21 de abril, en el Vaticano. El pont\u00edfice de 88 a\u00f1os nos ense\u00f1\u00f3 a vivir los valores del Evangelio con valent\u00eda y amor universal, especialmente a favor de los m\u00e1s pobres y marginados.<\/p>\n\n\n\n<p>El Papa Francisco falleci\u00f3 a las 7:35 a. m., hora local, del lunes de Pascua, 21 de abril, en su residencia de la Casa Marta del Vaticano, seg\u00fan confirm\u00f3 la Oficina de Prensa de la Santa Sede. El Pont\u00edfice, de 88 a\u00f1os, dirigi\u00f3 la Iglesia Cat\u00f3lica durante <a><\/a>poco m\u00e1s de 12 a\u00f1os.<\/p><div class=\"elmet-contenido\" id=\"elmet-1457540972\"><div class=\"elmet-adlabel\">Anuncios<\/div><div style=\"margin-top: 20px;margin-right: 20px;margin-bottom: 20px;margin-left: 20px;\" id=\"elmet-1268779791\"><a href=\"https:\/\/www.facebook.com\/arrincuanantigua\/\" aria-label=\"cintillo-arrin-cual\"><img loading=\"lazy\" decoding=\"async\" src=\"https:\/\/elmetropolitano.com.gt\/es\/wp-content\/uploads\/2021\/11\/cintillo-arrin-cual-1.jpg\" alt=\"\"  srcset=\"https:\/\/elmetropolitano.com.gt\/es\/wp-content\/uploads\/2021\/11\/cintillo-arrin-cual-1.jpg 750w, https:\/\/elmetropolitano.com.gt\/es\/wp-content\/uploads\/2021\/11\/cintillo-arrin-cual-1-300x36.jpg 300w, https:\/\/elmetropolitano.com.gt\/es\/wp-content\/uploads\/2021\/11\/cintillo-arrin-cual-1-600x72.jpg 600w\" sizes=\"(max-width: 750px) 100vw, 750px\" width=\"750\" height=\"90\"   \/><\/a><\/div><\/div>\n\n\n\n<p>El Cardenal Kevin Farrell, camarlengo de la Santa Iglesia Romana, anunci\u00f3 oficialmente el fallecimiento del Papa en un mensaje de video. \u00abA las 7:35 de esta ma\u00f1ana, el obispo de Roma, Francisco, regres\u00f3 a la casa del Padre\u00bb, declar\u00f3 Ferrell.<\/p>\n\n\n\n<p>\u00abToda su vida estuvo dedicada al servicio de Dios y de su Iglesia. Nos ense\u00f1\u00f3 a vivir los valores del Evangelio con fidelidad, valent\u00eda y amor universal, especialmente por los m\u00e1s pobres y marginados\u00bb.<\/p>\n\n\n\n<p>El Vaticano a\u00fan no ha anunciado detalles sobre los preparativos del funeral del primer Papa latinoamericano de la historia. En los pr\u00f3ximos d\u00edas se convocar\u00e1 un c\u00f3nclave para elegir a su sucesor.<\/p>\n\n\n\n<p><a href=\"https:\/\/www.facebook.com\/hashtag\/poafrancisxo?__eep__=6&amp;__cft__[0]=AZVMktkEfRKdzbi4fOElT8rZ9lPqfn6cxAWd2Tz83piu1vmGGn8m_uAwOTaYeMwKQmhiju8hcyKvPECuWfP3hADCzgX0YoY1PEhpqnpd6hDJhj4HsPaer0tI-AIKuHKlNUm_3R5gyfJZef0FQ66I1c6h&amp;__tn__=*NK-R\">#PoaFrancisxo<\/a><a href=\"https:\/\/www.facebook.com\/hashtag\/duelo?__eep__=6&amp;__cft__[0]=AZVMktkEfRKdzbi4fOElT8rZ9lPqfn6cxAWd2Tz83piu1vmGGn8m_uAwOTaYeMwKQmhiju8hcyKvPECuWfP3hADCzgX0YoY1PEhpqnpd6hDJhj4HsPaer0tI-AIKuHKlNUm_3R5gyfJZef0FQ66I1c6h&amp;__tn__=*NK-R\">#duelo<\/a><\/p>\n","protected":false},"excerpt":{"rendered":"<p>El Papa Francisco falleci\u00f3 esta ma\u00f1ana, 21 de abril, en el Vaticano. El pont\u00edfice de 88 a\u00f1os nos ense\u00f1\u00f3 a vivir los valores del Evangelio con valent\u00eda y amor universal, especialmente a favor de los m\u00e1s pobres y marginados. El Papa Francisco falleci\u00f3 a las 7:35 a. m., hora local, del lunes de Pascua, 21 <a class=\"read-more\" href=\"https:\/\/elmetropolitano.com.gt\/es\/fallece-el-papa-francisco\/\">Leer m\u00e1s<\/a><\/p>\n","protected":false},"author":1,"featured_media":101346,"comment_status":"open","ping_status":"closed","sticky":false,"template":"","format":"standard","meta":{"footnotes":""},"categories":[14],"tags":[15],"class_list":["post-101345","post","type-post","status-publish","format-standard","has-post-thumbnail","hentry","category-internacionales","tag-internacionales"],"_links":{"self":[{"href":"https:\/\/elmetropolitano.com.gt\/es\/wp-json\/wp\/v2\/posts\/101345","targetHints":{"allow":["GET"]}}],"collection":[{"href":"https:\/\/elmetropolitano.com.gt\/es\/wp-json\/wp\/v2\/posts"}],"about":[{"href":"https:\/\/elmetropolitano.com.gt\/es\/wp-json\/wp\/v2\/types\/post"}],"author":[{"embeddable":true,"href":"https:\/\/elmetropolitano.com.gt\/es\/wp-json\/wp\/v2\/users\/1"}],"replies":[{"embeddable":true,"href":"https:\/\/elmetropolitano.com.gt\/es\/wp-json\/wp\/v2\/comments?post=101345"}],"version-history":[{"count":1,"href":"https:\/\/elmetropolitano.com.gt\/es\/wp-json\/wp\/v2\/posts\/101345\/revisions"}],"predecessor-version":[{"id":101347,"href":"https:\/\/elmetropolitano.com.gt\/es\/wp-json\/wp\/v2\/posts\/101345\/revisions\/101347"}],"wp:featuredmedia":[{"embeddable":true,"href":"https:\/\/elmetropolitano.com.gt\/es\/wp-json\/wp\/v2\/media\/101346"}],"wp:attachment":[{"href":"https:\/\/elmetropolitano.com.gt\/es\/wp-json\/wp\/v2\/media?parent=101345"}],"wp:term":[{"taxonomy":"category","embeddable":true,"href":"https:\/\/elmetropolitano.com.gt\/es\/wp-json\/wp\/v2\/categories?post=101345"},{"taxonomy":"post_tag","embeddable":true,"href":"https:\/\/elmetropolitano.com.gt\/es\/wp-json\/wp\/v2\/tags?post=101345"}],"curies":[{"name":"wp","href":"https:\/\/api.w.org\/{rel}","templated":true}]}}