{"id":101383,"date":"2025-04-21T21:11:38","date_gmt":"2025-04-22T03:11:38","guid":{"rendered":"https:\/\/elmetropolitano.com.gt\/es\/?p=101383"},"modified":"2025-04-21T21:11:38","modified_gmt":"2025-04-22T03:11:38","slug":"el-cardenal-camarlengo-sello-las-habitaciones-del-papa-francisco-en-santa-marta-y-el-palacio-apostolico","status":"publish","type":"post","link":"https:\/\/elmetropolitano.com.gt\/es\/el-cardenal-camarlengo-sello-las-habitaciones-del-papa-francisco-en-santa-marta-y-el-palacio-apostolico\/","title":{"rendered":"El Cardenal Camarlengo sell\u00f3 las habitaciones del Papa Francisco en Santa Marta y el Palacio Apost\u00f3lico"},"content":{"rendered":"\n<p>El Secretario de Estado del Vaticano, Cardenal Pietro Parolin; el Sustituto para Asuntos Generales, Arzobispo Edgar Pe\u00f1a Parra; y el Camarlengo, Cardenal Kevin Farrell, procedieron a sellar la habitaci\u00f3n del Papa Francisco y los dem\u00e1s espacios que utilizaba en la Casa Santa Marta, donde falleci\u00f3 esta ma\u00f1ana, as\u00ed como en el Palacio Apost\u00f3lico.<\/p>\n\n\n\n<p>El procedimiento de sigilo <a><\/a>aplicado en los apartamentos del Papa en el Palacio Apost\u00f3lico y la Casa Santa Marta es una antigua tradici\u00f3n que consiste en sellar y asegurar los aposentos papales inmediatamente despu\u00e9s del fallecimiento del Pont\u00edfice. Su finalidad es proteger los documentos personales y garantizar una transici\u00f3n ordenada del poder en la Iglesia Cat\u00f3lica.<\/p><div class=\"elmet-contenido\" id=\"elmet-4290123064\"><div class=\"elmet-adlabel\">Anuncios<\/div><div style=\"margin-top: 20px;margin-right: 20px;margin-bottom: 20px;margin-left: 20px;\" id=\"elmet-3435770410\"><a href=\"https:\/\/www.facebook.com\/arrincuanantigua\/\" aria-label=\"cintillo-arrin-cual\"><img loading=\"lazy\" decoding=\"async\" src=\"https:\/\/elmetropolitano.com.gt\/es\/wp-content\/uploads\/2021\/11\/cintillo-arrin-cual-1.jpg\" alt=\"\"  srcset=\"https:\/\/elmetropolitano.com.gt\/es\/wp-content\/uploads\/2021\/11\/cintillo-arrin-cual-1.jpg 750w, https:\/\/elmetropolitano.com.gt\/es\/wp-content\/uploads\/2021\/11\/cintillo-arrin-cual-1-300x36.jpg 300w, https:\/\/elmetropolitano.com.gt\/es\/wp-content\/uploads\/2021\/11\/cintillo-arrin-cual-1-600x72.jpg 600w\" sizes=\"(max-width: 750px) 100vw, 750px\" width=\"750\" height=\"90\"   \/><\/a><\/div><\/div>\n\n\n\n<p>Se trata de un proceso a trav\u00e9s del que se trata de evitar intrusiones, que se falsifiquen sus decisiones o que sean robados documentos durante este periodo de Sede Vacante, previo al c\u00f3nclave que elegir\u00e1 al nuevo Pont\u00edfice.<\/p>\n\n\n\n<p>El sigilo tuvo lugar justo despu\u00e9s del rito solemne de la constataci\u00f3n de la muerte y la deposici\u00f3n del cuerpo en el ata\u00fad, seg\u00fan se establece en el Ordo Exsequiarum Romani Pontificis, el libro lit\u00fargico cuya \u00faltima edici\u00f3n fue aprobada por el propio pont\u00edfice el 29 de abril de 2024 y publicada en noviembre del mismo a\u00f1o.<\/p>\n\n\n\n<p>Los restos del Papa Francisco han sido trasladados a la capilla de Santa Marta donde ha sido le\u00eddo el informe de su defunci\u00f3n.<\/p>\n\n\n\n<p><a href=\"https:\/\/www.facebook.com\/hashtag\/papafrancisco?__eep__=6&amp;__cft__[0]=AZW11-qrliRAQNUqj15lfaaXDSYnhTwmlf0bk1inq2kXUo8mJgpX2pIboRbJIx0pHbC3PhzKZ_B54oCiZfC9J4if6UpS6Ppyx_eSCRx5wSQQcLKlTc7W3NxMn2rAsSSs1dQfG2YQZKYVXZZXpj6g-QsO92h50nKcWM0kNVeoLq8h0eQtyB-n1skzkg3TuIyMeluW9R3mIqUP01tbCHsFUkVD&amp;__tn__=*NK-R\">#PapaFrancisco<\/a>. <a href=\"https:\/\/www.facebook.com\/hashtag\/duelo?__eep__=6&amp;__cft__[0]=AZW11-qrliRAQNUqj15lfaaXDSYnhTwmlf0bk1inq2kXUo8mJgpX2pIboRbJIx0pHbC3PhzKZ_B54oCiZfC9J4if6UpS6Ppyx_eSCRx5wSQQcLKlTc7W3NxMn2rAsSSs1dQfG2YQZKYVXZZXpj6g-QsO92h50nKcWM0kNVeoLq8h0eQtyB-n1skzkg3TuIyMeluW9R3mIqUP01tbCHsFUkVD&amp;__tn__=*NK-R\">#Duelo<\/a><a href=\"https:\/\/www.facebook.com\/hashtag\/elvaticano?__eep__=6&amp;__cft__[0]=AZW11-qrliRAQNUqj15lfaaXDSYnhTwmlf0bk1inq2kXUo8mJgpX2pIboRbJIx0pHbC3PhzKZ_B54oCiZfC9J4if6UpS6Ppyx_eSCRx5wSQQcLKlTc7W3NxMn2rAsSSs1dQfG2YQZKYVXZZXpj6g-QsO92h50nKcWM0kNVeoLq8h0eQtyB-n1skzkg3TuIyMeluW9R3mIqUP01tbCHsFUkVD&amp;__tn__=*NK-R\">#ElVaticano<\/a><\/p>\n\n\n\n<figure class=\"wp-block-gallery has-nested-images columns-default is-cropped wp-block-gallery-1 is-layout-flex wp-block-gallery-is-layout-flex\">\n<figure class=\"wp-block-image size-large\"><img loading=\"lazy\" decoding=\"async\" width=\"672\" height=\"448\" data-id=\"101387\" src=\"https:\/\/elmetropolitano.com.gt\/es\/wp-content\/uploads\/2025\/04\/491800860_1203942101731871_5247118420185190436_n-1.jpg\" alt=\"\" class=\"wp-image-101387\" srcset=\"https:\/\/elmetropolitano.com.gt\/es\/wp-content\/uploads\/2025\/04\/491800860_1203942101731871_5247118420185190436_n-1.jpg 672w, https:\/\/elmetropolitano.com.gt\/es\/wp-content\/uploads\/2025\/04\/491800860_1203942101731871_5247118420185190436_n-1-300x200.jpg 300w\" sizes=\"auto, (max-width: 672px) 100vw, 672px\" \/><\/figure>\n\n\n\n<figure class=\"wp-block-image size-large\"><img loading=\"lazy\" decoding=\"async\" width=\"1024\" height=\"525\" data-id=\"101388\" src=\"https:\/\/elmetropolitano.com.gt\/es\/wp-content\/uploads\/2025\/04\/492084528_1203952228397525_8575625597188770348_n-1024x525.jpg\" alt=\"\" class=\"wp-image-101388\" srcset=\"https:\/\/elmetropolitano.com.gt\/es\/wp-content\/uploads\/2025\/04\/492084528_1203952228397525_8575625597188770348_n-1024x525.jpg 1024w, https:\/\/elmetropolitano.com.gt\/es\/wp-content\/uploads\/2025\/04\/492084528_1203952228397525_8575625597188770348_n-300x154.jpg 300w, https:\/\/elmetropolitano.com.gt\/es\/wp-content\/uploads\/2025\/04\/492084528_1203952228397525_8575625597188770348_n-768x394.jpg 768w, https:\/\/elmetropolitano.com.gt\/es\/wp-content\/uploads\/2025\/04\/492084528_1203952228397525_8575625597188770348_n.jpg 1170w\" sizes=\"auto, (max-width: 1024px) 100vw, 1024px\" \/><\/figure>\n\n\n\n<figure class=\"wp-block-image size-large\"><img loading=\"lazy\" decoding=\"async\" width=\"1024\" height=\"503\" data-id=\"101386\" src=\"https:\/\/elmetropolitano.com.gt\/es\/wp-content\/uploads\/2025\/04\/492337023_1203952208397527_8796759470513589403_n-1024x503.jpg\" alt=\"\" class=\"wp-image-101386\" srcset=\"https:\/\/elmetropolitano.com.gt\/es\/wp-content\/uploads\/2025\/04\/492337023_1203952208397527_8796759470513589403_n-1024x503.jpg 1024w, https:\/\/elmetropolitano.com.gt\/es\/wp-content\/uploads\/2025\/04\/492337023_1203952208397527_8796759470513589403_n-300x147.jpg 300w, https:\/\/elmetropolitano.com.gt\/es\/wp-content\/uploads\/2025\/04\/492337023_1203952208397527_8796759470513589403_n-768x377.jpg 768w, https:\/\/elmetropolitano.com.gt\/es\/wp-content\/uploads\/2025\/04\/492337023_1203952208397527_8796759470513589403_n.jpg 1170w\" sizes=\"auto, (max-width: 1024px) 100vw, 1024px\" \/><\/figure>\n\n\n\n<figure class=\"wp-block-image size-large\"><img loading=\"lazy\" decoding=\"async\" width=\"600\" height=\"400\" data-id=\"101385\" src=\"https:\/\/elmetropolitano.com.gt\/es\/wp-content\/uploads\/2025\/04\/492526720_1203942115065203_5356239263183180351_n.jpg\" alt=\"\" class=\"wp-image-101385\" srcset=\"https:\/\/elmetropolitano.com.gt\/es\/wp-content\/uploads\/2025\/04\/492526720_1203942115065203_5356239263183180351_n.jpg 600w, https:\/\/elmetropolitano.com.gt\/es\/wp-content\/uploads\/2025\/04\/492526720_1203942115065203_5356239263183180351_n-300x200.jpg 300w\" sizes=\"auto, (max-width: 600px) 100vw, 600px\" \/><\/figure>\n<\/figure>\n","protected":false},"excerpt":{"rendered":"<p>El Secretario de Estado del Vaticano, Cardenal Pietro Parolin; el Sustituto para Asuntos Generales, Arzobispo Edgar Pe\u00f1a Parra; y el Camarlengo, Cardenal Kevin Farrell, procedieron a sellar la habitaci\u00f3n del Papa Francisco y los dem\u00e1s espacios que utilizaba en la Casa Santa Marta, donde falleci\u00f3 esta ma\u00f1ana, as\u00ed como en el Palacio Apost\u00f3lico. El procedimiento <a class=\"read-more\" href=\"https:\/\/elmetropolitano.com.gt\/es\/el-cardenal-camarlengo-sello-las-habitaciones-del-papa-francisco-en-santa-marta-y-el-palacio-apostolico\/\">Leer m\u00e1s<\/a><\/p>\n","protected":false},"author":1,"featured_media":101384,"comment_status":"open","ping_status":"closed","sticky":false,"template":"","format":"standard","meta":{"footnotes":""},"categories":[14],"tags":[15],"class_list":["post-101383","post","type-post","status-publish","format-standard","has-post-thumbnail","hentry","category-internacionales","tag-internacionales"],"_links":{"self":[{"href":"https:\/\/elmetropolitano.com.gt\/es\/wp-json\/wp\/v2\/posts\/101383","targetHints":{"allow":["GET"]}}],"collection":[{"href":"https:\/\/elmetropolitano.com.gt\/es\/wp-json\/wp\/v2\/posts"}],"about":[{"href":"https:\/\/elmetropolitano.com.gt\/es\/wp-json\/wp\/v2\/types\/post"}],"author":[{"embeddable":true,"href":"https:\/\/elmetropolitano.com.gt\/es\/wp-json\/wp\/v2\/users\/1"}],"replies":[{"embeddable":true,"href":"https:\/\/elmetropolitano.com.gt\/es\/wp-json\/wp\/v2\/comments?post=101383"}],"version-history":[{"count":1,"href":"https:\/\/elmetropolitano.com.gt\/es\/wp-json\/wp\/v2\/posts\/101383\/revisions"}],"predecessor-version":[{"id":101389,"href":"https:\/\/elmetropolitano.com.gt\/es\/wp-json\/wp\/v2\/posts\/101383\/revisions\/101389"}],"wp:featuredmedia":[{"embeddable":true,"href":"https:\/\/elmetropolitano.com.gt\/es\/wp-json\/wp\/v2\/media\/101384"}],"wp:attachment":[{"href":"https:\/\/elmetropolitano.com.gt\/es\/wp-json\/wp\/v2\/media?parent=101383"}],"wp:term":[{"taxonomy":"category","embeddable":true,"href":"https:\/\/elmetropolitano.com.gt\/es\/wp-json\/wp\/v2\/categories?post=101383"},{"taxonomy":"post_tag","embeddable":true,"href":"https:\/\/elmetropolitano.com.gt\/es\/wp-json\/wp\/v2\/tags?post=101383"}],"curies":[{"name":"wp","href":"https:\/\/api.w.org\/{rel}","templated":true}]}}