{"id":101549,"date":"2025-04-24T11:36:43","date_gmt":"2025-04-24T17:36:43","guid":{"rendered":"https:\/\/elmetropolitano.com.gt\/es\/?p=101549"},"modified":"2025-04-24T11:36:44","modified_gmt":"2025-04-24T17:36:44","slug":"ex-alcalde-de-san-miguel-tucuru-condenado-a-3-anos-de-prision","status":"publish","type":"post","link":"https:\/\/elmetropolitano.com.gt\/es\/ex-alcalde-de-san-miguel-tucuru-condenado-a-3-anos-de-prision\/","title":{"rendered":"Ex alcalde de San Miguel Tucuru condenado a 3 a\u00f1os de Prisi\u00f3n"},"content":{"rendered":"\n<p>Ren\u00e9 Alfredo Cun Pec, en su calidad de alcalde de San Miguel Tucur\u00fa, Alta Verapaz, entre <a><\/a>diciembre de 2014 y enero de 2016 consinti\u00f3 la sustracci\u00f3n de Q107 mil 860 de las arcas de esa comuna, con lo que cometi\u00f3 el delito de peculado por sustracci\u00f3n en forma continuada.<\/p>\n\n\n\n<p>Por esto, la Fiscal\u00eda contra la Corrupci\u00f3n del Ministerio P\u00fablico logr\u00f3 que el Juzgado de Primera Instancia Penal de Cob\u00e1n lo condenara a 3 a\u00f1os y 4 meses de prisi\u00f3n y a pagar Q6,666.66 de multa.<\/p><div class=\"elmet-contenido\" id=\"elmet-2766874702\"><div class=\"elmet-adlabel\">Anuncios<\/div><div style=\"margin-top: 20px;margin-right: 20px;margin-bottom: 20px;margin-left: 20px;\" id=\"elmet-1157646243\"><a href=\"https:\/\/www.facebook.com\/arrincuanantigua\/\" aria-label=\"cintillo-arrin-cual\"><img loading=\"lazy\" decoding=\"async\" src=\"https:\/\/elmetropolitano.com.gt\/es\/wp-content\/uploads\/2021\/11\/cintillo-arrin-cual-1.jpg\" alt=\"\"  srcset=\"https:\/\/elmetropolitano.com.gt\/es\/wp-content\/uploads\/2021\/11\/cintillo-arrin-cual-1.jpg 750w, https:\/\/elmetropolitano.com.gt\/es\/wp-content\/uploads\/2021\/11\/cintillo-arrin-cual-1-300x36.jpg 300w, https:\/\/elmetropolitano.com.gt\/es\/wp-content\/uploads\/2021\/11\/cintillo-arrin-cual-1-600x72.jpg 600w\" sizes=\"(max-width: 750px) 100vw, 750px\" width=\"750\" height=\"90\"   \/><\/a><\/div><\/div>\n\n\n\n<p>Adem\u00e1s, deber\u00e1 devolver la suma sustra\u00edda, fue inhabilitado para ocupar cargos, empleos y comisiones p\u00fablicas durante cuatro a\u00f1os y tiene que donar Q5 mil a cada una de las escuelas de los caser\u00edos Chitum Lalaut\u00e9 y Lomas de Cham\u00e1.<\/p>\n\n\n\n<p>El dinero le fue entregado por el Consejo Departamental de Desarrollo de Alta Verapaz para la ejecuci\u00f3n de obras y proyectos relacionados con la construcci\u00f3n de centros de convergencia en las comunidades, los cuales no se edificaron.<\/p>\n\n\n\n<p><a href=\"https:\/\/www.facebook.com\/hashtag\/mpfuerteyfirme?__eep__=6&amp;__cft__[0]=AZXwRB4bwTuWONsC1erbxG0RxhxV-FlXrUgk2_pIuagx-hJQISoQvHHGeZVYyeP9MTr1w6q0CDPdxJ9lwOyJ8xeeHtXLoqmkZuF44-KiSdR4JK-gBnqEMLhYXieyGlBJFdmvjDv2VW3S4eGPjctarpAIqsEDEkErTHylmomSa4vPfnmrHyd7Lua_ixvxNR5hZ77ZTTbUalQymIQj5s2RYX06SCIXbTmccWGQp6_r_0sjsg&amp;__tn__=*NK-y-R\">#MPfuerteYfirme<\/a><a href=\"https:\/\/www.facebook.com\/hashtag\/altaverapaz?__eep__=6&amp;__cft__[0]=AZXwRB4bwTuWONsC1erbxG0RxhxV-FlXrUgk2_pIuagx-hJQISoQvHHGeZVYyeP9MTr1w6q0CDPdxJ9lwOyJ8xeeHtXLoqmkZuF44-KiSdR4JK-gBnqEMLhYXieyGlBJFdmvjDv2VW3S4eGPjctarpAIqsEDEkErTHylmomSa4vPfnmrHyd7Lua_ixvxNR5hZ77ZTTbUalQymIQj5s2RYX06SCIXbTmccWGQp6_r_0sjsg&amp;__tn__=*NK-y-R\">#AltaVerapaz<\/a><\/p>\n\n\n\n<p><a href=\"https:\/\/www.facebook.com\/hashtag\/sentenciacondenatoria?__eep__=6&amp;__cft__[0]=AZXwRB4bwTuWONsC1erbxG0RxhxV-FlXrUgk2_pIuagx-hJQISoQvHHGeZVYyeP9MTr1w6q0CDPdxJ9lwOyJ8xeeHtXLoqmkZuF44-KiSdR4JK-gBnqEMLhYXieyGlBJFdmvjDv2VW3S4eGPjctarpAIqsEDEkErTHylmomSa4vPfnmrHyd7Lua_ixvxNR5hZ77ZTTbUalQymIQj5s2RYX06SCIXbTmccWGQp6_r_0sjsg&amp;__tn__=*NK-y-R\">#SentenciaCondenatoria<\/a><a href=\"https:\/\/www.facebook.com\/hashtag\/sanmigueltucuru?__eep__=6&amp;__cft__[0]=AZXwRB4bwTuWONsC1erbxG0RxhxV-FlXrUgk2_pIuagx-hJQISoQvHHGeZVYyeP9MTr1w6q0CDPdxJ9lwOyJ8xeeHtXLoqmkZuF44-KiSdR4JK-gBnqEMLhYXieyGlBJFdmvjDv2VW3S4eGPjctarpAIqsEDEkErTHylmomSa4vPfnmrHyd7Lua_ixvxNR5hZ77ZTTbUalQymIQj5s2RYX06SCIXbTmccWGQp6_r_0sjsg&amp;__tn__=*NK-y-R\">#SanMiguelTucuru<\/a><\/p>\n","protected":false},"excerpt":{"rendered":"<p>Ren\u00e9 Alfredo Cun Pec, en su calidad de alcalde de San Miguel Tucur\u00fa, Alta Verapaz, entre diciembre de 2014 y enero de 2016 consinti\u00f3 la sustracci\u00f3n de Q107 mil 860 de las arcas de esa comuna, con lo que cometi\u00f3 el delito de peculado por sustracci\u00f3n en forma continuada. Por esto, la Fiscal\u00eda contra la <a class=\"read-more\" href=\"https:\/\/elmetropolitano.com.gt\/es\/ex-alcalde-de-san-miguel-tucuru-condenado-a-3-anos-de-prision\/\">Leer m\u00e1s<\/a><\/p>\n","protected":false},"author":1,"featured_media":101550,"comment_status":"open","ping_status":"closed","sticky":false,"template":"","format":"standard","meta":{"footnotes":""},"categories":[4],"tags":[13],"class_list":["post-101549","post","type-post","status-publish","format-standard","has-post-thumbnail","hentry","category-departamentales","tag-departamentales"],"_links":{"self":[{"href":"https:\/\/elmetropolitano.com.gt\/es\/wp-json\/wp\/v2\/posts\/101549","targetHints":{"allow":["GET"]}}],"collection":[{"href":"https:\/\/elmetropolitano.com.gt\/es\/wp-json\/wp\/v2\/posts"}],"about":[{"href":"https:\/\/elmetropolitano.com.gt\/es\/wp-json\/wp\/v2\/types\/post"}],"author":[{"embeddable":true,"href":"https:\/\/elmetropolitano.com.gt\/es\/wp-json\/wp\/v2\/users\/1"}],"replies":[{"embeddable":true,"href":"https:\/\/elmetropolitano.com.gt\/es\/wp-json\/wp\/v2\/comments?post=101549"}],"version-history":[{"count":1,"href":"https:\/\/elmetropolitano.com.gt\/es\/wp-json\/wp\/v2\/posts\/101549\/revisions"}],"predecessor-version":[{"id":101551,"href":"https:\/\/elmetropolitano.com.gt\/es\/wp-json\/wp\/v2\/posts\/101549\/revisions\/101551"}],"wp:featuredmedia":[{"embeddable":true,"href":"https:\/\/elmetropolitano.com.gt\/es\/wp-json\/wp\/v2\/media\/101550"}],"wp:attachment":[{"href":"https:\/\/elmetropolitano.com.gt\/es\/wp-json\/wp\/v2\/media?parent=101549"}],"wp:term":[{"taxonomy":"category","embeddable":true,"href":"https:\/\/elmetropolitano.com.gt\/es\/wp-json\/wp\/v2\/categories?post=101549"},{"taxonomy":"post_tag","embeddable":true,"href":"https:\/\/elmetropolitano.com.gt\/es\/wp-json\/wp\/v2\/tags?post=101549"}],"curies":[{"name":"wp","href":"https:\/\/api.w.org\/{rel}","templated":true}]}}