{"id":101611,"date":"2025-04-25T10:50:10","date_gmt":"2025-04-25T16:50:10","guid":{"rendered":"https:\/\/elmetropolitano.com.gt\/es\/?p=101611"},"modified":"2025-04-25T10:50:11","modified_gmt":"2025-04-25T16:50:11","slug":"organizaciones-internacionales-de-dh-expresan-que-hay-nuevo-intento-del-mp-por-intimidar-y-silenciar-a-quienes-luchan-por-la-democracia","status":"publish","type":"post","link":"https:\/\/elmetropolitano.com.gt\/es\/organizaciones-internacionales-de-dh-expresan-que-hay-nuevo-intento-del-mp-por-intimidar-y-silenciar-a-quienes-luchan-por-la-democracia\/","title":{"rendered":"Organizaciones internacionales de DH expresan que hay nuevo intento del MP por intimidar y silenciar a quienes luchan por la democracia"},"content":{"rendered":"\n<p>Organizaciones de derechos humanos internacionales como WOLA, cejil, ImpunityWatchGt y una decena de estas organizaciones condenan la criminalizaci\u00f3n de las autoridades ind\u00edgenas de 48 Cantones y l\u00edderes como Luis Pacheco y H\u00e9ctor Chacl\u00e1n<\/p>\n\n\n\n<p>Indicando que las detenciones y acciones judiciales \u201cconfiguran un nuevo intento del MP por intimidar y <a><\/a>silenciar a las personas que luchan por un pa\u00eds m\u00e1s justo y democr\u00e1tico\u201d<\/p><div class=\"elmet-contenido\" id=\"elmet-2896448030\"><div class=\"elmet-adlabel\">Anuncios<\/div><div style=\"margin-top: 20px;margin-right: 20px;margin-bottom: 20px;margin-left: 20px;\" id=\"elmet-660504259\"><a href=\"https:\/\/www.facebook.com\/arrincuanantigua\/\" aria-label=\"cintillo-arrin-cual\"><img loading=\"lazy\" decoding=\"async\" src=\"https:\/\/elmetropolitano.com.gt\/es\/wp-content\/uploads\/2021\/11\/cintillo-arrin-cual-1.jpg\" alt=\"\"  srcset=\"https:\/\/elmetropolitano.com.gt\/es\/wp-content\/uploads\/2021\/11\/cintillo-arrin-cual-1.jpg 750w, https:\/\/elmetropolitano.com.gt\/es\/wp-content\/uploads\/2021\/11\/cintillo-arrin-cual-1-300x36.jpg 300w, https:\/\/elmetropolitano.com.gt\/es\/wp-content\/uploads\/2021\/11\/cintillo-arrin-cual-1-600x72.jpg 600w\" sizes=\"(max-width: 750px) 100vw, 750px\" width=\"750\" height=\"90\"   \/><\/a><\/div><\/div>\n\n\n\n<p>Esto expresa el comunicado:<\/p>\n\n\n\n<p>Las organizaciones firmantes expresamos nuestra profunda alarma y rechazo ante la reciente detenci\u00f3n de Luis Pacheco y H\u00e9ctor Chacl\u00e1n, ex-autoridades ancestrales de los 48 Cantones de Totonicap\u00e1n.<\/p>\n\n\n\n<p>Las acusaciones formuladas -entre ellas terrorismo y asociaci\u00f3n il\u00edcita-, y el contexto en el que ocurren, evidencian la continuidad de la criminalizaci\u00f3n como herramienta de presi\u00f3n pol\u00edtica.<\/p>\n\n\n\n<p>El Ministerio P\u00fablico (MP) ha anunciado su intenci\u00f3n de solicitar el retiro de la inmunidad del actual gobernador de Solol\u00e1, Edgar Tuy, quien tambi\u00e9n desempe\u00f1\u00f3 su funci\u00f3n de autoridad de su pueblo maya kaqchikel de Solol\u00e1, y particip\u00f3 en las protestas pac\u00edficas en defensa de la democracia.<\/p>\n\n\n\n<p>Esta acci\u00f3n confirma la existencia de una estrategia sistem\u00e1tica de represalia contra las autoridades comunitarias que defendieron el proceso electoral en un momento cr\u00edtico de la historia reciente del pa\u00eds.<\/p>\n\n\n\n<p>Las acciones contra las autoridades comunitarias deben entenderse en el marco de la crisis institucional vivida en 2023, cuando se intent\u00f3 dar un golpe de estado desconociendo los resultados electorales.<\/p>\n\n\n\n<p>En ese momento, diversas<\/p>\n\n\n\n<p>autoridades ind\u00edgenas encabezaron protestas pac\u00edficas, que se prolongaron por m\u00e1s de 100 d\u00edas, en defensa del orden constitucional y la voluntad popular expresada en las urnas.<\/p>\n\n\n\n<p>Estas detenciones y acciones judiciales configuran un nuevo intento del MP por intimidar y silenciar a las personas que luchan por un pa\u00eds m\u00e1s justo y democr\u00e1tico.<\/p>\n\n\n\n<p>Las organizaciones firmantes recuerdan que la Comisi\u00f3n Interamericana de Derechos Humanos<\/p>\n\n\n\n<p>(CIDH) y el Comit\u00e9 de Derechos Humanos de la Organizaci\u00f3n de las Naciones Unidas&#8217;, han reconocido en m\u00faltiples instancias que la protesta \u00abjuega un papel fundamental en el desarrollo y el fortalecimiento de los sistemas democr\u00e1ticos\u00bb<\/p>\n\n\n\n<p>. Esto incluye tambi\u00e9n el v\u00ednculo entre protestas y la participaci\u00f3n ciudadana en las elecciones y los referendos, pues las protestas \u00bb pueden contribuir al pleno disfrute de los derechos civiles, pol\u00edticos, econ\u00f3micos, sociales y culturales\u00bb<\/p>\n\n\n\n<p>Las autoridades indigenas ancestrales han sido pilares de la defensa de los derechos colectivos, el fortalecimiento del Estado de Derecho y la garant\u00eda de una transici\u00f3n democr\u00e1tica pacifica.<\/p>\n\n\n\n<p>Su criminalizaci\u00f3n representa no s\u00f3lo una vulneraci\u00f3n a los derechos de participaci\u00f3n, asociaci\u00f3n y protesta pac\u00edfica, tambi\u00e9n es un atentado contra la libre determinaci\u00f3n de los pueblos.<\/p>\n\n\n\n<p>Por todo lo anterior, demandamos:<\/p>\n\n\n\n<p>1. El cese inmediato de la criminalizaci\u00f3n ejercida por el Ministerio P\u00fablico contra autoridades ind\u00edgenas y l\u00edderes comunitarios, y dem\u00e1s personas perseguidas infundadamente, tal cual le ha sido requerido por parte de organismos internacionales de protecci\u00f3n de derechos humanos.<\/p>\n\n\n\n<p>2. Que el Estado de Guatemala cumpla con sus compromisos internacionales<\/p>\n\n\n\n<p>reconociendo p\u00fablicamente el papel leg\u00edtimo, hist\u00f3rico y fundamental que<\/p>\n\n\n\n<p>han desempe\u00f1ado las autoridades ind\u00edgenas en la defensa de la democracia y de los derechos humanos.<\/p>\n\n\n\n<p><a href=\"https:\/\/www.facebook.com\/hashtag\/metroredes?__eep__=6&amp;__cft__[0]=AZWUUR2bNMmCylLXTa_fcJEeUU-9WJvY4tnsp2YLo6kylcn8ZuY2Y-SSsz18JZVz3r9Gbr_F1wvB2L302ZjOoRE8hWg_De9brnxnqds_48WE7ynQavih5uxVf-SaNyRwygb1fimdiNd1Bwqye8F47xN0wQyoRj3c4kM0_QP6-X1vZ9TmGP8kydCM65HhD5YkXfR-K98YYg9aFAtQdtZ8HX9I&amp;__tn__=*NK-R\">#Metroredes<\/a><a href=\"https:\/\/www.facebook.com\/hashtag\/48cantones?__eep__=6&amp;__cft__[0]=AZWUUR2bNMmCylLXTa_fcJEeUU-9WJvY4tnsp2YLo6kylcn8ZuY2Y-SSsz18JZVz3r9Gbr_F1wvB2L302ZjOoRE8hWg_De9brnxnqds_48WE7ynQavih5uxVf-SaNyRwygb1fimdiNd1Bwqye8F47xN0wQyoRj3c4kM0_QP6-X1vZ9TmGP8kydCM65HhD5YkXfR-K98YYg9aFAtQdtZ8HX9I&amp;__tn__=*NK-R\">#48cantones<\/a><\/p>\n\n\n\n<figure class=\"wp-block-gallery has-nested-images columns-default is-cropped wp-block-gallery-1 is-layout-flex wp-block-gallery-is-layout-flex\">\n<figure class=\"wp-block-image size-large\"><img loading=\"lazy\" decoding=\"async\" width=\"791\" height=\"1024\" data-id=\"101613\" src=\"https:\/\/elmetropolitano.com.gt\/es\/wp-content\/uploads\/2025\/04\/492640685_1206471584812256_759738307359966823_n-1-791x1024.jpg\" alt=\"\" class=\"wp-image-101613\" srcset=\"https:\/\/elmetropolitano.com.gt\/es\/wp-content\/uploads\/2025\/04\/492640685_1206471584812256_759738307359966823_n-1-791x1024.jpg 791w, https:\/\/elmetropolitano.com.gt\/es\/wp-content\/uploads\/2025\/04\/492640685_1206471584812256_759738307359966823_n-1-232x300.jpg 232w, https:\/\/elmetropolitano.com.gt\/es\/wp-content\/uploads\/2025\/04\/492640685_1206471584812256_759738307359966823_n-1-768x994.jpg 768w, https:\/\/elmetropolitano.com.gt\/es\/wp-content\/uploads\/2025\/04\/492640685_1206471584812256_759738307359966823_n-1-1187x1536.jpg 1187w, https:\/\/elmetropolitano.com.gt\/es\/wp-content\/uploads\/2025\/04\/492640685_1206471584812256_759738307359966823_n-1.jpg 1236w\" sizes=\"auto, (max-width: 791px) 100vw, 791px\" \/><\/figure>\n<\/figure>\n","protected":false},"excerpt":{"rendered":"<p>Organizaciones de derechos humanos internacionales como WOLA, cejil, ImpunityWatchGt y una decena de estas organizaciones condenan la criminalizaci\u00f3n de las autoridades ind\u00edgenas de 48 Cantones y l\u00edderes como Luis Pacheco y H\u00e9ctor Chacl\u00e1n Indicando que las detenciones y acciones judiciales \u201cconfiguran un nuevo intento del MP por intimidar y silenciar a las personas que luchan <a class=\"read-more\" href=\"https:\/\/elmetropolitano.com.gt\/es\/organizaciones-internacionales-de-dh-expresan-que-hay-nuevo-intento-del-mp-por-intimidar-y-silenciar-a-quienes-luchan-por-la-democracia\/\">Leer m\u00e1s<\/a><\/p>\n","protected":false},"author":1,"featured_media":101612,"comment_status":"open","ping_status":"closed","sticky":false,"template":"","format":"standard","meta":{"footnotes":""},"categories":[1],"tags":[12],"class_list":["post-101611","post","type-post","status-publish","format-standard","has-post-thumbnail","hentry","category-uncategorized","tag-nacionales"],"_links":{"self":[{"href":"https:\/\/elmetropolitano.com.gt\/es\/wp-json\/wp\/v2\/posts\/101611","targetHints":{"allow":["GET"]}}],"collection":[{"href":"https:\/\/elmetropolitano.com.gt\/es\/wp-json\/wp\/v2\/posts"}],"about":[{"href":"https:\/\/elmetropolitano.com.gt\/es\/wp-json\/wp\/v2\/types\/post"}],"author":[{"embeddable":true,"href":"https:\/\/elmetropolitano.com.gt\/es\/wp-json\/wp\/v2\/users\/1"}],"replies":[{"embeddable":true,"href":"https:\/\/elmetropolitano.com.gt\/es\/wp-json\/wp\/v2\/comments?post=101611"}],"version-history":[{"count":1,"href":"https:\/\/elmetropolitano.com.gt\/es\/wp-json\/wp\/v2\/posts\/101611\/revisions"}],"predecessor-version":[{"id":101614,"href":"https:\/\/elmetropolitano.com.gt\/es\/wp-json\/wp\/v2\/posts\/101611\/revisions\/101614"}],"wp:featuredmedia":[{"embeddable":true,"href":"https:\/\/elmetropolitano.com.gt\/es\/wp-json\/wp\/v2\/media\/101612"}],"wp:attachment":[{"href":"https:\/\/elmetropolitano.com.gt\/es\/wp-json\/wp\/v2\/media?parent=101611"}],"wp:term":[{"taxonomy":"category","embeddable":true,"href":"https:\/\/elmetropolitano.com.gt\/es\/wp-json\/wp\/v2\/categories?post=101611"},{"taxonomy":"post_tag","embeddable":true,"href":"https:\/\/elmetropolitano.com.gt\/es\/wp-json\/wp\/v2\/tags?post=101611"}],"curies":[{"name":"wp","href":"https:\/\/api.w.org\/{rel}","templated":true}]}}