{"id":101615,"date":"2025-04-25T10:53:08","date_gmt":"2025-04-25T16:53:08","guid":{"rendered":"https:\/\/elmetropolitano.com.gt\/es\/?p=101615"},"modified":"2025-04-25T10:53:09","modified_gmt":"2025-04-25T16:53:09","slug":"guatemala-busca-nuevos-mercados-para-la-exportacion-de-aguacate","status":"publish","type":"post","link":"https:\/\/elmetropolitano.com.gt\/es\/guatemala-busca-nuevos-mercados-para-la-exportacion-de-aguacate\/","title":{"rendered":"Guatemala busca nuevos mercados para la exportaci\u00f3n de aguacate"},"content":{"rendered":"\n<p>Durante la inauguraci\u00f3n de la planta empacadora de Avo Pack, en el departamento de Santa Rosa, el presidente Bernardo Ar\u00e9valo destac\u00f3 que su gobierno busca nuevos mercados para la exportaci\u00f3n del aguacate guatemalteco.<\/p>\n\n\n\n<p>\u201cEste evento es importante porque es una planta que va a procesar millones de aguacates que ser\u00e1n producidos en el pa\u00eds y que incentivar\u00e1 la econom\u00eda local y mejorar\u00e1 la exportaci\u00f3n de este producto\u201d <a><\/a>expres\u00f3 el Presidente Ar\u00e9valo en el evento<\/p><div class=\"elmet-contenido\" id=\"elmet-2246834008\"><div class=\"elmet-adlabel\">Anuncios<\/div><div style=\"margin-top: 20px;margin-right: 20px;margin-bottom: 20px;margin-left: 20px;\" id=\"elmet-3907025836\"><a href=\"https:\/\/www.facebook.com\/arrincuanantigua\/\" aria-label=\"cintillo-arrin-cual\"><img loading=\"lazy\" decoding=\"async\" src=\"https:\/\/elmetropolitano.com.gt\/es\/wp-content\/uploads\/2021\/11\/cintillo-arrin-cual-1.jpg\" alt=\"\"  srcset=\"https:\/\/elmetropolitano.com.gt\/es\/wp-content\/uploads\/2021\/11\/cintillo-arrin-cual-1.jpg 750w, https:\/\/elmetropolitano.com.gt\/es\/wp-content\/uploads\/2021\/11\/cintillo-arrin-cual-1-300x36.jpg 300w, https:\/\/elmetropolitano.com.gt\/es\/wp-content\/uploads\/2021\/11\/cintillo-arrin-cual-1-600x72.jpg 600w\" sizes=\"(max-width: 750px) 100vw, 750px\" width=\"750\" height=\"90\"   \/><\/a><\/div><\/div>\n\n\n\n<p>El gobernante destac\u00f3 que en estos meses se han agilizado los mecanismos para poder exportar el aguacate guatemalteco a pa\u00edses como Argentina, Estados Unidos y otros.<\/p>\n\n\n\n<p>Durante el evento, se cont\u00f3 con la participaci\u00f3n del embajador de Estados Unidos acreditado en el pa\u00eds, Tobin Bradley, y el ministro del Agricultura, Ganader\u00eda y Alimentaci\u00f3n (MAGA), Maynor Estrada.<\/p>\n\n\n\n<p>Las exportaciones<\/p>\n\n\n\n<p>El mandatario se\u00f1al\u00f3 que solo el a\u00f1o pasado se exportaron m\u00e1s de 12 mil kilogramos de aguacate a varios pa\u00edses como Pa\u00edses Bajos, Reino Unido, Espa\u00f1a, Alemania, Francia, Canad\u00e1 y todos los de Centroam\u00e9rica.<\/p>\n\n\n\n<p>Esto apoy\u00f3 a m\u00e1s de 6 mil trabajadores que contribuyen con su esfuerzo en esta industria y sosteniendo a sus propias familias, a\u00f1adi\u00f3.<\/p>\n\n\n\n<p>Adem\u00e1s, el presidente Ar\u00e9valo destac\u00f3 que estas exportaciones de 2024 reportaron m\u00e1s de 120 millones de quetzales y sigue creciendo.<\/p>\n\n\n\n<p>El Presidente destac\u00f3 que el aguacate es el tercer cultivo con mayor crecimiento en Guatemala. Esta planta empacadora representa una inversi\u00f3n importante en infraestructura y tecnolog\u00eda y es una muestra de confianza en el pa\u00eds.<\/p>\n\n\n\n<p>Sobre la planta<\/p>\n\n\n\n<p>Guatemala tambi\u00e9n particip\u00f3 en la inauguraci\u00f3n de la nueva planta de la empresa Mission, l\u00edder en la producci\u00f3n y exportaci\u00f3n de aguacate, con operaciones en nueve pa\u00edses, incluyendo M\u00e9xico, Guatemala, Per\u00fa y diversas regiones de Europa.<\/p>\n\n\n\n<p>Tambi\u00e9n particip\u00f3 Tobin Bradley, embajador de Estados Unidos en Guatemala, y Waleska Sterkel de Ortiz, directora ejecutiva de AmCham Guatemala.<\/p>\n\n\n\n<p>Con una inversi\u00f3n de 85 millones de d\u00f3lares en Guatemala, Mission refuerza su apuesta por el pa\u00eds como estrat\u00e9gico, aprovechando las ventajas competitivas como la conectividad a trav\u00e9s de los puertos guatemaltecos. Estos factores posicionan a Guatemala como un jugador clave en el crecimiento del consumo mundial de aguacate.<\/p>\n\n\n\n<p>Reafirman apoyo<\/p>\n\n\n\n<p>En tanto, el jefe del Ejecutivo destac\u00f3 que, como Gobierno, se apoya a nivel nacional con herramientas para sus cultivos a trav\u00e9s del MAGA.<\/p>\n\n\n\n<p>Nuestro compromiso es claro: apoyar a las y los productores, mejorar su acceso a mercados internacionales y asegurar condiciones comerciales m\u00e1s justas, asegur\u00f3 el mandatario.<\/p>\n\n\n\n<p>Adem\u00e1s, resalt\u00f3 que esto se puede lograr porque los pa\u00edses saben que est\u00e1n tratando con un gobierno democr\u00e1tico, confiable y comprometido con la poblaci\u00f3n de Guatemala.<\/p>\n\n\n\n<p>Asimismo, el MAGA continuar\u00e1 trabajando para que la producci\u00f3n cumpla con los m\u00e1s altos est\u00e1ndares de calidad e inocuidad, con apoyo para los agricultores.<\/p>\n\n\n\n<p>Apoyo de Estados Unidos<\/p>\n\n\n\n<p>En tanto, el embajador de los Estados Unidos en Guatemala resalt\u00f3 que este evento reafirma el compromiso y apoyo entre ambas naciones:<\/p>\n\n\n\n<p>Estamos ac\u00e1 para celebrar la instalaci\u00f3n de esta nueva empacadora de aguacate, que es una colaboraci\u00f3n de los Estados Unidos y que reafirma el compromiso con Guatemala.<\/p>\n\n\n\n<p>Adem\u00e1s, el diplom\u00e1tico resalt\u00f3 que estas acciones abren un nuevo capitulo en la colaboraci\u00f3n entre ambas naciones.<\/p>\n\n\n\n<p>Esta novena planta empacadora es m\u00e1s que un edificio, es una se\u00f1al de que Estados Unidos y Guatemala siguen trabajando juntos con una semilla compartida, asegur\u00f3 Bradley.<\/p>\n\n\n\n<p>Tambi\u00e9n destac\u00f3 que con esta nueva empresa se impulsa el empleo de agricultores y la prosperidad de las comunidades guatemaltecas.<\/p>\n\n\n\n<p>Texto: Brenda Larios<\/p>\n\n\n\n<p><a href=\"https:\/\/www.facebook.com\/hashtag\/aguacate?__eep__=6&amp;__cft__[0]=AZW8XhmDJ-b8tfhS9Nu4NnLNPxXBAne-mNYyEWaNxmKGsIhIIq7bNpiymMBQ9CwAqwTNRfSaZIH-3XW9sUuBuepLQNCzgyPbJ0X4Sk5sNkJPWXOqmqk3BzhJ8rt9mNsH2mMWyYnO5GfWFIMTdCy2PMvEiBxzdHA229soxu3fSStmCcJkF8LrFabL-AAWJKxbEBe1QwcXgeCelwcymf1SIal8&amp;__tn__=*NK-R\">#aguacate<\/a><a href=\"https:\/\/www.facebook.com\/hashtag\/elfinancierogt?__eep__=6&amp;__cft__[0]=AZW8XhmDJ-b8tfhS9Nu4NnLNPxXBAne-mNYyEWaNxmKGsIhIIq7bNpiymMBQ9CwAqwTNRfSaZIH-3XW9sUuBuepLQNCzgyPbJ0X4Sk5sNkJPWXOqmqk3BzhJ8rt9mNsH2mMWyYnO5GfWFIMTdCy2PMvEiBxzdHA229soxu3fSStmCcJkF8LrFabL-AAWJKxbEBe1QwcXgeCelwcymf1SIal8&amp;__tn__=*NK-R\">#elfinancierogt<\/a><a href=\"https:\/\/www.facebook.com\/hashtag\/maga?__eep__=6&amp;__cft__[0]=AZW8XhmDJ-b8tfhS9Nu4NnLNPxXBAne-mNYyEWaNxmKGsIhIIq7bNpiymMBQ9CwAqwTNRfSaZIH-3XW9sUuBuepLQNCzgyPbJ0X4Sk5sNkJPWXOqmqk3BzhJ8rt9mNsH2mMWyYnO5GfWFIMTdCy2PMvEiBxzdHA229soxu3fSStmCcJkF8LrFabL-AAWJKxbEBe1QwcXgeCelwcymf1SIal8&amp;__tn__=*NK-R\">#Maga<\/a><a href=\"https:\/\/www.facebook.com\/hashtag\/elagrochapin?__eep__=6&amp;__cft__[0]=AZW8XhmDJ-b8tfhS9Nu4NnLNPxXBAne-mNYyEWaNxmKGsIhIIq7bNpiymMBQ9CwAqwTNRfSaZIH-3XW9sUuBuepLQNCzgyPbJ0X4Sk5sNkJPWXOqmqk3BzhJ8rt9mNsH2mMWyYnO5GfWFIMTdCy2PMvEiBxzdHA229soxu3fSStmCcJkF8LrFabL-AAWJKxbEBe1QwcXgeCelwcymf1SIal8&amp;__tn__=*NK-R\">#Elagrochapin<\/a><a href=\"https:\/\/www.facebook.com\/hashtag\/metroredes?__eep__=6&amp;__cft__[0]=AZW8XhmDJ-b8tfhS9Nu4NnLNPxXBAne-mNYyEWaNxmKGsIhIIq7bNpiymMBQ9CwAqwTNRfSaZIH-3XW9sUuBuepLQNCzgyPbJ0X4Sk5sNkJPWXOqmqk3BzhJ8rt9mNsH2mMWyYnO5GfWFIMTdCy2PMvEiBxzdHA229soxu3fSStmCcJkF8LrFabL-AAWJKxbEBe1QwcXgeCelwcymf1SIal8&amp;__tn__=*NK-R\">#metroredes<\/a><\/p>\n\n\n\n<figure class=\"wp-block-gallery has-nested-images columns-default is-cropped wp-block-gallery-1 is-layout-flex wp-block-gallery-is-layout-flex\">\n<figure class=\"wp-block-image size-large\"><img loading=\"lazy\" decoding=\"async\" width=\"466\" height=\"310\" data-id=\"101617\" src=\"https:\/\/elmetropolitano.com.gt\/es\/wp-content\/uploads\/2025\/04\/492257879_1206483834811031_2152488565195737593_n-1.jpg\" alt=\"\" class=\"wp-image-101617\" srcset=\"https:\/\/elmetropolitano.com.gt\/es\/wp-content\/uploads\/2025\/04\/492257879_1206483834811031_2152488565195737593_n-1.jpg 466w, https:\/\/elmetropolitano.com.gt\/es\/wp-content\/uploads\/2025\/04\/492257879_1206483834811031_2152488565195737593_n-1-300x200.jpg 300w\" sizes=\"auto, (max-width: 466px) 100vw, 466px\" \/><\/figure>\n\n\n\n<figure class=\"wp-block-image size-large\"><img loading=\"lazy\" decoding=\"async\" width=\"466\" height=\"310\" data-id=\"101623\" src=\"https:\/\/elmetropolitano.com.gt\/es\/wp-content\/uploads\/2025\/04\/492354463_1206484011477680_2541550652044639326_n.jpg\" alt=\"\" class=\"wp-image-101623\" srcset=\"https:\/\/elmetropolitano.com.gt\/es\/wp-content\/uploads\/2025\/04\/492354463_1206484011477680_2541550652044639326_n.jpg 466w, https:\/\/elmetropolitano.com.gt\/es\/wp-content\/uploads\/2025\/04\/492354463_1206484011477680_2541550652044639326_n-300x200.jpg 300w\" sizes=\"auto, (max-width: 466px) 100vw, 466px\" \/><\/figure>\n\n\n\n<figure class=\"wp-block-image size-large\"><img loading=\"lazy\" decoding=\"async\" width=\"344\" height=\"360\" data-id=\"101621\" src=\"https:\/\/elmetropolitano.com.gt\/es\/wp-content\/uploads\/2025\/04\/492847755_1206483904811024_7135425845800548157_n.jpg\" alt=\"\" class=\"wp-image-101621\" srcset=\"https:\/\/elmetropolitano.com.gt\/es\/wp-content\/uploads\/2025\/04\/492847755_1206483904811024_7135425845800548157_n.jpg 344w, https:\/\/elmetropolitano.com.gt\/es\/wp-content\/uploads\/2025\/04\/492847755_1206483904811024_7135425845800548157_n-287x300.jpg 287w\" sizes=\"auto, (max-width: 344px) 100vw, 344px\" \/><\/figure>\n\n\n\n<figure class=\"wp-block-image size-large\"><img loading=\"lazy\" decoding=\"async\" width=\"360\" height=\"270\" data-id=\"101620\" src=\"https:\/\/elmetropolitano.com.gt\/es\/wp-content\/uploads\/2025\/04\/492875512_1206483838144364_6744923018832739882_n.jpg\" alt=\"\" class=\"wp-image-101620\" srcset=\"https:\/\/elmetropolitano.com.gt\/es\/wp-content\/uploads\/2025\/04\/492875512_1206483838144364_6744923018832739882_n.jpg 360w, https:\/\/elmetropolitano.com.gt\/es\/wp-content\/uploads\/2025\/04\/492875512_1206483838144364_6744923018832739882_n-300x225.jpg 300w\" sizes=\"auto, (max-width: 360px) 100vw, 360px\" \/><\/figure>\n\n\n\n<figure class=\"wp-block-image size-large\"><img loading=\"lazy\" decoding=\"async\" width=\"466\" height=\"310\" data-id=\"101618\" src=\"https:\/\/elmetropolitano.com.gt\/es\/wp-content\/uploads\/2025\/04\/493287632_1206484058144342_4459387106658561273_n.jpg\" alt=\"\" class=\"wp-image-101618\" srcset=\"https:\/\/elmetropolitano.com.gt\/es\/wp-content\/uploads\/2025\/04\/493287632_1206484058144342_4459387106658561273_n.jpg 466w, https:\/\/elmetropolitano.com.gt\/es\/wp-content\/uploads\/2025\/04\/493287632_1206484058144342_4459387106658561273_n-300x200.jpg 300w\" sizes=\"auto, (max-width: 466px) 100vw, 466px\" \/><\/figure>\n\n\n\n<figure class=\"wp-block-image size-large\"><img loading=\"lazy\" decoding=\"async\" width=\"466\" height=\"349\" data-id=\"101619\" src=\"https:\/\/elmetropolitano.com.gt\/es\/wp-content\/uploads\/2025\/04\/493313010_1206484068144341_9106834407856549945_n.jpg\" alt=\"\" class=\"wp-image-101619\" srcset=\"https:\/\/elmetropolitano.com.gt\/es\/wp-content\/uploads\/2025\/04\/493313010_1206484068144341_9106834407856549945_n.jpg 466w, https:\/\/elmetropolitano.com.gt\/es\/wp-content\/uploads\/2025\/04\/493313010_1206484068144341_9106834407856549945_n-300x225.jpg 300w\" sizes=\"auto, (max-width: 466px) 100vw, 466px\" \/><\/figure>\n\n\n\n<figure class=\"wp-block-image size-large\"><img loading=\"lazy\" decoding=\"async\" width=\"344\" height=\"360\" data-id=\"101622\" src=\"https:\/\/elmetropolitano.com.gt\/es\/wp-content\/uploads\/2025\/04\/493677169_1206483964811018_8646841449021139922_n.jpg\" alt=\"\" class=\"wp-image-101622\" srcset=\"https:\/\/elmetropolitano.com.gt\/es\/wp-content\/uploads\/2025\/04\/493677169_1206483964811018_8646841449021139922_n.jpg 344w, https:\/\/elmetropolitano.com.gt\/es\/wp-content\/uploads\/2025\/04\/493677169_1206483964811018_8646841449021139922_n-287x300.jpg 287w\" sizes=\"auto, (max-width: 344px) 100vw, 344px\" \/><\/figure>\n<\/figure>\n","protected":false},"excerpt":{"rendered":"<p>Durante la inauguraci\u00f3n de la planta empacadora de Avo Pack, en el departamento de Santa Rosa, el presidente Bernardo Ar\u00e9valo destac\u00f3 que su gobierno busca nuevos mercados para la exportaci\u00f3n del aguacate guatemalteco. \u201cEste evento es importante porque es una planta que va a procesar millones de aguacates que ser\u00e1n producidos en el pa\u00eds y <a class=\"read-more\" href=\"https:\/\/elmetropolitano.com.gt\/es\/guatemala-busca-nuevos-mercados-para-la-exportacion-de-aguacate\/\">Leer m\u00e1s<\/a><\/p>\n","protected":false},"author":1,"featured_media":101616,"comment_status":"open","ping_status":"closed","sticky":false,"template":"","format":"standard","meta":{"footnotes":""},"categories":[21],"tags":[20],"class_list":["post-101615","post","type-post","status-publish","format-standard","has-post-thumbnail","hentry","category-economia","tag-economia"],"_links":{"self":[{"href":"https:\/\/elmetropolitano.com.gt\/es\/wp-json\/wp\/v2\/posts\/101615","targetHints":{"allow":["GET"]}}],"collection":[{"href":"https:\/\/elmetropolitano.com.gt\/es\/wp-json\/wp\/v2\/posts"}],"about":[{"href":"https:\/\/elmetropolitano.com.gt\/es\/wp-json\/wp\/v2\/types\/post"}],"author":[{"embeddable":true,"href":"https:\/\/elmetropolitano.com.gt\/es\/wp-json\/wp\/v2\/users\/1"}],"replies":[{"embeddable":true,"href":"https:\/\/elmetropolitano.com.gt\/es\/wp-json\/wp\/v2\/comments?post=101615"}],"version-history":[{"count":1,"href":"https:\/\/elmetropolitano.com.gt\/es\/wp-json\/wp\/v2\/posts\/101615\/revisions"}],"predecessor-version":[{"id":101624,"href":"https:\/\/elmetropolitano.com.gt\/es\/wp-json\/wp\/v2\/posts\/101615\/revisions\/101624"}],"wp:featuredmedia":[{"embeddable":true,"href":"https:\/\/elmetropolitano.com.gt\/es\/wp-json\/wp\/v2\/media\/101616"}],"wp:attachment":[{"href":"https:\/\/elmetropolitano.com.gt\/es\/wp-json\/wp\/v2\/media?parent=101615"}],"wp:term":[{"taxonomy":"category","embeddable":true,"href":"https:\/\/elmetropolitano.com.gt\/es\/wp-json\/wp\/v2\/categories?post=101615"},{"taxonomy":"post_tag","embeddable":true,"href":"https:\/\/elmetropolitano.com.gt\/es\/wp-json\/wp\/v2\/tags?post=101615"}],"curies":[{"name":"wp","href":"https:\/\/api.w.org\/{rel}","templated":true}]}}