{"id":101646,"date":"2025-04-26T11:21:23","date_gmt":"2025-04-26T17:21:23","guid":{"rendered":"https:\/\/elmetropolitano.com.gt\/es\/?p=101646"},"modified":"2025-04-26T11:21:24","modified_gmt":"2025-04-26T17:21:24","slug":"nueva-calle-urbana-mejorara-la-movilidad-vial-de-mas-de-16000-vecinos-en-melchor-de-mencos-peten","status":"publish","type":"post","link":"https:\/\/elmetropolitano.com.gt\/es\/nueva-calle-urbana-mejorara-la-movilidad-vial-de-mas-de-16000-vecinos-en-melchor-de-mencos-peten\/","title":{"rendered":"Nueva calle urbana mejorar\u00e1 la movilidad vial de m\u00e1s de 16,000 vecinos en Melchor de Mencos, Pet\u00e9n"},"content":{"rendered":"\n<p>Para mejorar la movilidad vial de los vecinos de Melchor de Mencos y fortalecer la infraestructura urbana, el Ministerio de Comunicaciones, Infraestructura y Vivienda (CIV), a trav\u00e9s del Fondo Social de Solidaridad, ejecuta un importante proyecto de mejoramiento en el marco del Plan Conecta.<\/p>\n\n\n\n<p>La obra se desarrolla en la 5\u00aa avenida, desde la 9\u00aa hasta la 13 calle, en el casco urbano <a><\/a>de este municipio de Pet\u00e9n, y busca optimizar el tr\u00e1nsito local y elevar la calidad de vida de sus habitantes.<\/p><div class=\"elmet-contenido\" id=\"elmet-4150714664\"><div class=\"elmet-adlabel\">Anuncios<\/div><div style=\"margin-top: 20px;margin-right: 20px;margin-bottom: 20px;margin-left: 20px;\" id=\"elmet-95920470\"><a href=\"https:\/\/www.facebook.com\/arrincuanantigua\/\" aria-label=\"cintillo-arrin-cual\"><img loading=\"lazy\" decoding=\"async\" src=\"https:\/\/elmetropolitano.com.gt\/es\/wp-content\/uploads\/2021\/11\/cintillo-arrin-cual-1.jpg\" alt=\"\"  srcset=\"https:\/\/elmetropolitano.com.gt\/es\/wp-content\/uploads\/2021\/11\/cintillo-arrin-cual-1.jpg 750w, https:\/\/elmetropolitano.com.gt\/es\/wp-content\/uploads\/2021\/11\/cintillo-arrin-cual-1-300x36.jpg 300w, https:\/\/elmetropolitano.com.gt\/es\/wp-content\/uploads\/2021\/11\/cintillo-arrin-cual-1-600x72.jpg 600w\" sizes=\"(max-width: 750px) 100vw, 750px\" width=\"750\" height=\"90\"   \/><\/a><\/div><\/div>\n\n\n\n<p>Este proyecto contempla la construcci\u00f3n de una calle con pavimento de concreto, con una longitud de 408 metros y un ancho promedio de 5.42 metros. La capa de concreto tendr\u00e1 un espesor de 18.5 cent\u00edmetros, lo que garantiza durabilidad y resistencia al tr\u00e1nsito diario.<\/p>\n\n\n\n<p>Adem\u00e1s, se incorpora un arriate para jardinizaci\u00f3n, lo que aportar\u00e1 un entorno m\u00e1s agradable y ordenado.<\/p>\n\n\n\n<p>La obra, que beneficiar\u00e1 a m\u00e1s de 16,000 vecinos, incluye \u00e1reas de parqueo, banquetas peatonales, se\u00f1alizaci\u00f3n horizontal y vertical, rampas de paso peatonal y cunetas tipo U con tapaderas de concreto, as\u00ed como rejillas de acero para el adecuado manejo de aguas pluviales.<\/p>\n\n\n\n<p>Dora L\u00f3pez, comerciante del municipio, destaca que el pavimento que estaba antes ya ten\u00eda da\u00f1os en algunas partes. \u201cAhora tenemos una calle nueva para muchos a\u00f1os, esperamos que contin\u00faen los buenos proyectos en Pet\u00e9n, especialmente en nuestro querido municipio\u201d, expres\u00f3.<\/p>\n\n\n\n<p>Esta nueva v\u00eda no solo mejora el acceso y la movilidad urbana, sino que tambi\u00e9n representa un paso importante hacia el desarrollo integral del municipio, facilitando el tr\u00e1nsito peatonal y vehicular en una de sus principales arterias.<\/p>\n\n\n\n<p><a href=\"https:\/\/www.facebook.com\/hashtag\/civ?__eep__=6&amp;__cft__[0]=AZXyK_IJLIJ7JiMhZ0huCN508emCOQXJSq1ZrGMGKzM2N3NPn7bb8DHtvTWw0EkkjXP9elUPt-KMQQC96ylbpV89BOa2FeopXxM-tPTxUZauFRPFTOb0pitLRDEOwmVZPELL8VjwVwzv0XgxHILxsxMiVoTRh7XMWmFQitCP00ukjoqCLFfPiS1ATtT6EYTKK4KSz1GO74GcgFeZVwlZ-Euu&amp;__tn__=*NK-R\">#CIV<\/a><a href=\"https:\/\/www.facebook.com\/hashtag\/melchordemencos?__eep__=6&amp;__cft__[0]=AZXyK_IJLIJ7JiMhZ0huCN508emCOQXJSq1ZrGMGKzM2N3NPn7bb8DHtvTWw0EkkjXP9elUPt-KMQQC96ylbpV89BOa2FeopXxM-tPTxUZauFRPFTOb0pitLRDEOwmVZPELL8VjwVwzv0XgxHILxsxMiVoTRh7XMWmFQitCP00ukjoqCLFfPiS1ATtT6EYTKK4KSz1GO74GcgFeZVwlZ-Euu&amp;__tn__=*NK-R\">#melchordemencos<\/a> <a href=\"http:\/\/www.elmetropolitano.com.gt\/?fbclid=IwZXh0bgNhZW0CMTAAYnJpZBExTXp3SFpSRXlSbTY3eUxwMwEeZk4GWjBPcQ7yVN47INWkVhvJZVJuvP2aIaxTPPdUhWfIxycHoL4wo6BqIVE_aem_6jury1c71aVfLTu-64UNRg\" target=\"_blank\" rel=\"noreferrer noopener\">Www.elmetropolitano.com.gt<\/a> <a href=\"https:\/\/l.facebook.com\/l.php?u=http%3A%2F%2FWww.metroredes.com%2F%3Ffbclid%3DIwZXh0bgNhZW0CMTAAYnJpZBExTXp3SFpSRXlSbTY3eUxwMwEeZk4GWjBPcQ7yVN47INWkVhvJZVJuvP2aIaxTPPdUhWfIxycHoL4wo6BqIVE_aem_6jury1c71aVfLTu-64UNRg&amp;h=AT1fOAQZAOcPWXqRTn15bsTAO7bUG5DRb6mUAEXlJ9wN6PGsEaC9McUemTqtyuPvCwZV3gUgcCtXouJjDidotCh-QDfu7qcyyPnrxwinyq_UUVyQyKYIQdrr2lPbr1uqOlCvZilEClJHFGrp&amp;__tn__=-UK-R&amp;c[0]=AT0cUZYGBD7pjXYFdW5YKQzPD2tOR3w5eD5L9MLpYhFILBAFxpEBmSMW3f1xRWCdvekyEDDaaDh-LY2Cncj6m2xsUbJ3ixTnj_26AnIeZhGs87rKkiIX8zoO5__yFHohBYztT0EKB-nZAosT-12VZCvW-ExflbF8wm7GG2TCse8ZKbn61MySt0ddge7DMMlwtwycprmPjbJuCvCyVLz9VRp3v0bJ\" target=\"_blank\" rel=\"noreferrer noopener\">Www.metroredes.com<\/a><\/p>\n\n\n\n<figure class=\"wp-block-gallery has-nested-images columns-default is-cropped wp-block-gallery-1 is-layout-flex wp-block-gallery-is-layout-flex\">\n<figure class=\"wp-block-image size-large\"><img loading=\"lazy\" decoding=\"async\" width=\"190\" height=\"142\" data-id=\"101648\" src=\"https:\/\/elmetropolitano.com.gt\/es\/wp-content\/uploads\/2025\/04\/487943329_1207105504748864_4466042216436721580_n.jpg\" alt=\"\" class=\"wp-image-101648\"\/><\/figure>\n\n\n\n<figure class=\"wp-block-image size-large\"><img loading=\"lazy\" decoding=\"async\" width=\"190\" height=\"142\" data-id=\"101649\" src=\"https:\/\/elmetropolitano.com.gt\/es\/wp-content\/uploads\/2025\/04\/491099753_1207105448082203_6800220116333493547_n.jpg\" alt=\"\" class=\"wp-image-101649\"\/><\/figure>\n\n\n\n<figure class=\"wp-block-image size-large\"><img loading=\"lazy\" decoding=\"async\" width=\"800\" height=\"500\" data-id=\"101653\" src=\"https:\/\/elmetropolitano.com.gt\/es\/wp-content\/uploads\/2025\/04\/492511799_1207105464748868_4530335940716721124_n-1.jpg\" alt=\"\" class=\"wp-image-101653\" srcset=\"https:\/\/elmetropolitano.com.gt\/es\/wp-content\/uploads\/2025\/04\/492511799_1207105464748868_4530335940716721124_n-1.jpg 800w, https:\/\/elmetropolitano.com.gt\/es\/wp-content\/uploads\/2025\/04\/492511799_1207105464748868_4530335940716721124_n-1-300x188.jpg 300w, https:\/\/elmetropolitano.com.gt\/es\/wp-content\/uploads\/2025\/04\/492511799_1207105464748868_4530335940716721124_n-1-768x480.jpg 768w\" sizes=\"auto, (max-width: 800px) 100vw, 800px\" \/><\/figure>\n\n\n\n<figure class=\"wp-block-image size-large\"><img loading=\"lazy\" decoding=\"async\" width=\"190\" height=\"142\" data-id=\"101652\" src=\"https:\/\/elmetropolitano.com.gt\/es\/wp-content\/uploads\/2025\/04\/492532955_1207105558082192_456487189077402397_n.jpg\" alt=\"\" class=\"wp-image-101652\"\/><\/figure>\n\n\n\n<figure class=\"wp-block-image size-large\"><img loading=\"lazy\" decoding=\"async\" width=\"142\" height=\"190\" data-id=\"101651\" src=\"https:\/\/elmetropolitano.com.gt\/es\/wp-content\/uploads\/2025\/04\/493078589_1207105541415527_5871943941976720135_n.jpg\" alt=\"\" class=\"wp-image-101651\"\/><\/figure>\n\n\n\n<figure class=\"wp-block-image size-large\"><img loading=\"lazy\" decoding=\"async\" width=\"142\" height=\"190\" data-id=\"101650\" src=\"https:\/\/elmetropolitano.com.gt\/es\/wp-content\/uploads\/2025\/04\/493407832_1207105584748856_1751319647527866238_n.jpg\" alt=\"\" class=\"wp-image-101650\"\/><\/figure>\n<\/figure>\n","protected":false},"excerpt":{"rendered":"<p>Para mejorar la movilidad vial de los vecinos de Melchor de Mencos y fortalecer la infraestructura urbana, el Ministerio de Comunicaciones, Infraestructura y Vivienda (CIV), a trav\u00e9s del Fondo Social de Solidaridad, ejecuta un importante proyecto de mejoramiento en el marco del Plan Conecta. La obra se desarrolla en la 5\u00aa avenida, desde la 9\u00aa <a class=\"read-more\" href=\"https:\/\/elmetropolitano.com.gt\/es\/nueva-calle-urbana-mejorara-la-movilidad-vial-de-mas-de-16000-vecinos-en-melchor-de-mencos-peten\/\">Leer m\u00e1s<\/a><\/p>\n","protected":false},"author":1,"featured_media":101647,"comment_status":"open","ping_status":"closed","sticky":false,"template":"","format":"standard","meta":{"footnotes":""},"categories":[4],"tags":[13],"class_list":["post-101646","post","type-post","status-publish","format-standard","has-post-thumbnail","hentry","category-departamentales","tag-departamentales"],"_links":{"self":[{"href":"https:\/\/elmetropolitano.com.gt\/es\/wp-json\/wp\/v2\/posts\/101646","targetHints":{"allow":["GET"]}}],"collection":[{"href":"https:\/\/elmetropolitano.com.gt\/es\/wp-json\/wp\/v2\/posts"}],"about":[{"href":"https:\/\/elmetropolitano.com.gt\/es\/wp-json\/wp\/v2\/types\/post"}],"author":[{"embeddable":true,"href":"https:\/\/elmetropolitano.com.gt\/es\/wp-json\/wp\/v2\/users\/1"}],"replies":[{"embeddable":true,"href":"https:\/\/elmetropolitano.com.gt\/es\/wp-json\/wp\/v2\/comments?post=101646"}],"version-history":[{"count":1,"href":"https:\/\/elmetropolitano.com.gt\/es\/wp-json\/wp\/v2\/posts\/101646\/revisions"}],"predecessor-version":[{"id":101654,"href":"https:\/\/elmetropolitano.com.gt\/es\/wp-json\/wp\/v2\/posts\/101646\/revisions\/101654"}],"wp:featuredmedia":[{"embeddable":true,"href":"https:\/\/elmetropolitano.com.gt\/es\/wp-json\/wp\/v2\/media\/101647"}],"wp:attachment":[{"href":"https:\/\/elmetropolitano.com.gt\/es\/wp-json\/wp\/v2\/media?parent=101646"}],"wp:term":[{"taxonomy":"category","embeddable":true,"href":"https:\/\/elmetropolitano.com.gt\/es\/wp-json\/wp\/v2\/categories?post=101646"},{"taxonomy":"post_tag","embeddable":true,"href":"https:\/\/elmetropolitano.com.gt\/es\/wp-json\/wp\/v2\/tags?post=101646"}],"curies":[{"name":"wp","href":"https:\/\/api.w.org\/{rel}","templated":true}]}}