{"id":101738,"date":"2025-04-28T08:53:07","date_gmt":"2025-04-28T14:53:07","guid":{"rendered":"https:\/\/elmetropolitano.com.gt\/es\/?p=101738"},"modified":"2025-04-28T08:53:08","modified_gmt":"2025-04-28T14:53:08","slug":"capturan-a-presunto-responsable-de-homicidio-de-propietario-de-un-taller","status":"publish","type":"post","link":"https:\/\/elmetropolitano.com.gt\/es\/capturan-a-presunto-responsable-de-homicidio-de-propietario-de-un-taller\/","title":{"rendered":"Capturan a presunto responsable de homicidio de propietario de un taller"},"content":{"rendered":"\n<p>La inmediata reacci\u00f3n de polic\u00edas de la comisar\u00eda de 42, permite la captura de <a><\/a>Ever Orlando Dom\u00ednguez Hidalgo, de 19 a\u00f1os, en el cant\u00f3n La Ceiba, Pajapita, San Marcos, por ser el presunto responsable de darle muerte con cuchillo a un hombre de 45 a\u00f1os, propietario de un taller, el hecho ocurri\u00f3 en el km. 240 de la ruta CA2.<\/p>\n\n\n\n<p>El hecho fue captado por una c\u00e1mara de videovigilancia y gracias a esas im\u00e1genes se pudo identificar inmediatamente al responsable, alertar a todas las unidades y polic\u00edas del sector.<\/p><div class=\"elmet-contenido\" id=\"elmet-3192723600\"><div class=\"elmet-adlabel\">Anuncios<\/div><div style=\"margin-top: 20px;margin-right: 20px;margin-bottom: 20px;margin-left: 20px;\" id=\"elmet-2791527500\"><a href=\"https:\/\/www.facebook.com\/arrincuanantigua\/\" aria-label=\"cintillo-arrin-cual\"><img loading=\"lazy\" decoding=\"async\" src=\"https:\/\/elmetropolitano.com.gt\/es\/wp-content\/uploads\/2021\/11\/cintillo-arrin-cual-1.jpg\" alt=\"\"  srcset=\"https:\/\/elmetropolitano.com.gt\/es\/wp-content\/uploads\/2021\/11\/cintillo-arrin-cual-1.jpg 750w, https:\/\/elmetropolitano.com.gt\/es\/wp-content\/uploads\/2021\/11\/cintillo-arrin-cual-1-300x36.jpg 300w, https:\/\/elmetropolitano.com.gt\/es\/wp-content\/uploads\/2021\/11\/cintillo-arrin-cual-1-600x72.jpg 600w\" sizes=\"(max-width: 750px) 100vw, 750px\" width=\"750\" height=\"90\"   \/><\/a><\/div><\/div>\n\n\n\n<p>El sindicado, para despistar a los polic\u00edas, ya se hab\u00eda cambiado de vestuario cuando fue interceptado y se conduc\u00eda a bordo de la motocicleta M664FLJ; pero esto no impidi\u00f3 a la PNC que lo descubriera y capturara.<\/p>\n\n\n\n<p><a href=\"https:\/\/www.facebook.com\/hashtag\/pncdeguatemala?__eep__=6&amp;__cft__[0]=AZWGOfupgqAGYqgWUjRVhICFI_IRzSOxK0Sixb-BJQCiHOslohrXtOC3fFBgxmCuJJHStiXQQeylxwxhM34qloQeK7YOFxAOnxFidh_5fb39Pho64msDZ2IzV6fJmRlVxn0TYuPf1kLfWinew07tReS0-ZW7Q95U0xhqorTQuQQdQMSgFu_1vjtBUO1ZMW_pK7tI2tv3PtZNyNLLWAkeOUpHEtkGfyvF5I3RnxrneS_0mw&amp;__tn__=*NK-y-R\">#PNCdeGuatemala<\/a><a href=\"https:\/\/www.facebook.com\/hashtag\/sanmarcos?__eep__=6&amp;__cft__[0]=AZWGOfupgqAGYqgWUjRVhICFI_IRzSOxK0Sixb-BJQCiHOslohrXtOC3fFBgxmCuJJHStiXQQeylxwxhM34qloQeK7YOFxAOnxFidh_5fb39Pho64msDZ2IzV6fJmRlVxn0TYuPf1kLfWinew07tReS0-ZW7Q95U0xhqorTQuQQdQMSgFu_1vjtBUO1ZMW_pK7tI2tv3PtZNyNLLWAkeOUpHEtkGfyvF5I3RnxrneS_0mw&amp;__tn__=*NK-y-R\">#SanMarcos<\/a><\/p>\n\n\n\n<p><a href=\"https:\/\/www.facebook.com\/hashtag\/laseguridadeshoy?__eep__=6&amp;__cft__[0]=AZWGOfupgqAGYqgWUjRVhICFI_IRzSOxK0Sixb-BJQCiHOslohrXtOC3fFBgxmCuJJHStiXQQeylxwxhM34qloQeK7YOFxAOnxFidh_5fb39Pho64msDZ2IzV6fJmRlVxn0TYuPf1kLfWinew07tReS0-ZW7Q95U0xhqorTQuQQdQMSgFu_1vjtBUO1ZMW_pK7tI2tv3PtZNyNLLWAkeOUpHEtkGfyvF5I3RnxrneS_0mw&amp;__tn__=*NK-y-R\">#LaSeguridadEsHoy<\/a><\/p>\n\n\n\n<figure class=\"wp-block-gallery has-nested-images columns-default is-cropped wp-block-gallery-1 is-layout-flex wp-block-gallery-is-layout-flex\">\n<figure class=\"wp-block-image size-large\"><img loading=\"lazy\" decoding=\"async\" width=\"629\" height=\"1024\" data-id=\"101742\" src=\"https:\/\/elmetropolitano.com.gt\/es\/wp-content\/uploads\/2025\/04\/492803053_122164563794498726_8178334346306124765_n-629x1024.jpg\" alt=\"\" class=\"wp-image-101742\" srcset=\"https:\/\/elmetropolitano.com.gt\/es\/wp-content\/uploads\/2025\/04\/492803053_122164563794498726_8178334346306124765_n-629x1024.jpg 629w, https:\/\/elmetropolitano.com.gt\/es\/wp-content\/uploads\/2025\/04\/492803053_122164563794498726_8178334346306124765_n-184x300.jpg 184w, https:\/\/elmetropolitano.com.gt\/es\/wp-content\/uploads\/2025\/04\/492803053_122164563794498726_8178334346306124765_n.jpg 720w\" sizes=\"auto, (max-width: 629px) 100vw, 629px\" \/><\/figure>\n\n\n\n<figure class=\"wp-block-image size-large\"><img loading=\"lazy\" decoding=\"async\" width=\"801\" height=\"840\" data-id=\"101741\" src=\"https:\/\/elmetropolitano.com.gt\/es\/wp-content\/uploads\/2025\/04\/493679580_122164563530498726_4306230297526017538_n-1.jpg\" alt=\"\" class=\"wp-image-101741\" srcset=\"https:\/\/elmetropolitano.com.gt\/es\/wp-content\/uploads\/2025\/04\/493679580_122164563530498726_4306230297526017538_n-1.jpg 801w, https:\/\/elmetropolitano.com.gt\/es\/wp-content\/uploads\/2025\/04\/493679580_122164563530498726_4306230297526017538_n-1-286x300.jpg 286w, https:\/\/elmetropolitano.com.gt\/es\/wp-content\/uploads\/2025\/04\/493679580_122164563530498726_4306230297526017538_n-1-768x805.jpg 768w\" sizes=\"auto, (max-width: 801px) 100vw, 801px\" \/><\/figure>\n\n\n\n<figure class=\"wp-block-image size-large\"><img loading=\"lazy\" decoding=\"async\" width=\"591\" height=\"976\" data-id=\"101740\" src=\"https:\/\/elmetropolitano.com.gt\/es\/wp-content\/uploads\/2025\/04\/494309841_122164563800498726_5443095214289885421_n.jpg\" alt=\"\" class=\"wp-image-101740\" srcset=\"https:\/\/elmetropolitano.com.gt\/es\/wp-content\/uploads\/2025\/04\/494309841_122164563800498726_5443095214289885421_n.jpg 591w, https:\/\/elmetropolitano.com.gt\/es\/wp-content\/uploads\/2025\/04\/494309841_122164563800498726_5443095214289885421_n-182x300.jpg 182w\" sizes=\"auto, (max-width: 591px) 100vw, 591px\" \/><\/figure>\n<\/figure>\n","protected":false},"excerpt":{"rendered":"<p>La inmediata reacci\u00f3n de polic\u00edas de la comisar\u00eda de 42, permite la captura de Ever Orlando Dom\u00ednguez Hidalgo, de 19 a\u00f1os, en el cant\u00f3n La Ceiba, Pajapita, San Marcos, por ser el presunto responsable de darle muerte con cuchillo a un hombre de 45 a\u00f1os, propietario de un taller, el hecho ocurri\u00f3 en el km. <a class=\"read-more\" href=\"https:\/\/elmetropolitano.com.gt\/es\/capturan-a-presunto-responsable-de-homicidio-de-propietario-de-un-taller\/\">Leer m\u00e1s<\/a><\/p>\n","protected":false},"author":1,"featured_media":101739,"comment_status":"open","ping_status":"closed","sticky":false,"template":"","format":"standard","meta":{"footnotes":""},"categories":[4],"tags":[13],"class_list":["post-101738","post","type-post","status-publish","format-standard","has-post-thumbnail","hentry","category-departamentales","tag-departamentales"],"_links":{"self":[{"href":"https:\/\/elmetropolitano.com.gt\/es\/wp-json\/wp\/v2\/posts\/101738","targetHints":{"allow":["GET"]}}],"collection":[{"href":"https:\/\/elmetropolitano.com.gt\/es\/wp-json\/wp\/v2\/posts"}],"about":[{"href":"https:\/\/elmetropolitano.com.gt\/es\/wp-json\/wp\/v2\/types\/post"}],"author":[{"embeddable":true,"href":"https:\/\/elmetropolitano.com.gt\/es\/wp-json\/wp\/v2\/users\/1"}],"replies":[{"embeddable":true,"href":"https:\/\/elmetropolitano.com.gt\/es\/wp-json\/wp\/v2\/comments?post=101738"}],"version-history":[{"count":1,"href":"https:\/\/elmetropolitano.com.gt\/es\/wp-json\/wp\/v2\/posts\/101738\/revisions"}],"predecessor-version":[{"id":101743,"href":"https:\/\/elmetropolitano.com.gt\/es\/wp-json\/wp\/v2\/posts\/101738\/revisions\/101743"}],"wp:featuredmedia":[{"embeddable":true,"href":"https:\/\/elmetropolitano.com.gt\/es\/wp-json\/wp\/v2\/media\/101739"}],"wp:attachment":[{"href":"https:\/\/elmetropolitano.com.gt\/es\/wp-json\/wp\/v2\/media?parent=101738"}],"wp:term":[{"taxonomy":"category","embeddable":true,"href":"https:\/\/elmetropolitano.com.gt\/es\/wp-json\/wp\/v2\/categories?post=101738"},{"taxonomy":"post_tag","embeddable":true,"href":"https:\/\/elmetropolitano.com.gt\/es\/wp-json\/wp\/v2\/tags?post=101738"}],"curies":[{"name":"wp","href":"https:\/\/api.w.org\/{rel}","templated":true}]}}