{"id":101820,"date":"2025-04-29T09:18:15","date_gmt":"2025-04-29T15:18:15","guid":{"rendered":"https:\/\/elmetropolitano.com.gt\/es\/?p=101820"},"modified":"2025-04-29T09:18:16","modified_gmt":"2025-04-29T15:18:16","slug":"maga-reitera-que-no-se-autorizo-cultivo-de-tilapia-en-el-lago-de-atitlan","status":"publish","type":"post","link":"https:\/\/elmetropolitano.com.gt\/es\/maga-reitera-que-no-se-autorizo-cultivo-de-tilapia-en-el-lago-de-atitlan\/","title":{"rendered":"MAGA reitera que no se autoriz\u00f3 cultivo de tilapia en el lago de Atitl\u00e1n"},"content":{"rendered":"\n<p>El Ministerio de Agricultura, Ganader\u00eda y Alimentaci\u00f3n (MAGA) emiti\u00f3 un pronunciamiento <a><\/a>en torno al uso de jaulas para el cultivo de tilapia en el Lago de Atitl\u00e1n, en el departamento de Solol\u00e1, sobre lo cual asegur\u00f3 que no se ha autorizado el cultivo de esa especie en este cuerpo de agua.<\/p>\n\n\n\n<p>La entidad record\u00f3 que en Guatemala la actividad pesquera se rige por la Ley General de Pesca y Acuicultura y su reglamento, dise\u00f1ados para garantizar el aprovechamiento racional de los recursos hidrobiol\u00f3gicos en aguas p\u00fablicas.<\/p><div class=\"elmet-contenido\" id=\"elmet-333737649\"><div class=\"elmet-adlabel\">Anuncios<\/div><div style=\"margin-top: 20px;margin-right: 20px;margin-bottom: 20px;margin-left: 20px;\" id=\"elmet-2792937434\"><a href=\"https:\/\/www.facebook.com\/arrincuanantigua\/\" aria-label=\"cintillo-arrin-cual\"><img loading=\"lazy\" decoding=\"async\" src=\"https:\/\/elmetropolitano.com.gt\/es\/wp-content\/uploads\/2021\/11\/cintillo-arrin-cual-1.jpg\" alt=\"\"  srcset=\"https:\/\/elmetropolitano.com.gt\/es\/wp-content\/uploads\/2021\/11\/cintillo-arrin-cual-1.jpg 750w, https:\/\/elmetropolitano.com.gt\/es\/wp-content\/uploads\/2021\/11\/cintillo-arrin-cual-1-300x36.jpg 300w, https:\/\/elmetropolitano.com.gt\/es\/wp-content\/uploads\/2021\/11\/cintillo-arrin-cual-1-600x72.jpg 600w\" sizes=\"(max-width: 750px) 100vw, 750px\" width=\"750\" height=\"90\"   \/><\/a><\/div><\/div>\n\n\n\n<p>Sin embargo, destac\u00f3 que en el caso espec\u00edfico del Lago de Atitl\u00e1n aplica una normativa distinta debido a su categor\u00eda de \u00e1rea protegida.<\/p>\n\n\n\n<p>Mediante el Decreto n\u00famero 64-97, el Congreso de la Rep\u00fablica prohibi\u00f3 la introducci\u00f3n de especies ex\u00f3ticas de flora y fauna en la zona, en resguardo del equilibrio ecol\u00f3gico de la Cuenca del Lago, catalogada como Reserva de Uso M\u00faltiple (Rumcla).<\/p>\n\n\n\n<p>Prohibiciones claras para la protecci\u00f3n del lago<\/p>\n\n\n\n<p>En cuanto a la planificaci\u00f3n y regulaci\u00f3n de la reserva, el Consejo Nacional de \u00c1reas Protegidas (Conap) aprob\u00f3 un Plan Maestro que establece lineamientos espec\u00edficos.<\/p>\n\n\n\n<p>En ese documento se delimita al Lago de Atitl\u00e1n como una zona de uso extensivo, donde queda estrictamente prohibida la introducci\u00f3n de especies for\u00e1neas, como es el caso de la tilapia.<\/p>\n\n\n\n<p>Frente a ello, el MAGA subray\u00f3 que respeta plenamente esta disposici\u00f3n, por lo que no ha otorgado concesiones ni licencias para proyectos de acuicultura comercial en dicho cuerpo de agua. De esa manera, reitera que no ha autorizado actividades que impliquen la cr\u00eda de tilapia dentro del lago.<\/p>\n\n\n\n<p>Competencias delimitadas y respeto a la ley<\/p>\n\n\n\n<p>De acuerdo con lo establecido en la normativa vigente, el proceso de retiro de las jaulas flotantes para cultivo de tilapia no corresponde a las atribuciones del MAGA.<\/p>\n\n\n\n<p>La instituci\u00f3n enfatiz\u00f3 que su actuaci\u00f3n se mantiene dentro del marco legal, por lo que descarta cualquier violaci\u00f3n al Derecho Humano a un ambiente sano, como se ha se\u00f1alado en algunos sectores de la poblaci\u00f3n de Santiago Atitl\u00e1n.<\/p>\n\n\n\n<p>Adem\u00e1s, se\u00f1alaron que su responsabilidad recae en velar por la sostenibilidad de los recursos naturales conforme a las competencias que la ley les asigna.<\/p>\n\n\n\n<p>Finalmente, el Ministerio reafirm\u00f3 su voluntad de seguir trabajando de manera responsable en todas sus \u00e1reas de acci\u00f3n, particularmente en lo relacionado a la pesca y la protecci\u00f3n ambiental.<\/p>\n\n\n\n<p>Tambi\u00e9n expres\u00f3 su disposici\u00f3n de colaborar y brindar apoyo a las entidades encargadas de la gesti\u00f3n de la Reserva del Lago de Atitl\u00e1n, con el fin de contribuir a la conservaci\u00f3n de uno de los principales patrimonios naturales de Guatemala.<\/p>\n\n\n\n<p><a href=\"https:\/\/www.facebook.com\/hashtag\/lagodeatitlan?__eep__=6&amp;__cft__[0]=AZVGpgvbt3KnVpMwVxDYmEpqUkBfRbBfAO5j0sQp_7V27LZmsz_93xkNvA_9W44d2sPmJVv3Nj9v72n5xVZf8-FTimGgO_PNEi2OK2foIsV0dAm27X3POIcSXA-PzJhRWIdhIT6mJTf0NOnSZUA6tNQftsPveh94nW8kCVhTCofC6PiX5MO8s1FrHuPdViMFsjTChu6YrV1T427NJwYnkucfIe1mc9oSMRwGnUK9fismZg&amp;__tn__=*NK-y-R\">#lagodeatitlan<\/a><a href=\"https:\/\/www.facebook.com\/hashtag\/solola?__eep__=6&amp;__cft__[0]=AZVGpgvbt3KnVpMwVxDYmEpqUkBfRbBfAO5j0sQp_7V27LZmsz_93xkNvA_9W44d2sPmJVv3Nj9v72n5xVZf8-FTimGgO_PNEi2OK2foIsV0dAm27X3POIcSXA-PzJhRWIdhIT6mJTf0NOnSZUA6tNQftsPveh94nW8kCVhTCofC6PiX5MO8s1FrHuPdViMFsjTChu6YrV1T427NJwYnkucfIe1mc9oSMRwGnUK9fismZg&amp;__tn__=*NK-y-R\">#solola<\/a><\/p>\n","protected":false},"excerpt":{"rendered":"<p>El Ministerio de Agricultura, Ganader\u00eda y Alimentaci\u00f3n (MAGA) emiti\u00f3 un pronunciamiento en torno al uso de jaulas para el cultivo de tilapia en el Lago de Atitl\u00e1n, en el departamento de Solol\u00e1, sobre lo cual asegur\u00f3 que no se ha autorizado el cultivo de esa especie en este cuerpo de agua. La entidad record\u00f3 que <a class=\"read-more\" href=\"https:\/\/elmetropolitano.com.gt\/es\/maga-reitera-que-no-se-autorizo-cultivo-de-tilapia-en-el-lago-de-atitlan\/\">Leer m\u00e1s<\/a><\/p>\n","protected":false},"author":1,"featured_media":101821,"comment_status":"open","ping_status":"closed","sticky":false,"template":"","format":"standard","meta":{"footnotes":""},"categories":[4],"tags":[13],"class_list":["post-101820","post","type-post","status-publish","format-standard","has-post-thumbnail","hentry","category-departamentales","tag-departamentales"],"_links":{"self":[{"href":"https:\/\/elmetropolitano.com.gt\/es\/wp-json\/wp\/v2\/posts\/101820","targetHints":{"allow":["GET"]}}],"collection":[{"href":"https:\/\/elmetropolitano.com.gt\/es\/wp-json\/wp\/v2\/posts"}],"about":[{"href":"https:\/\/elmetropolitano.com.gt\/es\/wp-json\/wp\/v2\/types\/post"}],"author":[{"embeddable":true,"href":"https:\/\/elmetropolitano.com.gt\/es\/wp-json\/wp\/v2\/users\/1"}],"replies":[{"embeddable":true,"href":"https:\/\/elmetropolitano.com.gt\/es\/wp-json\/wp\/v2\/comments?post=101820"}],"version-history":[{"count":1,"href":"https:\/\/elmetropolitano.com.gt\/es\/wp-json\/wp\/v2\/posts\/101820\/revisions"}],"predecessor-version":[{"id":101822,"href":"https:\/\/elmetropolitano.com.gt\/es\/wp-json\/wp\/v2\/posts\/101820\/revisions\/101822"}],"wp:featuredmedia":[{"embeddable":true,"href":"https:\/\/elmetropolitano.com.gt\/es\/wp-json\/wp\/v2\/media\/101821"}],"wp:attachment":[{"href":"https:\/\/elmetropolitano.com.gt\/es\/wp-json\/wp\/v2\/media?parent=101820"}],"wp:term":[{"taxonomy":"category","embeddable":true,"href":"https:\/\/elmetropolitano.com.gt\/es\/wp-json\/wp\/v2\/categories?post=101820"},{"taxonomy":"post_tag","embeddable":true,"href":"https:\/\/elmetropolitano.com.gt\/es\/wp-json\/wp\/v2\/tags?post=101820"}],"curies":[{"name":"wp","href":"https:\/\/api.w.org\/{rel}","templated":true}]}}