{"id":102518,"date":"2025-05-08T12:24:26","date_gmt":"2025-05-08T18:24:26","guid":{"rendered":"https:\/\/elmetropolitano.com.gt\/es\/?p=102518"},"modified":"2025-05-08T12:24:27","modified_gmt":"2025-05-08T18:24:27","slug":"el-cardenal-robert-prevost-es-elegido-como-el-267-papa-de-la-iglesia-catolica-adopta-el-nombre-de-leon-xiv","status":"publish","type":"post","link":"https:\/\/elmetropolitano.com.gt\/es\/el-cardenal-robert-prevost-es-elegido-como-el-267-papa-de-la-iglesia-catolica-adopta-el-nombre-de-leon-xiv\/","title":{"rendered":"El Cardenal Robert Prevost es elegido como el 267\u00b0 Papa de la Iglesia Cat\u00f3lica, adopta el nombre de Le\u00f3n XIV."},"content":{"rendered":"\n<p>Hoy, a las 18:07 horas (hora de Roma), el humo blanco emergi\u00f3 de la chimenea de la Capilla Sixtina, se\u00f1al de que el Colegio de Cardenales ha elegido a un nuevo papa. De los 133 cardenales reunidos en el Vaticano desde el 7 de mayo, El Cardenal Robert Prevost, de 69 a\u00f1os, ha sido elegido como el 267\u00ba l\u00edder de la Iglesia Cat\u00f3lica.<\/p>\n\n\n\n<p><a><\/a>Miles de personas en la Plaza de San Pedro estallan en v\u00edtores al difundirse la noticia.<\/p><div class=\"elmet-contenido\" id=\"elmet-2489948757\"><div class=\"elmet-adlabel\">Anuncios<\/div><div style=\"margin-top: 20px;margin-right: 20px;margin-bottom: 20px;margin-left: 20px;\" id=\"elmet-294086614\"><a href=\"https:\/\/www.facebook.com\/arrincuanantigua\/\" aria-label=\"cintillo-arrin-cual\"><img loading=\"lazy\" decoding=\"async\" src=\"https:\/\/elmetropolitano.com.gt\/es\/wp-content\/uploads\/2021\/11\/cintillo-arrin-cual-1.jpg\" alt=\"\"  srcset=\"https:\/\/elmetropolitano.com.gt\/es\/wp-content\/uploads\/2021\/11\/cintillo-arrin-cual-1.jpg 750w, https:\/\/elmetropolitano.com.gt\/es\/wp-content\/uploads\/2021\/11\/cintillo-arrin-cual-1-300x36.jpg 300w, https:\/\/elmetropolitano.com.gt\/es\/wp-content\/uploads\/2021\/11\/cintillo-arrin-cual-1-600x72.jpg 600w\" sizes=\"(max-width: 750px) 100vw, 750px\" width=\"750\" height=\"90\"   \/><\/a><\/div><\/div>\n\n\n\n<p>La elecci\u00f3n papal ha coincidido con un d\u00eda profundamente significativo para la Iglesia: el 8 de mayo se celebra la festividad de la Virgen de Luj\u00e1n \u2014patrona de la Argentina y de quien el Papa Francisco era muy devoto, llegando a pedirle p\u00fablicamente protecci\u00f3n para su pueblo en al menos dos ocasiones\u2014. Tambi\u00e9n se conmemora la aparici\u00f3n de San Miguel Arc\u00e1ngel, figura clave en la lucha espiritual contra el mal, y la memoria lit\u00fargica de San Bonifacio, papa y m\u00e1rtir.<\/p>\n\n\n\n<p><a href=\"https:\/\/www.facebook.com\/hashtag\/papaleonxlv?__eep__=6&amp;__cft__[0]=AZV4XMGsZSma4YXQGzg07U41BarVd2uHSa9cAarwepHG3iWWMo4ZBtngzWS_l6zihplzuN-0TfVbdWH-nS19Hy5_M7XqZx0jBc3zI_HZ4x0yhmO1XifDBJSLTBx8BCabBfkdVP3NoVGJr05qEd2o0JCqHujtI7FBXAF-yyz7RmnPeg&amp;__tn__=*NK-R\">#PapaLeonXLV<\/a><\/p>\n","protected":false},"excerpt":{"rendered":"<p>Hoy, a las 18:07 horas (hora de Roma), el humo blanco emergi\u00f3 de la chimenea de la Capilla Sixtina, se\u00f1al de que el Colegio de Cardenales ha elegido a un nuevo papa. De los 133 cardenales reunidos en el Vaticano desde el 7 de mayo, El Cardenal Robert Prevost, de 69 a\u00f1os, ha sido elegido <a class=\"read-more\" href=\"https:\/\/elmetropolitano.com.gt\/es\/el-cardenal-robert-prevost-es-elegido-como-el-267-papa-de-la-iglesia-catolica-adopta-el-nombre-de-leon-xiv\/\">Leer m\u00e1s<\/a><\/p>\n","protected":false},"author":1,"featured_media":102519,"comment_status":"open","ping_status":"closed","sticky":false,"template":"","format":"standard","meta":{"footnotes":""},"categories":[14],"tags":[15],"class_list":["post-102518","post","type-post","status-publish","format-standard","has-post-thumbnail","hentry","category-internacionales","tag-internacionales"],"_links":{"self":[{"href":"https:\/\/elmetropolitano.com.gt\/es\/wp-json\/wp\/v2\/posts\/102518","targetHints":{"allow":["GET"]}}],"collection":[{"href":"https:\/\/elmetropolitano.com.gt\/es\/wp-json\/wp\/v2\/posts"}],"about":[{"href":"https:\/\/elmetropolitano.com.gt\/es\/wp-json\/wp\/v2\/types\/post"}],"author":[{"embeddable":true,"href":"https:\/\/elmetropolitano.com.gt\/es\/wp-json\/wp\/v2\/users\/1"}],"replies":[{"embeddable":true,"href":"https:\/\/elmetropolitano.com.gt\/es\/wp-json\/wp\/v2\/comments?post=102518"}],"version-history":[{"count":1,"href":"https:\/\/elmetropolitano.com.gt\/es\/wp-json\/wp\/v2\/posts\/102518\/revisions"}],"predecessor-version":[{"id":102520,"href":"https:\/\/elmetropolitano.com.gt\/es\/wp-json\/wp\/v2\/posts\/102518\/revisions\/102520"}],"wp:featuredmedia":[{"embeddable":true,"href":"https:\/\/elmetropolitano.com.gt\/es\/wp-json\/wp\/v2\/media\/102519"}],"wp:attachment":[{"href":"https:\/\/elmetropolitano.com.gt\/es\/wp-json\/wp\/v2\/media?parent=102518"}],"wp:term":[{"taxonomy":"category","embeddable":true,"href":"https:\/\/elmetropolitano.com.gt\/es\/wp-json\/wp\/v2\/categories?post=102518"},{"taxonomy":"post_tag","embeddable":true,"href":"https:\/\/elmetropolitano.com.gt\/es\/wp-json\/wp\/v2\/tags?post=102518"}],"curies":[{"name":"wp","href":"https:\/\/api.w.org\/{rel}","templated":true}]}}