{"id":102644,"date":"2025-05-12T08:34:31","date_gmt":"2025-05-12T14:34:31","guid":{"rendered":"https:\/\/elmetropolitano.com.gt\/es\/?p=102644"},"modified":"2025-05-12T08:34:31","modified_gmt":"2025-05-12T14:34:31","slug":"cuales-son-los-primeros-sintomas-del-cancer-de-estomago","status":"publish","type":"post","link":"https:\/\/elmetropolitano.com.gt\/es\/cuales-son-los-primeros-sintomas-del-cancer-de-estomago\/","title":{"rendered":"\u00bfCu\u00e1les son los primeros s\u00edntomas del c\u00e1ncer de est\u00f3mago?"},"content":{"rendered":"\n<p>El c\u00e1ncer de est\u00f3mago puede crecer durante alg\u00fan tiempo antes de causar s\u00edntomas perceptibles, aunque a medida que avanza o se extiende a otras partes del cuerpo, se van manifestando diversos signos, inform\u00f3 el pasado mes de febrero Medical News Today.<\/p>\n\n\n\n<p>El portal especializado explica que con esta enfermedad raramente aparecen s\u00edntomas en las primeras fases, no obstante, se\u00f1ala, si se presentan, probablemente incluya los siguientes: disminuci\u00f3n del apetito, p\u00e9rdida de peso inexplicable, ardor de est\u00f3mago o indigesti\u00f3n, dolor o molestias abdominales, n\u00e1useas, sensaci\u00f3n de saciedad r\u00e1pida tras haber ingerido peque\u00f1as cantidades de alimentos e hinchaz\u00f3n.<\/p><div class=\"elmet-contenido\" id=\"elmet-3546640339\"><div class=\"elmet-adlabel\">Anuncios<\/div><div style=\"margin-top: 20px;margin-right: 20px;margin-bottom: 20px;margin-left: 20px;\" id=\"elmet-2851298817\"><a href=\"https:\/\/www.facebook.com\/arrincuanantigua\/\" aria-label=\"cintillo-arrin-cual\"><img loading=\"lazy\" decoding=\"async\" src=\"https:\/\/elmetropolitano.com.gt\/es\/wp-content\/uploads\/2021\/11\/cintillo-arrin-cual-1.jpg\" alt=\"\"  srcset=\"https:\/\/elmetropolitano.com.gt\/es\/wp-content\/uploads\/2021\/11\/cintillo-arrin-cual-1.jpg 750w, https:\/\/elmetropolitano.com.gt\/es\/wp-content\/uploads\/2021\/11\/cintillo-arrin-cual-1-300x36.jpg 300w, https:\/\/elmetropolitano.com.gt\/es\/wp-content\/uploads\/2021\/11\/cintillo-arrin-cual-1-600x72.jpg 600w\" sizes=\"(max-width: 750px) 100vw, 750px\" width=\"750\" height=\"90\"   \/><\/a><\/div><\/div>\n\n\n\n<p>Asimismo, detalla que, a medida que el c\u00e1ncer avanza o se extiende, pueden empeorar los s\u00edntomas o aparecer nuevos, por ejemplo, v\u00f3mitos sanguinolentos, sangre en las heces, dolor abdominal intenso y acumulaci\u00f3n de l\u00edquido en el abdomen.<\/p>\n\n\n\n<p>\u00bfEs el c\u00e1ncer de colon la punta del iceberg?: Detectan aumento de 14 tipos de c\u00e1ncer entre j\u00f3venes<\/p>\n\n\n\n<p>Los diagn\u00f3sticos de c\u00e1nceres de est\u00f3mago en estadios menos avanzados y m\u00e1s tratables han aumentado, lo que marca un cambio de tendencia y un importante avance en la detecci\u00f3n de una de las formas m\u00e1s mortales de c\u00e1ncer, seg\u00fan un estudio presentado en la Semana de las Enfermedades Digestivas.<\/p>\n\n\n\n<p>A partir de los datos recopilados en la base de datos SEER-22 del Instituto Nacional del C\u00e1ncer, los investigadores descubrieron que los diagn\u00f3sticos de c\u00e1ncer de est\u00f3mago en estadio inicial aumentaron de forma constante entre los a\u00f1os 2004 y 2021, increment\u00e1ndose en aproximadamente un 53 %, mientras que los casos m\u00e1s avanzados \u2014en los que el c\u00e1ncer ya se hab\u00eda extendido a los ganglios linf\u00e1ticos cercanos o a \u00f3rganos distantes\u2014 disminuyeron de forma considerable.<\/p>\n\n\n\n<p>\u00abEstas tendencias sugieren que los avances en la obtenci\u00f3n de im\u00e1genes endosc\u00f3picas, junto con un uso m\u00e1s generalizado de la endoscopia digestiva alta, pueden estar ayudando a los m\u00e9dicos a detectar antes el c\u00e1ncer de est\u00f3mago\u00bb, explic\u00f3 Mohamed Tausif Siddiqui, especialista en gastroenterolog\u00eda de la Cl\u00ednica Cleveland y coautor del estudio. \u00abEstos cambios son importantes, porque detectar antes el c\u00e1ncer de est\u00f3mago puede conducir a un tratamiento menos invasivo y a mejores resultados para los pacientes\u00bb, a\u00f1adi\u00f3.<\/p>\n\n\n\n<p>Por su parte, Amit Bhatt, gastroenter\u00f3logo en el mismo centro m\u00e9dico y coautor de la investigaci\u00f3n, subraya la necesidad de seguir investigando para definir mejor la evoluci\u00f3n demogr\u00e1fica del c\u00e1ncer de est\u00f3mago en el pa\u00eds norteamericano. En este sentido, recalca que los resultados podr\u00edan ayudar a elevar el nivel de debate sobre el cribado selectivo del c\u00e1ncer g\u00e1strico en los grupos de alto riesgo.<\/p>\n\n\n\n<p>Texto Rt Noticias<\/p>\n\n\n\n<p>#cancerdeestomago #salud #metroredes <a href=\"http:\/\/www.elmetropolitano.com.gt\">www.elmetropolitano.com.gt<\/a>&nbsp; <a href=\"http:\/\/www.metroredes.com\">www.metroredes.com<\/a>&nbsp; <a href=\"http:\/\/www.elescuintleco.com\">www.elescuintleco.com<\/a>&nbsp;<\/p>\n","protected":false},"excerpt":{"rendered":"<p>El c\u00e1ncer de est\u00f3mago puede crecer durante alg\u00fan tiempo antes de causar s\u00edntomas perceptibles, aunque a medida que avanza o se extiende a otras partes del cuerpo, se van manifestando diversos signos, inform\u00f3 el pasado mes de febrero Medical News Today. El portal especializado explica que con esta enfermedad raramente aparecen s\u00edntomas en las primeras <a class=\"read-more\" href=\"https:\/\/elmetropolitano.com.gt\/es\/cuales-son-los-primeros-sintomas-del-cancer-de-estomago\/\">Leer m\u00e1s<\/a><\/p>\n","protected":false},"author":1,"featured_media":102645,"comment_status":"open","ping_status":"closed","sticky":false,"template":"","format":"standard","meta":{"footnotes":""},"categories":[14],"tags":[15],"class_list":["post-102644","post","type-post","status-publish","format-standard","has-post-thumbnail","hentry","category-internacionales","tag-internacionales"],"_links":{"self":[{"href":"https:\/\/elmetropolitano.com.gt\/es\/wp-json\/wp\/v2\/posts\/102644","targetHints":{"allow":["GET"]}}],"collection":[{"href":"https:\/\/elmetropolitano.com.gt\/es\/wp-json\/wp\/v2\/posts"}],"about":[{"href":"https:\/\/elmetropolitano.com.gt\/es\/wp-json\/wp\/v2\/types\/post"}],"author":[{"embeddable":true,"href":"https:\/\/elmetropolitano.com.gt\/es\/wp-json\/wp\/v2\/users\/1"}],"replies":[{"embeddable":true,"href":"https:\/\/elmetropolitano.com.gt\/es\/wp-json\/wp\/v2\/comments?post=102644"}],"version-history":[{"count":1,"href":"https:\/\/elmetropolitano.com.gt\/es\/wp-json\/wp\/v2\/posts\/102644\/revisions"}],"predecessor-version":[{"id":102646,"href":"https:\/\/elmetropolitano.com.gt\/es\/wp-json\/wp\/v2\/posts\/102644\/revisions\/102646"}],"wp:featuredmedia":[{"embeddable":true,"href":"https:\/\/elmetropolitano.com.gt\/es\/wp-json\/wp\/v2\/media\/102645"}],"wp:attachment":[{"href":"https:\/\/elmetropolitano.com.gt\/es\/wp-json\/wp\/v2\/media?parent=102644"}],"wp:term":[{"taxonomy":"category","embeddable":true,"href":"https:\/\/elmetropolitano.com.gt\/es\/wp-json\/wp\/v2\/categories?post=102644"},{"taxonomy":"post_tag","embeddable":true,"href":"https:\/\/elmetropolitano.com.gt\/es\/wp-json\/wp\/v2\/tags?post=102644"}],"curies":[{"name":"wp","href":"https:\/\/api.w.org\/{rel}","templated":true}]}}