{"id":102647,"date":"2025-05-12T12:30:28","date_gmt":"2025-05-12T18:30:28","guid":{"rendered":"https:\/\/elmetropolitano.com.gt\/es\/?p=102647"},"modified":"2025-05-12T12:30:28","modified_gmt":"2025-05-12T18:30:28","slug":"el-hino-one-la-red-suzuki-fue-invitado-la-vuelta-a-colombia","status":"publish","type":"post","link":"https:\/\/elmetropolitano.com.gt\/es\/el-hino-one-la-red-suzuki-fue-invitado-la-vuelta-a-colombia\/","title":{"rendered":"El Hino-One-La Red-Suzuki fue invitado la Vuelta a Colombia"},"content":{"rendered":"\n<p>El buen trabajo del equipo Hino-One-La Red-Suzuki en las \u00faltimas carreras y especialmente en la 4ta edici\u00f3n de la Vuelta Bantrab con Mardoqueo V\u00e1squez como sub campe\u00f3n de la misma ha dado sus buenos r\u00e9ditos y fue invitado para correr la Vuelta a Colombia 2.2 UCI del 1 al 10 de agosto 2025, un acontecimiento hist\u00f3rico para el ciclismo nacional pues representar\u00e1 directamente al pa\u00eds, a diferencia de otros a\u00f1os cuando por alianzas o refuerzos en equipos colombianos, se cont\u00f3 con participaci\u00f3n chapina.<\/p>\n\n\n\n<p>La negociaci\u00f3n del equipo, Hino-One-La Red-Suzuki venia en proceso y se confirm\u00f3 recientemente con la Federaci\u00f3n Colombiana de Ciclismo, haci\u00e9ndose oficial el 9 de mayo con la carta enviada por la FCC.<\/p><div class=\"elmet-contenido\" id=\"elmet-205711734\"><div class=\"elmet-adlabel\">Anuncios<\/div><div style=\"margin-top: 20px;margin-right: 20px;margin-bottom: 20px;margin-left: 20px;\" id=\"elmet-2940677651\"><a href=\"https:\/\/www.facebook.com\/arrincuanantigua\/\" aria-label=\"cintillo-arrin-cual\"><img loading=\"lazy\" decoding=\"async\" src=\"https:\/\/elmetropolitano.com.gt\/es\/wp-content\/uploads\/2021\/11\/cintillo-arrin-cual-1.jpg\" alt=\"\"  srcset=\"https:\/\/elmetropolitano.com.gt\/es\/wp-content\/uploads\/2021\/11\/cintillo-arrin-cual-1.jpg 750w, https:\/\/elmetropolitano.com.gt\/es\/wp-content\/uploads\/2021\/11\/cintillo-arrin-cual-1-300x36.jpg 300w, https:\/\/elmetropolitano.com.gt\/es\/wp-content\/uploads\/2021\/11\/cintillo-arrin-cual-1-600x72.jpg 600w\" sizes=\"(max-width: 750px) 100vw, 750px\" width=\"750\" height=\"90\"   \/><\/a><\/div><\/div>\n\n\n\n<p>El equipo de Hino-One-La Red-Suzuki tiene en sus filas a 2 colombianos, Yesid Pira y Nicol\u00e1s Paredes, tambi\u00e9n el guatemalteco, Mardoqueo V\u00e1zquez conocido en \u00e1mbito nacional como el supermardo, quienes ser\u00e1n los l\u00edderes del equipo, quedar\u00e1 en espera el listado oficial que el director t\u00e9cnico, Alfredo Ajpacaj\u00e1 dar\u00e1 a conocer en los pr\u00f3ximos d\u00edas.<\/p>\n\n\n\n<p>Como antecedente, chapines que han competido en la Vuelta a Colombia en a\u00f1os recientes, son, Jos\u00e9 Canastuj, Rony Julajuj, El\u00ed Sisimith, V\u00edctor Tuiz y Mardoqueo V\u00e1zquez, recordando la haza\u00f1a del 8 de junio de 2022 de Jos\u00e9 Canastuj y Rony Julajuj al ocupar la segunda y tercera posici\u00f3n en la sexta etapa de la Vuelta a Colombia.<\/p>\n\n\n\n<p>En la reciente vuelta Bantrab el ganador Wilson Pe\u00f1a del Sistecr\u00e9dito de Colombia se\u00f1al\u00f3 que la pelea fue entre colombianos que reconoci\u00f3 la calidad de \u201cun peque\u00f1o corredor que es muy fuerte\u201d refiri\u00e9ndose a Mardoqueo V\u00e1squez quien ha dado muestras de tener mucha calidad y luchar con todo por el podio que junto a Yesid Pira y Nicol\u00e1s Paredes, dar\u00e1n mucho de qu\u00e9 hablar en ese tour de Colombia.<\/p>\n\n\n\n<p>Texto: Mario Rolando Reyes<\/p>\n\n\n\n<p>#ciclismo #federaciondeciclismo #vueltacolombia #hinoteam #metroredes www.elmetropolitano.com.gt www.metroredes.com www.elescuintleco.com<\/p>\n","protected":false},"excerpt":{"rendered":"<p>El buen trabajo del equipo Hino-One-La Red-Suzuki en las \u00faltimas carreras y especialmente en la 4ta edici\u00f3n de la Vuelta Bantrab con Mardoqueo V\u00e1squez como sub campe\u00f3n de la misma ha dado sus buenos r\u00e9ditos y fue invitado para correr la Vuelta a Colombia 2.2 UCI del 1 al 10 de agosto 2025, un acontecimiento <a class=\"read-more\" href=\"https:\/\/elmetropolitano.com.gt\/es\/el-hino-one-la-red-suzuki-fue-invitado-la-vuelta-a-colombia\/\">Leer m\u00e1s<\/a><\/p>\n","protected":false},"author":1,"featured_media":102648,"comment_status":"open","ping_status":"closed","sticky":false,"template":"","format":"standard","meta":{"footnotes":""},"categories":[43],"tags":[44],"class_list":["post-102647","post","type-post","status-publish","format-standard","has-post-thumbnail","hentry","category-deportes","tag-deportes"],"_links":{"self":[{"href":"https:\/\/elmetropolitano.com.gt\/es\/wp-json\/wp\/v2\/posts\/102647","targetHints":{"allow":["GET"]}}],"collection":[{"href":"https:\/\/elmetropolitano.com.gt\/es\/wp-json\/wp\/v2\/posts"}],"about":[{"href":"https:\/\/elmetropolitano.com.gt\/es\/wp-json\/wp\/v2\/types\/post"}],"author":[{"embeddable":true,"href":"https:\/\/elmetropolitano.com.gt\/es\/wp-json\/wp\/v2\/users\/1"}],"replies":[{"embeddable":true,"href":"https:\/\/elmetropolitano.com.gt\/es\/wp-json\/wp\/v2\/comments?post=102647"}],"version-history":[{"count":1,"href":"https:\/\/elmetropolitano.com.gt\/es\/wp-json\/wp\/v2\/posts\/102647\/revisions"}],"predecessor-version":[{"id":102649,"href":"https:\/\/elmetropolitano.com.gt\/es\/wp-json\/wp\/v2\/posts\/102647\/revisions\/102649"}],"wp:featuredmedia":[{"embeddable":true,"href":"https:\/\/elmetropolitano.com.gt\/es\/wp-json\/wp\/v2\/media\/102648"}],"wp:attachment":[{"href":"https:\/\/elmetropolitano.com.gt\/es\/wp-json\/wp\/v2\/media?parent=102647"}],"wp:term":[{"taxonomy":"category","embeddable":true,"href":"https:\/\/elmetropolitano.com.gt\/es\/wp-json\/wp\/v2\/categories?post=102647"},{"taxonomy":"post_tag","embeddable":true,"href":"https:\/\/elmetropolitano.com.gt\/es\/wp-json\/wp\/v2\/tags?post=102647"}],"curies":[{"name":"wp","href":"https:\/\/api.w.org\/{rel}","templated":true}]}}