{"id":102709,"date":"2025-05-13T09:46:41","date_gmt":"2025-05-13T15:46:41","guid":{"rendered":"https:\/\/elmetropolitano.com.gt\/es\/?p=102709"},"modified":"2025-05-13T09:46:41","modified_gmt":"2025-05-13T15:46:41","slug":"dos-extrabajadores-del-mides-son-ligados-a-proceso-penal-y-enviados-a-prision-preventiva","status":"publish","type":"post","link":"https:\/\/elmetropolitano.com.gt\/es\/dos-extrabajadores-del-mides-son-ligados-a-proceso-penal-y-enviados-a-prision-preventiva\/","title":{"rendered":"Dos extrabajadores del MIDES son ligados a proceso penal y enviados a prisi\u00f3n preventiva"},"content":{"rendered":"\n<p>La Fiscal\u00eda contra la Corrupci\u00f3n logr\u00f3 que el Juzgado Tercero Pluripersonal de Primera Instancia Penal, Narcoactividad y Delitos contra el Ambiente dictara auto de procesamiento a dos extrabajadores del Ministerio de Desarrollo Social (Mides).<\/p>\n\n\n\n<p>De conformidad con la investigaci\u00f3n preliminar, se determin\u00f3 que ambas personas, durante el a\u00f1o 2023, utilizaron un veh\u00edculo propiedad del Mides <a><\/a>para fines particulares.<\/p><div class=\"elmet-contenido\" id=\"elmet-1397537315\"><div class=\"elmet-adlabel\">Anuncios<\/div><div style=\"margin-top: 20px;margin-right: 20px;margin-bottom: 20px;margin-left: 20px;\" id=\"elmet-4044753088\"><a href=\"https:\/\/www.facebook.com\/arrincuanantigua\/\" aria-label=\"cintillo-arrin-cual\"><img loading=\"lazy\" decoding=\"async\" src=\"https:\/\/elmetropolitano.com.gt\/es\/wp-content\/uploads\/2021\/11\/cintillo-arrin-cual-1.jpg\" alt=\"\"  srcset=\"https:\/\/elmetropolitano.com.gt\/es\/wp-content\/uploads\/2021\/11\/cintillo-arrin-cual-1.jpg 750w, https:\/\/elmetropolitano.com.gt\/es\/wp-content\/uploads\/2021\/11\/cintillo-arrin-cual-1-300x36.jpg 300w, https:\/\/elmetropolitano.com.gt\/es\/wp-content\/uploads\/2021\/11\/cintillo-arrin-cual-1-600x72.jpg 600w\" sizes=\"(max-width: 750px) 100vw, 750px\" width=\"750\" height=\"90\"   \/><\/a><\/div><\/div>\n\n\n\n<p>Por esto, Michel Alexandr\u00e9 Arriola Ram\u00edrez deber\u00e1 enfrentar proceso penal por los delitos de peculado por uso e incumplimiento de deberes, mientras que Mauricio Coj\u00f3n Rodr\u00edguez fue ligado por los delitos de peculado por uso en forma continuada e incumplimiento de deberes.<\/p>\n\n\n\n<p>Los sindicados fueron enviados a prisi\u00f3n preventiva y al Ministerio P\u00fablico le fue otorgado un mes para concluir con la investigaci\u00f3n.<\/p>\n\n\n\n<p><a href=\"https:\/\/www.facebook.com\/hashtag\/mpfuerteyfirme?__eep__=6&amp;__cft__[0]=AZW3FR2toqsfw4E-PojHfxI2YdeL1TvfV9WrSmc5xUr5kisM8vLZ5_O0zUSJ3ZjGrHNMLWWyXd0e-NnqkRKuP1wsOiIkYdYkxKD3nnfph8xyXMc3Jdx6M0PTdMROTGSnYOuERAsMtVxzC3r6n926z23G7zj-ebta7qN-B-wUBZCAMGUjFYKHNZ1MwdP0pLfimRBoew8Yurbpn4TR3IfUtJsf&amp;__tn__=*NK-R\">#MPfuerteYfirme<\/a><a href=\"https:\/\/www.facebook.com\/hashtag\/mides?__eep__=6&amp;__cft__[0]=AZW3FR2toqsfw4E-PojHfxI2YdeL1TvfV9WrSmc5xUr5kisM8vLZ5_O0zUSJ3ZjGrHNMLWWyXd0e-NnqkRKuP1wsOiIkYdYkxKD3nnfph8xyXMc3Jdx6M0PTdMROTGSnYOuERAsMtVxzC3r6n926z23G7zj-ebta7qN-B-wUBZCAMGUjFYKHNZ1MwdP0pLfimRBoew8Yurbpn4TR3IfUtJsf&amp;__tn__=*NK-R\">#MIDES<\/a><\/p>\n","protected":false},"excerpt":{"rendered":"<p>La Fiscal\u00eda contra la Corrupci\u00f3n logr\u00f3 que el Juzgado Tercero Pluripersonal de Primera Instancia Penal, Narcoactividad y Delitos contra el Ambiente dictara auto de procesamiento a dos extrabajadores del Ministerio de Desarrollo Social (Mides). De conformidad con la investigaci\u00f3n preliminar, se determin\u00f3 que ambas personas, durante el a\u00f1o 2023, utilizaron un veh\u00edculo propiedad del Mides <a class=\"read-more\" href=\"https:\/\/elmetropolitano.com.gt\/es\/dos-extrabajadores-del-mides-son-ligados-a-proceso-penal-y-enviados-a-prision-preventiva\/\">Leer m\u00e1s<\/a><\/p>\n","protected":false},"author":1,"featured_media":102710,"comment_status":"open","ping_status":"closed","sticky":false,"template":"","format":"standard","meta":{"footnotes":""},"categories":[2],"tags":[12],"class_list":["post-102709","post","type-post","status-publish","format-standard","has-post-thumbnail","hentry","category-nacionales","tag-nacionales"],"_links":{"self":[{"href":"https:\/\/elmetropolitano.com.gt\/es\/wp-json\/wp\/v2\/posts\/102709","targetHints":{"allow":["GET"]}}],"collection":[{"href":"https:\/\/elmetropolitano.com.gt\/es\/wp-json\/wp\/v2\/posts"}],"about":[{"href":"https:\/\/elmetropolitano.com.gt\/es\/wp-json\/wp\/v2\/types\/post"}],"author":[{"embeddable":true,"href":"https:\/\/elmetropolitano.com.gt\/es\/wp-json\/wp\/v2\/users\/1"}],"replies":[{"embeddable":true,"href":"https:\/\/elmetropolitano.com.gt\/es\/wp-json\/wp\/v2\/comments?post=102709"}],"version-history":[{"count":1,"href":"https:\/\/elmetropolitano.com.gt\/es\/wp-json\/wp\/v2\/posts\/102709\/revisions"}],"predecessor-version":[{"id":102711,"href":"https:\/\/elmetropolitano.com.gt\/es\/wp-json\/wp\/v2\/posts\/102709\/revisions\/102711"}],"wp:featuredmedia":[{"embeddable":true,"href":"https:\/\/elmetropolitano.com.gt\/es\/wp-json\/wp\/v2\/media\/102710"}],"wp:attachment":[{"href":"https:\/\/elmetropolitano.com.gt\/es\/wp-json\/wp\/v2\/media?parent=102709"}],"wp:term":[{"taxonomy":"category","embeddable":true,"href":"https:\/\/elmetropolitano.com.gt\/es\/wp-json\/wp\/v2\/categories?post=102709"},{"taxonomy":"post_tag","embeddable":true,"href":"https:\/\/elmetropolitano.com.gt\/es\/wp-json\/wp\/v2\/tags?post=102709"}],"curies":[{"name":"wp","href":"https:\/\/api.w.org\/{rel}","templated":true}]}}