{"id":102712,"date":"2025-05-13T09:50:57","date_gmt":"2025-05-13T15:50:57","guid":{"rendered":"https:\/\/elmetropolitano.com.gt\/es\/?p=102712"},"modified":"2025-05-13T09:50:57","modified_gmt":"2025-05-13T15:50:57","slug":"renuncio-viceministra-de-hospitales","status":"publish","type":"post","link":"https:\/\/elmetropolitano.com.gt\/es\/renuncio-viceministra-de-hospitales\/","title":{"rendered":"Renunci\u00f3 viceministra de hospitales"},"content":{"rendered":"\n<p>El ministerio de Salud a informado la noche de este domingo que la Mag\u00edster Sandra Edith Carballo Lemus ha presentado su renuncia al cargo de Viceministra de Hospitales.<\/p>\n\n\n\n<p>La decisi\u00f3n de la profesional fue aceptada por las autoridades del Ministerio en el marco de un proceso de fortalecimiento institucional, orientado a renovar liderazgos que acompa\u00f1en la visi\u00f3n de mejora continua, transparencia y eficiencia en la gesti\u00f3n hospitalaria.<\/p><div class=\"elmet-contenido\" id=\"elmet-3336233748\"><div class=\"elmet-adlabel\">Anuncios<\/div><div style=\"margin-top: 20px;margin-right: 20px;margin-bottom: 20px;margin-left: 20px;\" id=\"elmet-4247113118\"><a href=\"https:\/\/www.facebook.com\/arrincuanantigua\/\" aria-label=\"cintillo-arrin-cual\"><img loading=\"lazy\" decoding=\"async\" src=\"https:\/\/elmetropolitano.com.gt\/es\/wp-content\/uploads\/2021\/11\/cintillo-arrin-cual-1.jpg\" alt=\"\"  srcset=\"https:\/\/elmetropolitano.com.gt\/es\/wp-content\/uploads\/2021\/11\/cintillo-arrin-cual-1.jpg 750w, https:\/\/elmetropolitano.com.gt\/es\/wp-content\/uploads\/2021\/11\/cintillo-arrin-cual-1-300x36.jpg 300w, https:\/\/elmetropolitano.com.gt\/es\/wp-content\/uploads\/2021\/11\/cintillo-arrin-cual-1-600x72.jpg 600w\" sizes=\"(max-width: 750px) 100vw, 750px\" width=\"750\" height=\"90\"   \/><\/a><\/div><\/div>\n\n\n\n<p>Esta <a><\/a>transici\u00f3n se realiza con pleno respeto a la trayectoria de Sandra Carballo y con reconocimiento a los aportes realizados durante su gesti\u00f3n.<\/p>\n\n\n\n<p>El MSPAS agradecio el compromiso demostrado desde el inicio de sus funciones, su entrega y disposici\u00f3n para trabajar en favor del sistema hospitalario que han contribuido al sostenimiento de procesos clave y de alta demanda.<\/p>\n\n\n\n<p>Conscientes de los grandes desaf\u00edos que enfrenta el sistema de salud, el MSPAS reafirma su determinaci\u00f3n de consolidar un modelo de atenci\u00f3n m\u00e1s humano, moderno y eficaz indic\u00f3 la cartera de salud<\/p>\n\n\n\n<p>Como parte de este esfuerzo, pr\u00f3ximamente se dar\u00e1 a conocer a la persona que asumir\u00e1 el cargo.<\/p>\n\n\n\n<p>El Ministerio de Salud P\u00fablica y Asistencia Social reitera que todas sus acciones est\u00e1n enfocadas en garantizar el derecho a la salud de las y los guatemaltecos, con una visi\u00f3n inclusiva, con pertinencia cultural y \u00e9nfasis en el bienestar de la poblaci\u00f3n.<\/p>\n\n\n\n<p><a href=\"https:\/\/www.facebook.com\/hashtag\/saludparatodos?__eep__=6&amp;__cft__[0]=AZWDaNQkQbR8s2bvhmhuDZQf75J-P-rJqQRnrind0m7SOO832guLzswuWBtYelYzasXuWgSnhvlHMyIbUfqRlUVtNauwGgz3q1-aStwPqnkQTYZ2ChT0SWRPb0vElh2Ue6_oEH0KiLj0bIkwfObf4bOi&amp;__tn__=*NK-R\">#SaludParaTodos<\/a><a href=\"https:\/\/www.facebook.com\/hashtag\/metroredes?__eep__=6&amp;__cft__[0]=AZWDaNQkQbR8s2bvhmhuDZQf75J-P-rJqQRnrind0m7SOO832guLzswuWBtYelYzasXuWgSnhvlHMyIbUfqRlUVtNauwGgz3q1-aStwPqnkQTYZ2ChT0SWRPb0vElh2Ue6_oEH0KiLj0bIkwfObf4bOi&amp;__tn__=*NK-R\">#metroredes<\/a><a href=\"https:\/\/www.facebook.com\/hashtag\/mspas?__eep__=6&amp;__cft__[0]=AZWDaNQkQbR8s2bvhmhuDZQf75J-P-rJqQRnrind0m7SOO832guLzswuWBtYelYzasXuWgSnhvlHMyIbUfqRlUVtNauwGgz3q1-aStwPqnkQTYZ2ChT0SWRPb0vElh2Ue6_oEH0KiLj0bIkwfObf4bOi&amp;__tn__=*NK-R\">#MSPAS<\/a><\/p>\n\n\n\n<figure class=\"wp-block-gallery has-nested-images columns-default is-cropped wp-block-gallery-1 is-layout-flex wp-block-gallery-is-layout-flex\">\n<figure class=\"wp-block-image size-large\"><img loading=\"lazy\" decoding=\"async\" width=\"1024\" height=\"1024\" data-id=\"102714\" src=\"https:\/\/elmetropolitano.com.gt\/es\/wp-content\/uploads\/2025\/05\/495532481_1221000336692714_7789797921894149204_n-1-1024x1024.jpg\" alt=\"\" class=\"wp-image-102714\" srcset=\"https:\/\/elmetropolitano.com.gt\/es\/wp-content\/uploads\/2025\/05\/495532481_1221000336692714_7789797921894149204_n-1-1024x1024.jpg 1024w, https:\/\/elmetropolitano.com.gt\/es\/wp-content\/uploads\/2025\/05\/495532481_1221000336692714_7789797921894149204_n-1-300x300.jpg 300w, https:\/\/elmetropolitano.com.gt\/es\/wp-content\/uploads\/2025\/05\/495532481_1221000336692714_7789797921894149204_n-1-150x150.jpg 150w, https:\/\/elmetropolitano.com.gt\/es\/wp-content\/uploads\/2025\/05\/495532481_1221000336692714_7789797921894149204_n-1-768x768.jpg 768w, https:\/\/elmetropolitano.com.gt\/es\/wp-content\/uploads\/2025\/05\/495532481_1221000336692714_7789797921894149204_n-1-1536x1536.jpg 1536w, https:\/\/elmetropolitano.com.gt\/es\/wp-content\/uploads\/2025\/05\/495532481_1221000336692714_7789797921894149204_n-1.jpg 1600w\" sizes=\"auto, (max-width: 1024px) 100vw, 1024px\" \/><\/figure>\n<\/figure>\n","protected":false},"excerpt":{"rendered":"<p>El ministerio de Salud a informado la noche de este domingo que la Mag\u00edster Sandra Edith Carballo Lemus ha presentado su renuncia al cargo de Viceministra de Hospitales. La decisi\u00f3n de la profesional fue aceptada por las autoridades del Ministerio en el marco de un proceso de fortalecimiento institucional, orientado a renovar liderazgos que acompa\u00f1en <a class=\"read-more\" href=\"https:\/\/elmetropolitano.com.gt\/es\/renuncio-viceministra-de-hospitales\/\">Leer m\u00e1s<\/a><\/p>\n","protected":false},"author":1,"featured_media":102713,"comment_status":"open","ping_status":"closed","sticky":false,"template":"","format":"standard","meta":{"footnotes":""},"categories":[2],"tags":[12],"class_list":["post-102712","post","type-post","status-publish","format-standard","has-post-thumbnail","hentry","category-nacionales","tag-nacionales"],"_links":{"self":[{"href":"https:\/\/elmetropolitano.com.gt\/es\/wp-json\/wp\/v2\/posts\/102712","targetHints":{"allow":["GET"]}}],"collection":[{"href":"https:\/\/elmetropolitano.com.gt\/es\/wp-json\/wp\/v2\/posts"}],"about":[{"href":"https:\/\/elmetropolitano.com.gt\/es\/wp-json\/wp\/v2\/types\/post"}],"author":[{"embeddable":true,"href":"https:\/\/elmetropolitano.com.gt\/es\/wp-json\/wp\/v2\/users\/1"}],"replies":[{"embeddable":true,"href":"https:\/\/elmetropolitano.com.gt\/es\/wp-json\/wp\/v2\/comments?post=102712"}],"version-history":[{"count":1,"href":"https:\/\/elmetropolitano.com.gt\/es\/wp-json\/wp\/v2\/posts\/102712\/revisions"}],"predecessor-version":[{"id":102715,"href":"https:\/\/elmetropolitano.com.gt\/es\/wp-json\/wp\/v2\/posts\/102712\/revisions\/102715"}],"wp:featuredmedia":[{"embeddable":true,"href":"https:\/\/elmetropolitano.com.gt\/es\/wp-json\/wp\/v2\/media\/102713"}],"wp:attachment":[{"href":"https:\/\/elmetropolitano.com.gt\/es\/wp-json\/wp\/v2\/media?parent=102712"}],"wp:term":[{"taxonomy":"category","embeddable":true,"href":"https:\/\/elmetropolitano.com.gt\/es\/wp-json\/wp\/v2\/categories?post=102712"},{"taxonomy":"post_tag","embeddable":true,"href":"https:\/\/elmetropolitano.com.gt\/es\/wp-json\/wp\/v2\/tags?post=102712"}],"curies":[{"name":"wp","href":"https:\/\/api.w.org\/{rel}","templated":true}]}}