{"id":102748,"date":"2025-05-13T13:21:55","date_gmt":"2025-05-13T19:21:55","guid":{"rendered":"https:\/\/elmetropolitano.com.gt\/es\/?p=102748"},"modified":"2025-05-13T13:21:55","modified_gmt":"2025-05-13T19:21:55","slug":"vicepresidenta-confirma-disminucion-de-su-salario-a-partir-del-1-de-mayo","status":"publish","type":"post","link":"https:\/\/elmetropolitano.com.gt\/es\/vicepresidenta-confirma-disminucion-de-su-salario-a-partir-del-1-de-mayo\/","title":{"rendered":"Vicepresidenta confirma disminuci\u00f3n de su salario a partir del 1 de mayo"},"content":{"rendered":"\n<p>La vicepresidenta Karin Herrera confirm\u00f3 a trav\u00e9s de un comunicado oficial que su salario ser\u00e1 reducido a partir del 1 de mayo de este a\u00f1o. Esta disposici\u00f3n fue aprobada por el Ministerio de Finanzas P\u00fablicas (Minfin), en seguimiento de instrucciones del presidente Bernardo Ar\u00e9valo emitidas semanas atr\u00e1s.<\/p>\n\n\n\n<p>El ajuste se centra en los gastos de representaci\u00f3n del cargo, los cuales ser\u00e1n modificados conforme a la aprobaci\u00f3n de Finanzas. Esta informaci\u00f3n fue compartida a trav\u00e9s de los canales oficiales de la Vicepresidencia, en los cuales se detalla que la medida responde directamente a una instrucci\u00f3n presidencial emitida previamente.<\/p><div class=\"elmet-contenido\" id=\"elmet-1746770431\"><div class=\"elmet-adlabel\">Anuncios<\/div><div style=\"margin-top: 20px;margin-right: 20px;margin-bottom: 20px;margin-left: 20px;\" id=\"elmet-9022859\"><a href=\"https:\/\/www.facebook.com\/arrincuanantigua\/\" aria-label=\"cintillo-arrin-cual\"><img loading=\"lazy\" decoding=\"async\" src=\"https:\/\/elmetropolitano.com.gt\/es\/wp-content\/uploads\/2021\/11\/cintillo-arrin-cual-1.jpg\" alt=\"\"  srcset=\"https:\/\/elmetropolitano.com.gt\/es\/wp-content\/uploads\/2021\/11\/cintillo-arrin-cual-1.jpg 750w, https:\/\/elmetropolitano.com.gt\/es\/wp-content\/uploads\/2021\/11\/cintillo-arrin-cual-1-300x36.jpg 300w, https:\/\/elmetropolitano.com.gt\/es\/wp-content\/uploads\/2021\/11\/cintillo-arrin-cual-1-600x72.jpg 600w\" sizes=\"(max-width: 750px) 100vw, 750px\" width=\"750\" height=\"90\"   \/><\/a><\/div><\/div>\n\n\n\n<p>El presidente Ar\u00e9valo, al conocer que la reducci\u00f3n salarial propuesta inicialmente para \u00e9l y la vicemandataria no se hab\u00eda ejecutado por completo, tom\u00f3 la decisi\u00f3n de solicitar al Minfin una acci\u00f3n inmediata.<\/p>\n\n\n\n<p>Respuesta a las expectativas ciudadanas<\/p>\n\n\n\n<p>El Gobierno de Guatemala explic\u00f3 que esta decisi\u00f3n se enmarca dentro de los compromisos adquiridos con la poblaci\u00f3n. Desde el inicio de su mandato, Ar\u00e9valo y Herrera han manifestado su inter\u00e9s por implementar una pol\u00edtica austera y coherente con las necesidades del pa\u00eds.<\/p>\n\n\n\n<p>En este sentido, la reducci\u00f3n de los ingresos del binomio presidencial busca no solo optimizar el uso de recursos p\u00fablicos, sino tambi\u00e9n enviar un mensaje de coherencia pol\u00edtica y \u00e9tica en el ejercicio del poder. La modificaci\u00f3n comenzar\u00e1 a aplicarse oficialmente desde el 1 de mayo.<\/p>\n\n\n\n<p>El 1 de junio de 2024 entr\u00f3 en vigencia la reducci\u00f3n del 25 % del salario del presidente Ar\u00e9valo.<\/p>\n\n\n\n<p>Texto&nbsp; Lincy Rodr\u00edguez<\/p>\n\n\n\n<p>#karinherrera &nbsp;#sueldovicepresidente&nbsp; &nbsp;#metroredes <a href=\"http:\/\/www.elmetropolitano.com.gt\">www.elmetropolitano.com.gt<\/a>&nbsp; <a href=\"http:\/\/www.metroredes.com\">www.metroredes.com<\/a>&nbsp; <a href=\"http:\/\/www.elescuintleco.com\">www.elescuintleco.com<\/a><\/p>\n\n\n\n<figure class=\"wp-block-gallery has-nested-images columns-default is-cropped wp-block-gallery-1 is-layout-flex wp-block-gallery-is-layout-flex\">\n<figure class=\"wp-block-image size-large\"><img loading=\"lazy\" decoding=\"async\" width=\"1024\" height=\"588\" data-id=\"102750\" src=\"https:\/\/elmetropolitano.com.gt\/es\/wp-content\/uploads\/2025\/05\/Vicepresidenta-de-Guatemala-Karin-Herrera.-e1706143646888-1-1024x588.jpg\" alt=\"\" class=\"wp-image-102750\" srcset=\"https:\/\/elmetropolitano.com.gt\/es\/wp-content\/uploads\/2025\/05\/Vicepresidenta-de-Guatemala-Karin-Herrera.-e1706143646888-1-1024x588.jpg 1024w, https:\/\/elmetropolitano.com.gt\/es\/wp-content\/uploads\/2025\/05\/Vicepresidenta-de-Guatemala-Karin-Herrera.-e1706143646888-1-300x172.jpg 300w, https:\/\/elmetropolitano.com.gt\/es\/wp-content\/uploads\/2025\/05\/Vicepresidenta-de-Guatemala-Karin-Herrera.-e1706143646888-1-768x441.jpg 768w, https:\/\/elmetropolitano.com.gt\/es\/wp-content\/uploads\/2025\/05\/Vicepresidenta-de-Guatemala-Karin-Herrera.-e1706143646888-1.jpg 1185w\" sizes=\"auto, (max-width: 1024px) 100vw, 1024px\" \/><\/figure>\n\n\n\n<figure class=\"wp-block-image size-large\"><img loading=\"lazy\" decoding=\"async\" width=\"720\" height=\"900\" data-id=\"102751\" src=\"https:\/\/elmetropolitano.com.gt\/es\/wp-content\/uploads\/2025\/05\/Gq2EmfrW8AEVtK9.jpeg\" alt=\"\" class=\"wp-image-102751\" srcset=\"https:\/\/elmetropolitano.com.gt\/es\/wp-content\/uploads\/2025\/05\/Gq2EmfrW8AEVtK9.jpeg 720w, https:\/\/elmetropolitano.com.gt\/es\/wp-content\/uploads\/2025\/05\/Gq2EmfrW8AEVtK9-240x300.jpeg 240w\" sizes=\"auto, (max-width: 720px) 100vw, 720px\" \/><\/figure>\n\n\n\n<figure class=\"wp-block-image size-large\"><img loading=\"lazy\" decoding=\"async\" width=\"1024\" height=\"512\" data-id=\"102752\" src=\"https:\/\/elmetropolitano.com.gt\/es\/wp-content\/uploads\/2025\/05\/image-1-1140x570-1-1024x512.png\" alt=\"\" class=\"wp-image-102752\" srcset=\"https:\/\/elmetropolitano.com.gt\/es\/wp-content\/uploads\/2025\/05\/image-1-1140x570-1-1024x512.png 1024w, https:\/\/elmetropolitano.com.gt\/es\/wp-content\/uploads\/2025\/05\/image-1-1140x570-1-300x150.png 300w, https:\/\/elmetropolitano.com.gt\/es\/wp-content\/uploads\/2025\/05\/image-1-1140x570-1-768x384.png 768w, https:\/\/elmetropolitano.com.gt\/es\/wp-content\/uploads\/2025\/05\/image-1-1140x570-1.png 1140w\" sizes=\"auto, (max-width: 1024px) 100vw, 1024px\" \/><\/figure>\n<\/figure>\n","protected":false},"excerpt":{"rendered":"<p>La vicepresidenta Karin Herrera confirm\u00f3 a trav\u00e9s de un comunicado oficial que su salario ser\u00e1 reducido a partir del 1 de mayo de este a\u00f1o. Esta disposici\u00f3n fue aprobada por el Ministerio de Finanzas P\u00fablicas (Minfin), en seguimiento de instrucciones del presidente Bernardo Ar\u00e9valo emitidas semanas atr\u00e1s. El ajuste se centra en los gastos de <a class=\"read-more\" href=\"https:\/\/elmetropolitano.com.gt\/es\/vicepresidenta-confirma-disminucion-de-su-salario-a-partir-del-1-de-mayo\/\">Leer m\u00e1s<\/a><\/p>\n","protected":false},"author":1,"featured_media":102749,"comment_status":"open","ping_status":"closed","sticky":false,"template":"","format":"standard","meta":{"footnotes":""},"categories":[2],"tags":[12],"class_list":["post-102748","post","type-post","status-publish","format-standard","has-post-thumbnail","hentry","category-nacionales","tag-nacionales"],"_links":{"self":[{"href":"https:\/\/elmetropolitano.com.gt\/es\/wp-json\/wp\/v2\/posts\/102748","targetHints":{"allow":["GET"]}}],"collection":[{"href":"https:\/\/elmetropolitano.com.gt\/es\/wp-json\/wp\/v2\/posts"}],"about":[{"href":"https:\/\/elmetropolitano.com.gt\/es\/wp-json\/wp\/v2\/types\/post"}],"author":[{"embeddable":true,"href":"https:\/\/elmetropolitano.com.gt\/es\/wp-json\/wp\/v2\/users\/1"}],"replies":[{"embeddable":true,"href":"https:\/\/elmetropolitano.com.gt\/es\/wp-json\/wp\/v2\/comments?post=102748"}],"version-history":[{"count":1,"href":"https:\/\/elmetropolitano.com.gt\/es\/wp-json\/wp\/v2\/posts\/102748\/revisions"}],"predecessor-version":[{"id":102753,"href":"https:\/\/elmetropolitano.com.gt\/es\/wp-json\/wp\/v2\/posts\/102748\/revisions\/102753"}],"wp:featuredmedia":[{"embeddable":true,"href":"https:\/\/elmetropolitano.com.gt\/es\/wp-json\/wp\/v2\/media\/102749"}],"wp:attachment":[{"href":"https:\/\/elmetropolitano.com.gt\/es\/wp-json\/wp\/v2\/media?parent=102748"}],"wp:term":[{"taxonomy":"category","embeddable":true,"href":"https:\/\/elmetropolitano.com.gt\/es\/wp-json\/wp\/v2\/categories?post=102748"},{"taxonomy":"post_tag","embeddable":true,"href":"https:\/\/elmetropolitano.com.gt\/es\/wp-json\/wp\/v2\/tags?post=102748"}],"curies":[{"name":"wp","href":"https:\/\/api.w.org\/{rel}","templated":true}]}}