{"id":102754,"date":"2025-05-13T17:23:03","date_gmt":"2025-05-13T23:23:03","guid":{"rendered":"https:\/\/elmetropolitano.com.gt\/es\/?p=102754"},"modified":"2025-05-13T17:23:04","modified_gmt":"2025-05-13T23:23:04","slug":"ministro-de-gobernacion-acepta-renuncia-de-luis-juarez-como-director-del-sistema-penitenciario","status":"publish","type":"post","link":"https:\/\/elmetropolitano.com.gt\/es\/ministro-de-gobernacion-acepta-renuncia-de-luis-juarez-como-director-del-sistema-penitenciario\/","title":{"rendered":"Ministro de Gobernaci\u00f3n acepta renuncia de Luis Ju\u00e1rez como director del Sistema Penitenciario"},"content":{"rendered":"\n<p>El ministro de Gobernaci\u00f3n, Francisco Jim\u00e9nez, inform\u00f3 por medio de su cuenta oficial en X que ha aceptado la renuncia de Luis Jos\u00e9 Ju\u00e1rez Bola\u00f1os como director del Sistema Penitenciario. A menos de un mes de haber asumido el cargo, Ju\u00e1rez decidi\u00f3 apartarse de sus funciones, lo cual fue calificado por el ministro como una decisi\u00f3n personal que respeta profundamente.<\/p>\n\n\n\n<p>En su mensaje <a><\/a>p\u00fablico, Jim\u00e9nez resalt\u00f3 la complejidad que representa estar al frente del sistema penitenciario, una de las instituciones m\u00e1s cr\u00edticas del aparato estatal. Se\u00f1al\u00f3 que se trata de una labor que supera con creces lo que cualquier ciudadano podr\u00eda imaginar, y que implica grandes desaf\u00edos estructurales, operativos y humanos.<\/p><div class=\"elmet-contenido\" id=\"elmet-1490869807\"><div class=\"elmet-adlabel\">Anuncios<\/div><div style=\"margin-top: 20px;margin-right: 20px;margin-bottom: 20px;margin-left: 20px;\" id=\"elmet-3522774546\"><a href=\"https:\/\/www.facebook.com\/arrincuanantigua\/\" aria-label=\"cintillo-arrin-cual\"><img loading=\"lazy\" decoding=\"async\" src=\"https:\/\/elmetropolitano.com.gt\/es\/wp-content\/uploads\/2021\/11\/cintillo-arrin-cual-1.jpg\" alt=\"\"  srcset=\"https:\/\/elmetropolitano.com.gt\/es\/wp-content\/uploads\/2021\/11\/cintillo-arrin-cual-1.jpg 750w, https:\/\/elmetropolitano.com.gt\/es\/wp-content\/uploads\/2021\/11\/cintillo-arrin-cual-1-300x36.jpg 300w, https:\/\/elmetropolitano.com.gt\/es\/wp-content\/uploads\/2021\/11\/cintillo-arrin-cual-1-600x72.jpg 600w\" sizes=\"(max-width: 750px) 100vw, 750px\" width=\"750\" height=\"90\"   \/><\/a><\/div><\/div>\n\n\n\n<p>Reconocimiento al personal penitenciario<\/p>\n\n\n\n<p>El ministro tambi\u00e9n aprovech\u00f3 la oportunidad para rendir homenaje a quienes laboran dentro del sistema penitenciario, destacando su valor y compromiso.<\/p>\n\n\n\n<p>Jim\u00e9nez, extendiendo su respeto y reconocimiento al personal.<\/p>\n\n\n\n<p>Detr\u00e1s de esta instituci\u00f3n hay cientos de hombres y mujeres valientes, con profundo compromiso, que trabajan d\u00eda a d\u00eda por transformar un sistema que hist\u00f3ricamente hab\u00eda sido abandonado.<\/p>\n\n\n\n<p>A pesar del cambio en la direcci\u00f3n, las autoridades han reiterado que el proceso de transformaci\u00f3n no se detendr\u00e1. Seg\u00fan Jim\u00e9nez, esta reforma institucional responde a un mandato prioritario del presidente Bernardo Ar\u00e9valo y a una convicci\u00f3n compartida dentro del Ministerio de Gobernaci\u00f3n.<\/p>\n\n\n\n<p>Afirm\u00f3 que \u201cSabemos que vendr\u00e1n obst\u00e1culos, pero tenemos claridad, direcci\u00f3n y fortaleza\u201d<\/p>\n\n\n\n<p>Luis Jos\u00e9 Ju\u00e1rez asumi\u00f3 el liderazgo del Sistema Penitenciario el pasado 15 de abril. Durante su corta gesti\u00f3n, una de las primeras acciones que encabez\u00f3 fue la requisa realizada en el centro carcelario de la aldea Los Jocotes, en Zacapa. Este operativo fue parte de las medidas para recuperar el control de los centros de privaci\u00f3n de libertad.<\/p>\n\n\n\n<p>El Ministerio de Gobernaci\u00f3n continuar\u00e1 con los esfuerzos orientados a una transformaci\u00f3n profunda del sistema penitenciario, con el objetivo de fortalecer la seguridad nacional y garantizar condiciones dignas y seguras tanto para privados de libertad como para el personal que labora en el sector.<\/p>\n\n\n\n<p>Texto: Lincy Rodr\u00edguez<\/p>\n\n\n\n<p><a href=\"https:\/\/www.facebook.com\/hashtag\/carceles?__eep__=6&amp;__cft__[0]=AZWAgObMg4epUdMaAtxutvxG3YdHD0cdLUh2ZBz_gnDBT_qk2fH_QU04F_mHeWNc_hOf1OkiVPex1mbA4Rbs5CahLUMExtUDlXHvBYMqlYLdC2bMqXGkgPQZAbd6DJ3sPWJl48JhLf5fTZ7399EPjr2t0prTJjrttzOfi6ykGw2X2UFpfDjeHKcS-n3UDx4l-qyBWVj8LmCyal5HEsql16Qr&amp;__tn__=*NK-R\">#Carceles<\/a><a href=\"https:\/\/www.facebook.com\/hashtag\/metroredes?__eep__=6&amp;__cft__[0]=AZWAgObMg4epUdMaAtxutvxG3YdHD0cdLUh2ZBz_gnDBT_qk2fH_QU04F_mHeWNc_hOf1OkiVPex1mbA4Rbs5CahLUMExtUDlXHvBYMqlYLdC2bMqXGkgPQZAbd6DJ3sPWJl48JhLf5fTZ7399EPjr2t0prTJjrttzOfi6ykGw2X2UFpfDjeHKcS-n3UDx4l-qyBWVj8LmCyal5HEsql16Qr&amp;__tn__=*NK-R\">#metroredes<\/a><\/p>\n","protected":false},"excerpt":{"rendered":"<p>El ministro de Gobernaci\u00f3n, Francisco Jim\u00e9nez, inform\u00f3 por medio de su cuenta oficial en X que ha aceptado la renuncia de Luis Jos\u00e9 Ju\u00e1rez Bola\u00f1os como director del Sistema Penitenciario. A menos de un mes de haber asumido el cargo, Ju\u00e1rez decidi\u00f3 apartarse de sus funciones, lo cual fue calificado por el ministro como una <a class=\"read-more\" href=\"https:\/\/elmetropolitano.com.gt\/es\/ministro-de-gobernacion-acepta-renuncia-de-luis-juarez-como-director-del-sistema-penitenciario\/\">Leer m\u00e1s<\/a><\/p>\n","protected":false},"author":1,"featured_media":102755,"comment_status":"open","ping_status":"closed","sticky":false,"template":"","format":"standard","meta":{"footnotes":""},"categories":[2],"tags":[12],"class_list":["post-102754","post","type-post","status-publish","format-standard","has-post-thumbnail","hentry","category-nacionales","tag-nacionales"],"_links":{"self":[{"href":"https:\/\/elmetropolitano.com.gt\/es\/wp-json\/wp\/v2\/posts\/102754","targetHints":{"allow":["GET"]}}],"collection":[{"href":"https:\/\/elmetropolitano.com.gt\/es\/wp-json\/wp\/v2\/posts"}],"about":[{"href":"https:\/\/elmetropolitano.com.gt\/es\/wp-json\/wp\/v2\/types\/post"}],"author":[{"embeddable":true,"href":"https:\/\/elmetropolitano.com.gt\/es\/wp-json\/wp\/v2\/users\/1"}],"replies":[{"embeddable":true,"href":"https:\/\/elmetropolitano.com.gt\/es\/wp-json\/wp\/v2\/comments?post=102754"}],"version-history":[{"count":1,"href":"https:\/\/elmetropolitano.com.gt\/es\/wp-json\/wp\/v2\/posts\/102754\/revisions"}],"predecessor-version":[{"id":102756,"href":"https:\/\/elmetropolitano.com.gt\/es\/wp-json\/wp\/v2\/posts\/102754\/revisions\/102756"}],"wp:featuredmedia":[{"embeddable":true,"href":"https:\/\/elmetropolitano.com.gt\/es\/wp-json\/wp\/v2\/media\/102755"}],"wp:attachment":[{"href":"https:\/\/elmetropolitano.com.gt\/es\/wp-json\/wp\/v2\/media?parent=102754"}],"wp:term":[{"taxonomy":"category","embeddable":true,"href":"https:\/\/elmetropolitano.com.gt\/es\/wp-json\/wp\/v2\/categories?post=102754"},{"taxonomy":"post_tag","embeddable":true,"href":"https:\/\/elmetropolitano.com.gt\/es\/wp-json\/wp\/v2\/tags?post=102754"}],"curies":[{"name":"wp","href":"https:\/\/api.w.org\/{rel}","templated":true}]}}