{"id":102757,"date":"2025-05-13T17:26:33","date_gmt":"2025-05-13T23:26:33","guid":{"rendered":"https:\/\/elmetropolitano.com.gt\/es\/?p=102757"},"modified":"2025-05-13T17:26:33","modified_gmt":"2025-05-13T23:26:33","slug":"fallece-expresidente-uruguayo-jose-pepe-mujica","status":"publish","type":"post","link":"https:\/\/elmetropolitano.com.gt\/es\/fallece-expresidente-uruguayo-jose-pepe-mujica\/","title":{"rendered":"Fallece expresidente uruguayo Jos\u00e9 \u00abPepe\u00bb Mujica"},"content":{"rendered":"\n<p>El expresidente de Uruguay, Jos\u00e9 \u201cPepe\u201d Mujica (2010-2015), falleci\u00f3 este martes a los 89 a\u00f1os a causa de un c\u00e1ncer de es\u00f3fago, seg\u00fan informaron medios de ese pa\u00eds.<\/p>\n\n\n\n<p>De <a><\/a>acuerdo con el diario en l\u00ednea Infobae, el anuncio del fallecimiento de Mujica, quien fue conocido como \u201cel presidente m\u00e1s pobre del mundo\u201d, lo hizo el presidente uruguayo Yamand\u00fa Orsi,<\/p><div class=\"elmet-contenido\" id=\"elmet-3712669856\"><div class=\"elmet-adlabel\">Anuncios<\/div><div style=\"margin-top: 20px;margin-right: 20px;margin-bottom: 20px;margin-left: 20px;\" id=\"elmet-387748630\"><a href=\"https:\/\/www.facebook.com\/arrincuanantigua\/\" aria-label=\"cintillo-arrin-cual\"><img loading=\"lazy\" decoding=\"async\" src=\"https:\/\/elmetropolitano.com.gt\/es\/wp-content\/uploads\/2021\/11\/cintillo-arrin-cual-1.jpg\" alt=\"\"  srcset=\"https:\/\/elmetropolitano.com.gt\/es\/wp-content\/uploads\/2021\/11\/cintillo-arrin-cual-1.jpg 750w, https:\/\/elmetropolitano.com.gt\/es\/wp-content\/uploads\/2021\/11\/cintillo-arrin-cual-1-300x36.jpg 300w, https:\/\/elmetropolitano.com.gt\/es\/wp-content\/uploads\/2021\/11\/cintillo-arrin-cual-1-600x72.jpg 600w\" sizes=\"(max-width: 750px) 100vw, 750px\" width=\"750\" height=\"90\"   \/><\/a><\/div><\/div>\n\n\n\n<p>Con profundo dolor comunicamos que falleci\u00f3 nuestro compa\u00f1ero Pepe Mujica. Presidente, militante, referente y conductor. Te vamos a extra\u00f1ar mucho Viejo querido. Gracias por todo lo que nos diste y por tu profundo amor por tu pueblo, inform\u00f3 Orsi.<\/p>\n\n\n\n<p>El expresidente Mujica destac\u00f3 en su pa\u00eds y Latinoam\u00e9rica por su car\u00e1cter austero, humilde y probo, tanto en su actuar personal como en su estilo de gobierno.<\/p>\n\n\n\n<p>Asimismo, el exgobernante dej\u00f3 una profunda huella en la pol\u00edtica latinoamericana al convertirse en un referente de la lucha por la justicia social y la paz en la regi\u00f3n.<\/p>\n\n\n\n<p>Mujica pas\u00f3 los \u00faltimos meses de su vida en su peque\u00f1a granja en las afueras de Montevideo, donde se refugi\u00f3 luego de que los m\u00e9dicos le diagnosticaran c\u00e1ncer.<\/p>\n\n\n\n<p>Presidente Ar\u00e9valo<\/p>\n\n\n\n<p>lo visita en marzo<\/p>\n\n\n\n<p>Durante su viaje a la toma de posesi\u00f3n del presidente Yamand\u00fa Orsi en marzo pasado, el presidente Bernardo Ar\u00e9valo aprovech\u00f3 para visitar al expresidente Mujica.<\/p>\n\n\n\n<p>Durante su visita, el mandatario guatemalteco se\u00f1al\u00f3 que la vida y legado de Mujica no deja huella sino deja surco, y en ese surco la cantidad de semillas que van a brotar es enorme.<\/p>\n\n\n\n<p>En esa ocasi\u00f3n, el presidente Ar\u00e9valo comparti\u00f3 en redes sociales el siguiente mensaje sobre Mujica:<\/p>\n\n\n\n<p>Pepe, gracias por tu ejemplo, por tu calidez y por recordarnos que gobernar es, ante todo, servir<\/p>\n\n\n\n<figure class=\"wp-block-gallery has-nested-images columns-default is-cropped wp-block-gallery-1 is-layout-flex wp-block-gallery-is-layout-flex\">\n<figure class=\"wp-block-image size-large\"><img loading=\"lazy\" decoding=\"async\" width=\"720\" height=\"405\" data-id=\"102762\" src=\"https:\/\/elmetropolitano.com.gt\/es\/wp-content\/uploads\/2025\/05\/496927872_1221569426635805_6667259129883572071_n.jpg\" alt=\"\" class=\"wp-image-102762\" srcset=\"https:\/\/elmetropolitano.com.gt\/es\/wp-content\/uploads\/2025\/05\/496927872_1221569426635805_6667259129883572071_n.jpg 720w, https:\/\/elmetropolitano.com.gt\/es\/wp-content\/uploads\/2025\/05\/496927872_1221569426635805_6667259129883572071_n-300x169.jpg 300w\" sizes=\"auto, (max-width: 720px) 100vw, 720px\" \/><\/figure>\n\n\n\n<figure class=\"wp-block-image size-large\"><img loading=\"lazy\" decoding=\"async\" width=\"720\" height=\"405\" data-id=\"102760\" src=\"https:\/\/elmetropolitano.com.gt\/es\/wp-content\/uploads\/2025\/05\/497401153_1221569479969133_9215148520927988208_n.jpg\" alt=\"\" class=\"wp-image-102760\" srcset=\"https:\/\/elmetropolitano.com.gt\/es\/wp-content\/uploads\/2025\/05\/497401153_1221569479969133_9215148520927988208_n.jpg 720w, https:\/\/elmetropolitano.com.gt\/es\/wp-content\/uploads\/2025\/05\/497401153_1221569479969133_9215148520927988208_n-300x169.jpg 300w\" sizes=\"auto, (max-width: 720px) 100vw, 720px\" \/><\/figure>\n\n\n\n<figure class=\"wp-block-image size-large\"><img loading=\"lazy\" decoding=\"async\" width=\"720\" height=\"405\" data-id=\"102759\" src=\"https:\/\/elmetropolitano.com.gt\/es\/wp-content\/uploads\/2025\/05\/497456107_1221569353302479_2212296315157229820_n-1.jpg\" alt=\"\" class=\"wp-image-102759\" srcset=\"https:\/\/elmetropolitano.com.gt\/es\/wp-content\/uploads\/2025\/05\/497456107_1221569353302479_2212296315157229820_n-1.jpg 720w, https:\/\/elmetropolitano.com.gt\/es\/wp-content\/uploads\/2025\/05\/497456107_1221569353302479_2212296315157229820_n-1-300x169.jpg 300w\" sizes=\"auto, (max-width: 720px) 100vw, 720px\" \/><\/figure>\n\n\n\n<figure class=\"wp-block-image size-large\"><img loading=\"lazy\" decoding=\"async\" width=\"720\" height=\"405\" data-id=\"102761\" src=\"https:\/\/elmetropolitano.com.gt\/es\/wp-content\/uploads\/2025\/05\/497504579_1221569369969144_7446785830859449157_n.jpg\" alt=\"\" class=\"wp-image-102761\" srcset=\"https:\/\/elmetropolitano.com.gt\/es\/wp-content\/uploads\/2025\/05\/497504579_1221569369969144_7446785830859449157_n.jpg 720w, https:\/\/elmetropolitano.com.gt\/es\/wp-content\/uploads\/2025\/05\/497504579_1221569369969144_7446785830859449157_n-300x169.jpg 300w\" sizes=\"auto, (max-width: 720px) 100vw, 720px\" \/><\/figure>\n\n\n\n<figure class=\"wp-block-image size-large\"><img loading=\"lazy\" decoding=\"async\" width=\"720\" height=\"829\" data-id=\"102763\" src=\"https:\/\/elmetropolitano.com.gt\/es\/wp-content\/uploads\/2025\/05\/497955899_1221569446635803_4026364990677742720_n.jpg\" alt=\"\" class=\"wp-image-102763\" srcset=\"https:\/\/elmetropolitano.com.gt\/es\/wp-content\/uploads\/2025\/05\/497955899_1221569446635803_4026364990677742720_n.jpg 720w, https:\/\/elmetropolitano.com.gt\/es\/wp-content\/uploads\/2025\/05\/497955899_1221569446635803_4026364990677742720_n-261x300.jpg 261w\" sizes=\"auto, (max-width: 720px) 100vw, 720px\" \/><\/figure>\n<\/figure>\n","protected":false},"excerpt":{"rendered":"<p>El expresidente de Uruguay, Jos\u00e9 \u201cPepe\u201d Mujica (2010-2015), falleci\u00f3 este martes a los 89 a\u00f1os a causa de un c\u00e1ncer de es\u00f3fago, seg\u00fan informaron medios de ese pa\u00eds. De acuerdo con el diario en l\u00ednea Infobae, el anuncio del fallecimiento de Mujica, quien fue conocido como \u201cel presidente m\u00e1s pobre del mundo\u201d, lo hizo el <a class=\"read-more\" href=\"https:\/\/elmetropolitano.com.gt\/es\/fallece-expresidente-uruguayo-jose-pepe-mujica\/\">Leer m\u00e1s<\/a><\/p>\n","protected":false},"author":1,"featured_media":102758,"comment_status":"open","ping_status":"closed","sticky":false,"template":"","format":"standard","meta":{"footnotes":""},"categories":[2],"tags":[12],"class_list":["post-102757","post","type-post","status-publish","format-standard","has-post-thumbnail","hentry","category-nacionales","tag-nacionales"],"_links":{"self":[{"href":"https:\/\/elmetropolitano.com.gt\/es\/wp-json\/wp\/v2\/posts\/102757","targetHints":{"allow":["GET"]}}],"collection":[{"href":"https:\/\/elmetropolitano.com.gt\/es\/wp-json\/wp\/v2\/posts"}],"about":[{"href":"https:\/\/elmetropolitano.com.gt\/es\/wp-json\/wp\/v2\/types\/post"}],"author":[{"embeddable":true,"href":"https:\/\/elmetropolitano.com.gt\/es\/wp-json\/wp\/v2\/users\/1"}],"replies":[{"embeddable":true,"href":"https:\/\/elmetropolitano.com.gt\/es\/wp-json\/wp\/v2\/comments?post=102757"}],"version-history":[{"count":1,"href":"https:\/\/elmetropolitano.com.gt\/es\/wp-json\/wp\/v2\/posts\/102757\/revisions"}],"predecessor-version":[{"id":102764,"href":"https:\/\/elmetropolitano.com.gt\/es\/wp-json\/wp\/v2\/posts\/102757\/revisions\/102764"}],"wp:featuredmedia":[{"embeddable":true,"href":"https:\/\/elmetropolitano.com.gt\/es\/wp-json\/wp\/v2\/media\/102758"}],"wp:attachment":[{"href":"https:\/\/elmetropolitano.com.gt\/es\/wp-json\/wp\/v2\/media?parent=102757"}],"wp:term":[{"taxonomy":"category","embeddable":true,"href":"https:\/\/elmetropolitano.com.gt\/es\/wp-json\/wp\/v2\/categories?post=102757"},{"taxonomy":"post_tag","embeddable":true,"href":"https:\/\/elmetropolitano.com.gt\/es\/wp-json\/wp\/v2\/tags?post=102757"}],"curies":[{"name":"wp","href":"https:\/\/api.w.org\/{rel}","templated":true}]}}