{"id":102775,"date":"2025-05-13T18:58:21","date_gmt":"2025-05-14T00:58:21","guid":{"rendered":"https:\/\/elmetropolitano.com.gt\/es\/?p=102775"},"modified":"2025-05-13T18:58:22","modified_gmt":"2025-05-14T00:58:22","slug":"gobierno-enviara-delegacion-de-alto-nivel-a-washington-para-negociar-los-aranceles","status":"publish","type":"post","link":"https:\/\/elmetropolitano.com.gt\/es\/gobierno-enviara-delegacion-de-alto-nivel-a-washington-para-negociar-los-aranceles\/","title":{"rendered":"Gobierno enviar\u00e1 delegaci\u00f3n de alto nivel a Washington para negociar los aranceles"},"content":{"rendered":"\n<p>El Gobierno de Guatemala anunci\u00f3 que pr\u00f3ximamente enviar\u00e1 una delegaci\u00f3n de alto nivel a Washington, D. C., para desarrollar una agenda de reuniones con autoridades de Estados Unidos, para dialogar sobre el comercio y los aranceles determinados por el gobierno estadounidense para las exportaciones de nuestro pa\u00eds.<\/p>\n\n\n\n<p>El Ejecutivo divulg\u00f3 que el presidente Bernardo Ar\u00e9valo sostuvo una reuni\u00f3n este <a><\/a>d\u00eda con los representantes del sector privado guatemalteco para compartir los avances de la hoja de ruta que impulsa su administraci\u00f3n para hacer frente a los aranceles y fortalecer las condiciones del acceso de las exportaciones guatemaltecas al mercado estadounidense.<\/p><div class=\"elmet-contenido\" id=\"elmet-2012509711\"><div class=\"elmet-adlabel\">Anuncios<\/div><div style=\"margin-top: 20px;margin-right: 20px;margin-bottom: 20px;margin-left: 20px;\" id=\"elmet-293089045\"><a href=\"https:\/\/www.facebook.com\/arrincuanantigua\/\" aria-label=\"cintillo-arrin-cual\"><img loading=\"lazy\" decoding=\"async\" src=\"https:\/\/elmetropolitano.com.gt\/es\/wp-content\/uploads\/2021\/11\/cintillo-arrin-cual-1.jpg\" alt=\"\"  srcset=\"https:\/\/elmetropolitano.com.gt\/es\/wp-content\/uploads\/2021\/11\/cintillo-arrin-cual-1.jpg 750w, https:\/\/elmetropolitano.com.gt\/es\/wp-content\/uploads\/2021\/11\/cintillo-arrin-cual-1-300x36.jpg 300w, https:\/\/elmetropolitano.com.gt\/es\/wp-content\/uploads\/2021\/11\/cintillo-arrin-cual-1-600x72.jpg 600w\" sizes=\"(max-width: 750px) 100vw, 750px\" width=\"750\" height=\"90\"   \/><\/a><\/div><\/div>\n\n\n\n<p>De esa cuenta, se formul\u00f3 la delegaci\u00f3n de alto nivel que sostendr\u00e1 encuentros con autoridades del gobierno estadounidense, miembros del Congreso y l\u00edderes del sector empresarial.<\/p>\n\n\n\n<p>Se tiene previsto que la comitiva presente el plan de acci\u00f3n de Guatemala ante la Oficina del Representante Comercial de Estados Unidos. De esta cuenta, el Gobierno inform\u00f3 que se tiene coordinaciones con el sector privado, el cual acompa\u00f1ar\u00e1 este proceso como se realiza en las negociaciones internacionales.<\/p>\n\n\n\n<p>Texto: Daniel Coromac<\/p>\n\n\n\n<p><a href=\"https:\/\/www.facebook.com\/hashtag\/elfinancierogt?__eep__=6&amp;__cft__[0]=AZVo-tjP9lwrqsjTH7dK8X4mcsEXWbW8WFIYWMEeWhGRzqVEN2Jq-dTQ7nTuBFdgbPtVaVcOD-YUJJqLBHLXZhH_UFd2DTWtT0YBAJHi55rhlRLkKwYsnY3YCcLpejp5vzSiRyIhVrWsCSr4Chm5Hg7t0UWammta0U2SdkuTk1Y6lC2VSGyRnTbVkSjOAwH_66i7BfrXNTBoYQCCe-9Nr8J0&amp;__tn__=*NK-R\">#elfinancierogt<\/a><a href=\"https:\/\/www.facebook.com\/hashtag\/metroredes?__eep__=6&amp;__cft__[0]=AZVo-tjP9lwrqsjTH7dK8X4mcsEXWbW8WFIYWMEeWhGRzqVEN2Jq-dTQ7nTuBFdgbPtVaVcOD-YUJJqLBHLXZhH_UFd2DTWtT0YBAJHi55rhlRLkKwYsnY3YCcLpejp5vzSiRyIhVrWsCSr4Chm5Hg7t0UWammta0U2SdkuTk1Y6lC2VSGyRnTbVkSjOAwH_66i7BfrXNTBoYQCCe-9Nr8J0&amp;__tn__=*NK-R\">#metroredes<\/a><a href=\"https:\/\/www.facebook.com\/hashtag\/aranceles?__eep__=6&amp;__cft__[0]=AZVo-tjP9lwrqsjTH7dK8X4mcsEXWbW8WFIYWMEeWhGRzqVEN2Jq-dTQ7nTuBFdgbPtVaVcOD-YUJJqLBHLXZhH_UFd2DTWtT0YBAJHi55rhlRLkKwYsnY3YCcLpejp5vzSiRyIhVrWsCSr4Chm5Hg7t0UWammta0U2SdkuTk1Y6lC2VSGyRnTbVkSjOAwH_66i7BfrXNTBoYQCCe-9Nr8J0&amp;__tn__=*NK-R\">#Aranceles<\/a><\/p>\n","protected":false},"excerpt":{"rendered":"<p>El Gobierno de Guatemala anunci\u00f3 que pr\u00f3ximamente enviar\u00e1 una delegaci\u00f3n de alto nivel a Washington, D. C., para desarrollar una agenda de reuniones con autoridades de Estados Unidos, para dialogar sobre el comercio y los aranceles determinados por el gobierno estadounidense para las exportaciones de nuestro pa\u00eds. El Ejecutivo divulg\u00f3 que el presidente Bernardo Ar\u00e9valo <a class=\"read-more\" href=\"https:\/\/elmetropolitano.com.gt\/es\/gobierno-enviara-delegacion-de-alto-nivel-a-washington-para-negociar-los-aranceles\/\">Leer m\u00e1s<\/a><\/p>\n","protected":false},"author":1,"featured_media":102776,"comment_status":"open","ping_status":"closed","sticky":false,"template":"","format":"standard","meta":{"footnotes":""},"categories":[2],"tags":[12],"class_list":["post-102775","post","type-post","status-publish","format-standard","has-post-thumbnail","hentry","category-nacionales","tag-nacionales"],"_links":{"self":[{"href":"https:\/\/elmetropolitano.com.gt\/es\/wp-json\/wp\/v2\/posts\/102775","targetHints":{"allow":["GET"]}}],"collection":[{"href":"https:\/\/elmetropolitano.com.gt\/es\/wp-json\/wp\/v2\/posts"}],"about":[{"href":"https:\/\/elmetropolitano.com.gt\/es\/wp-json\/wp\/v2\/types\/post"}],"author":[{"embeddable":true,"href":"https:\/\/elmetropolitano.com.gt\/es\/wp-json\/wp\/v2\/users\/1"}],"replies":[{"embeddable":true,"href":"https:\/\/elmetropolitano.com.gt\/es\/wp-json\/wp\/v2\/comments?post=102775"}],"version-history":[{"count":1,"href":"https:\/\/elmetropolitano.com.gt\/es\/wp-json\/wp\/v2\/posts\/102775\/revisions"}],"predecessor-version":[{"id":102777,"href":"https:\/\/elmetropolitano.com.gt\/es\/wp-json\/wp\/v2\/posts\/102775\/revisions\/102777"}],"wp:featuredmedia":[{"embeddable":true,"href":"https:\/\/elmetropolitano.com.gt\/es\/wp-json\/wp\/v2\/media\/102776"}],"wp:attachment":[{"href":"https:\/\/elmetropolitano.com.gt\/es\/wp-json\/wp\/v2\/media?parent=102775"}],"wp:term":[{"taxonomy":"category","embeddable":true,"href":"https:\/\/elmetropolitano.com.gt\/es\/wp-json\/wp\/v2\/categories?post=102775"},{"taxonomy":"post_tag","embeddable":true,"href":"https:\/\/elmetropolitano.com.gt\/es\/wp-json\/wp\/v2\/tags?post=102775"}],"curies":[{"name":"wp","href":"https:\/\/api.w.org\/{rel}","templated":true}]}}