{"id":102820,"date":"2025-05-14T11:52:57","date_gmt":"2025-05-14T17:52:57","guid":{"rendered":"https:\/\/elmetropolitano.com.gt\/es\/?p=102820"},"modified":"2025-05-14T11:52:58","modified_gmt":"2025-05-14T17:52:58","slug":"estos-son-los-nombres-de-los-ciclones-para-la-temporada-2025","status":"publish","type":"post","link":"https:\/\/elmetropolitano.com.gt\/es\/estos-son-los-nombres-de-los-ciclones-para-la-temporada-2025\/","title":{"rendered":"Estos son los nombres de los ciclones para la temporada 2025"},"content":{"rendered":"\n<p>Debido a que se aproxima la temporada cicl\u00f3nica 2025, tanto las regiones de Am\u00e9rica del Norte, Sudam\u00e9rica y Centro Am\u00e9rica como en el \u00e1rea del Caribe, inform\u00f3 el&nbsp;<a href=\"https:\/\/insivumeh.gob.gt\/\">Instituto Nacional de Sismolog\u00eda, Vulcanolog\u00eda, Meteorolog\u00eda e Hidrolog\u00eda (Insivumeh)<\/a>.<\/p>\n\n\n\n<p>Asimismo, el ente cient\u00edfico se\u00f1al\u00f3 que se prev\u00e9 que la temporada cicl\u00f3nica en el oc\u00e9ano Pacifico empiece este 15 de mayo.<\/p><div class=\"elmet-contenido\" id=\"elmet-3762551908\"><div class=\"elmet-adlabel\">Anuncios<\/div><div style=\"margin-top: 20px;margin-right: 20px;margin-bottom: 20px;margin-left: 20px;\" id=\"elmet-2925312615\"><a href=\"https:\/\/www.facebook.com\/arrincuanantigua\/\" aria-label=\"cintillo-arrin-cual\"><img loading=\"lazy\" decoding=\"async\" src=\"https:\/\/elmetropolitano.com.gt\/es\/wp-content\/uploads\/2021\/11\/cintillo-arrin-cual-1.jpg\" alt=\"\"  srcset=\"https:\/\/elmetropolitano.com.gt\/es\/wp-content\/uploads\/2021\/11\/cintillo-arrin-cual-1.jpg 750w, https:\/\/elmetropolitano.com.gt\/es\/wp-content\/uploads\/2021\/11\/cintillo-arrin-cual-1-300x36.jpg 300w, https:\/\/elmetropolitano.com.gt\/es\/wp-content\/uploads\/2021\/11\/cintillo-arrin-cual-1-600x72.jpg 600w\" sizes=\"(max-width: 750px) 100vw, 750px\" width=\"750\" height=\"90\"   \/><\/a><\/div><\/div>\n\n\n\n<p>Adem\u00e1s, pronostica que para esta \u00e1rea se formen 24 ciclones, de los cuales entre 12 y 14 podr\u00edan se tormentas tropicales, de los cuales ocho podr\u00edan convertirse en huracanes y cuatro de estos se podr\u00e1n convertir en huracanes mayores. Esto se prev\u00e9 tomando en cuenta que las anomal\u00edas de temperatura del oc\u00e9ano que se asocian al fen\u00f3meno de&nbsp;<em>El Ni\u00f1o.<\/em><\/p>\n\n\n\n<p>Ciclones del Pac\u00edfico<\/p>\n\n\n\n<p>Estos son los nombres que se establecieron para los ciclones del oc\u00e9ano Pac\u00edfico:<\/p>\n\n\n\n<figure class=\"wp-block-table\"><table class=\"has-fixed-layout\"><tbody><tr><td><strong>&nbsp;<\/strong> <strong>1.&nbsp;&nbsp;&nbsp;&nbsp;&nbsp;&nbsp;&nbsp;&nbsp;&nbsp;&nbsp;&nbsp;&nbsp;&nbsp;&nbsp;&nbsp;&nbsp;&nbsp;&nbsp;Alvin<\/strong><\/td><td><strong>2.&nbsp;&nbsp;&nbsp;&nbsp;&nbsp;&nbsp;&nbsp;&nbsp;&nbsp;&nbsp;&nbsp;&nbsp;&nbsp;&nbsp;&nbsp;&nbsp;&nbsp;&nbsp;B\u00e1rbara<\/strong><\/td><td><strong>3.&nbsp;&nbsp;&nbsp;&nbsp;&nbsp;&nbsp;&nbsp;&nbsp;&nbsp;&nbsp;&nbsp;&nbsp;&nbsp;&nbsp;&nbsp;&nbsp;&nbsp;&nbsp;Cosme<\/strong><\/td><\/tr><tr><td><strong>4.&nbsp;&nbsp;&nbsp;&nbsp;&nbsp;&nbsp;&nbsp;&nbsp;&nbsp;&nbsp;&nbsp;&nbsp;&nbsp;&nbsp;&nbsp;&nbsp;&nbsp;&nbsp;Dalila&nbsp;<\/strong><\/td><td><strong>5.&nbsp;&nbsp;&nbsp;&nbsp;&nbsp;&nbsp;&nbsp;&nbsp;&nbsp;&nbsp;&nbsp;&nbsp;&nbsp;&nbsp;&nbsp;&nbsp;&nbsp;&nbsp;Erick<\/strong><\/td><td><strong>6.&nbsp;&nbsp;&nbsp;&nbsp;&nbsp;&nbsp;&nbsp;&nbsp;&nbsp;&nbsp;&nbsp;&nbsp;&nbsp;&nbsp;&nbsp;&nbsp;&nbsp;&nbsp;Flossie<\/strong><\/td><\/tr><tr><td><strong>7.&nbsp;&nbsp;&nbsp;&nbsp;&nbsp;&nbsp;&nbsp;&nbsp;&nbsp;&nbsp;&nbsp;&nbsp;&nbsp;&nbsp;&nbsp;&nbsp;&nbsp;&nbsp;Gil<\/strong><\/td><td><strong>8.&nbsp;&nbsp;&nbsp;&nbsp;&nbsp;&nbsp;&nbsp;&nbsp;&nbsp;&nbsp;&nbsp;&nbsp;&nbsp;&nbsp;&nbsp;&nbsp;&nbsp;&nbsp;Henriette<\/strong><\/td><td><strong>9.&nbsp;&nbsp;&nbsp;&nbsp;&nbsp;&nbsp;&nbsp;&nbsp;&nbsp;&nbsp;&nbsp;&nbsp;&nbsp;&nbsp;&nbsp;&nbsp;&nbsp;&nbsp;Ivo<\/strong><\/td><\/tr><tr><td><strong>10.&nbsp;&nbsp;&nbsp;&nbsp;&nbsp;&nbsp;&nbsp;&nbsp;&nbsp;&nbsp;&nbsp;&nbsp;&nbsp;&nbsp;Juliette<\/strong><\/td><td><strong>11.&nbsp;&nbsp;&nbsp;&nbsp;&nbsp;&nbsp;&nbsp;&nbsp;&nbsp;&nbsp;&nbsp;&nbsp;&nbsp;&nbsp;Kiko<\/strong><\/td><td><strong>12.&nbsp;&nbsp;&nbsp;&nbsp;&nbsp;&nbsp;&nbsp;&nbsp;&nbsp;&nbsp;&nbsp;&nbsp;&nbsp;&nbsp;Lorena<\/strong><\/td><\/tr><tr><td><strong>13.&nbsp;&nbsp;&nbsp;&nbsp;&nbsp;&nbsp;&nbsp;&nbsp;&nbsp;&nbsp;&nbsp;&nbsp;&nbsp;&nbsp;Mario<\/strong><\/td><td><strong>14.&nbsp;&nbsp;&nbsp;&nbsp;&nbsp;&nbsp;&nbsp;&nbsp;&nbsp;&nbsp;&nbsp;&nbsp;&nbsp;&nbsp;Narda<\/strong><\/td><td><strong>15.&nbsp;&nbsp;&nbsp;&nbsp;&nbsp;&nbsp;&nbsp;&nbsp;&nbsp;&nbsp;&nbsp;&nbsp;&nbsp;&nbsp;Octave<\/strong><\/td><\/tr><tr><td><strong>16.&nbsp;&nbsp;&nbsp;&nbsp;&nbsp;&nbsp;&nbsp;&nbsp;&nbsp;&nbsp;&nbsp;&nbsp;&nbsp;&nbsp;Priscilla<\/strong><\/td><td><strong>17.&nbsp;&nbsp;&nbsp;&nbsp;&nbsp;&nbsp;&nbsp;&nbsp;&nbsp;&nbsp;&nbsp;&nbsp;&nbsp;&nbsp;Raymond<\/strong><\/td><td><strong>18.&nbsp;&nbsp;&nbsp;&nbsp;&nbsp;&nbsp;&nbsp;&nbsp;&nbsp;&nbsp;&nbsp;&nbsp;&nbsp;&nbsp;Sonia<\/strong><\/td><\/tr><tr><td><strong>19.&nbsp;&nbsp;&nbsp;&nbsp;&nbsp;&nbsp;&nbsp;&nbsp;&nbsp;&nbsp;&nbsp;&nbsp;&nbsp;&nbsp;Tico<\/strong><\/td><td><strong>20.&nbsp;&nbsp;&nbsp;&nbsp;&nbsp;&nbsp;&nbsp;&nbsp;&nbsp;&nbsp;&nbsp;&nbsp;&nbsp;&nbsp;Velma<\/strong><\/td><td><strong>21.&nbsp;&nbsp;&nbsp;&nbsp;&nbsp;&nbsp;&nbsp;&nbsp;&nbsp;&nbsp;&nbsp;&nbsp;&nbsp;&nbsp;Wallis<\/strong><\/td><\/tr><tr><td><strong>22.&nbsp;&nbsp;&nbsp;&nbsp;&nbsp;&nbsp;&nbsp;&nbsp;&nbsp;&nbsp;&nbsp;&nbsp;&nbsp;&nbsp;Xina<\/strong><\/td><td><strong>23.&nbsp;&nbsp;&nbsp;&nbsp;&nbsp;&nbsp;&nbsp;&nbsp;&nbsp;&nbsp;&nbsp;&nbsp;&nbsp;&nbsp;York<\/strong><\/td><td><strong>24.&nbsp;&nbsp;&nbsp;&nbsp;&nbsp;&nbsp;&nbsp;&nbsp;&nbsp;&nbsp;&nbsp;&nbsp;&nbsp;&nbsp;Zelda<\/strong><\/td><\/tr><\/tbody><\/table><\/figure>\n\n\n\n<p>Tambi\u00e9n para el oc\u00e9ano Atl\u00e1ntico, mar Caribe y Golfo de M\u00e9xico&nbsp;<a href=\"https:\/\/agn.gt\/peten-fortalece-el-monitoreo-climatico-con-21-estaciones-instaladas-por-insivumeh\/\">el Isivumeh<\/a>&nbsp;se\u00f1al\u00f3 que la temporada empezar\u00e1 el 1 de junio pr\u00f3ximo y para estas regiones se pronostica la formaci\u00f3n 21 ciclones tropicales.<\/p>\n\n\n\n<p>El ente cient\u00edfico prev\u00e9 una temporada muy activa, ya que de los 21 ciclones se pronostica que entre siete y nueve podr\u00edan convertirse en huracanes, de los cuales tres pod\u00edan alcanzar una categor\u00eda mayor.<\/p>\n\n\n\n<p>Ciclones del Atl\u00e1ntico<\/p>\n\n\n\n<p>Los nombres previstos para los ciclones del oc\u00e9ano Atl\u00e1ntico son:<\/p>\n\n\n\n<figure class=\"wp-block-table\"><table class=\"has-fixed-layout\"><tbody><tr><td><strong>1.&nbsp;&nbsp;&nbsp;&nbsp;&nbsp;&nbsp;Andrea<\/strong><\/td><td><strong>2.&nbsp;&nbsp;&nbsp;&nbsp;&nbsp;&nbsp;Barry<\/strong><\/td><td><strong>3.&nbsp;&nbsp;&nbsp;&nbsp;&nbsp;&nbsp;Chantal<\/strong><\/td><\/tr><tr><td><strong>4.&nbsp;&nbsp;&nbsp;&nbsp;&nbsp;&nbsp;Dexter<\/strong><\/td><td><strong>5.&nbsp;&nbsp;&nbsp;&nbsp;&nbsp;&nbsp;Erin<\/strong><\/td><td><strong>6.&nbsp;&nbsp;&nbsp;&nbsp;&nbsp;&nbsp;Fernand<\/strong><\/td><\/tr><tr><td><strong>7.&nbsp;&nbsp;&nbsp;&nbsp;&nbsp;&nbsp;Gabrielle<\/strong><\/td><td><strong>8.&nbsp;&nbsp;&nbsp;&nbsp;&nbsp;&nbsp;Humberto<\/strong><\/td><td><strong>9.&nbsp;&nbsp;&nbsp;&nbsp;&nbsp;&nbsp;Imelda<\/strong><\/td><\/tr><tr><td><strong>10.&nbsp;&nbsp;Jerry<\/strong><\/td><td><strong>11.&nbsp;&nbsp;Karen<\/strong><\/td><td><strong>12.&nbsp;&nbsp;Lorenzo<\/strong><\/td><\/tr><tr><td><strong>13.&nbsp;&nbsp;Melissa<\/strong><\/td><td><strong>14.&nbsp;&nbsp;Nestor<\/strong><\/td><td><strong>15.&nbsp;&nbsp;Olga<\/strong><\/td><\/tr><tr><td><strong>16.&nbsp;&nbsp;Pablo<\/strong><\/td><td><strong>17.&nbsp;&nbsp;Rebekah<\/strong><\/td><td><strong>18.&nbsp;&nbsp;Sebasti\u00e1n<\/strong><\/td><\/tr><tr><td><strong>19.&nbsp;&nbsp;Tanya<\/strong><\/td><td><strong>20.&nbsp;&nbsp;Van<\/strong><\/td><td><strong>21.&nbsp;&nbsp;Wendy<\/strong><\/td><\/tr><\/tbody><\/table><\/figure>\n\n\n\n<p>A\u00f1ade el Insivumeh que ninguno de los fen\u00f3menos cicl\u00f3nicos previstos se prev\u00e9 que impacte de manera directa a Guatemala, debido a la visualizaci\u00f3n prevista para su recorrido.<\/p>\n\n\n\n<p>No obstante, a\u00f1ade que los sistemas de baja presi\u00f3n podr\u00edan afectar al pa\u00eds y posicionarse de manera estacionaria, con lluvias intensas y prolongadas en el territorio nacional.<\/p>\n\n\n\n<p>Tambi\u00e9n destaca el ente cient\u00edfico que estos pron\u00f3sticos son din\u00e1micos y se actualizar\u00e1n a medida que la temporada avance, y para ello se recomienda consultar las fuentes oficiales.<\/p>\n\n\n\n<p>Igualmente, se\u00f1ala la importancia de conocer el pron\u00f3stico cicl\u00f3nico para el pa\u00eds, por lo que tanto el sector agr\u00edcola, como el educativo y otras instituciones tienen acceso a la informaci\u00f3n para activar los sistemas protocolarios de prevenci\u00f3n y la toma oportuna de decisiones que permita evitar la p\u00e9rdida de vidas humanas.<\/p>\n\n\n\n<p>Por \u00faltimo, el Insivumeh pone a disposici\u00f3n del p\u00fablico su&nbsp;<a href=\"https:\/\/insivumeh.gob.gt\/\">p\u00e1gina web<\/a>&nbsp;para conocer el informe del Plan Operativo de Huracanes de 2025 de la instituci\u00f3n.<\/p>\n\n\n\n<p>#invierno&nbsp; #ciclones&nbsp; #insivumeh #metroredes&nbsp; <a href=\"http:\/\/www.elmetropolitano.com.gt\">www.elmetropolitano.com.gt<\/a>&nbsp; <a href=\"http:\/\/www.metroredes.com\">www.metroredes.com<\/a>&nbsp; <a href=\"http:\/\/www.elescuintleco.com\">www.elescuintleco.com<\/a>&nbsp;<\/p>\n","protected":false},"excerpt":{"rendered":"<p>Debido a que se aproxima la temporada cicl\u00f3nica 2025, tanto las regiones de Am\u00e9rica del Norte, Sudam\u00e9rica y Centro Am\u00e9rica como en el \u00e1rea del Caribe, inform\u00f3 el&nbsp;Instituto Nacional de Sismolog\u00eda, Vulcanolog\u00eda, Meteorolog\u00eda e Hidrolog\u00eda (Insivumeh). Asimismo, el ente cient\u00edfico se\u00f1al\u00f3 que se prev\u00e9 que la temporada cicl\u00f3nica en el oc\u00e9ano Pacifico empiece este 15 <a class=\"read-more\" href=\"https:\/\/elmetropolitano.com.gt\/es\/estos-son-los-nombres-de-los-ciclones-para-la-temporada-2025\/\">Leer m\u00e1s<\/a><\/p>\n","protected":false},"author":1,"featured_media":102821,"comment_status":"open","ping_status":"closed","sticky":false,"template":"","format":"standard","meta":{"footnotes":""},"categories":[2],"tags":[12],"class_list":["post-102820","post","type-post","status-publish","format-standard","has-post-thumbnail","hentry","category-nacionales","tag-nacionales"],"_links":{"self":[{"href":"https:\/\/elmetropolitano.com.gt\/es\/wp-json\/wp\/v2\/posts\/102820","targetHints":{"allow":["GET"]}}],"collection":[{"href":"https:\/\/elmetropolitano.com.gt\/es\/wp-json\/wp\/v2\/posts"}],"about":[{"href":"https:\/\/elmetropolitano.com.gt\/es\/wp-json\/wp\/v2\/types\/post"}],"author":[{"embeddable":true,"href":"https:\/\/elmetropolitano.com.gt\/es\/wp-json\/wp\/v2\/users\/1"}],"replies":[{"embeddable":true,"href":"https:\/\/elmetropolitano.com.gt\/es\/wp-json\/wp\/v2\/comments?post=102820"}],"version-history":[{"count":1,"href":"https:\/\/elmetropolitano.com.gt\/es\/wp-json\/wp\/v2\/posts\/102820\/revisions"}],"predecessor-version":[{"id":102822,"href":"https:\/\/elmetropolitano.com.gt\/es\/wp-json\/wp\/v2\/posts\/102820\/revisions\/102822"}],"wp:featuredmedia":[{"embeddable":true,"href":"https:\/\/elmetropolitano.com.gt\/es\/wp-json\/wp\/v2\/media\/102821"}],"wp:attachment":[{"href":"https:\/\/elmetropolitano.com.gt\/es\/wp-json\/wp\/v2\/media?parent=102820"}],"wp:term":[{"taxonomy":"category","embeddable":true,"href":"https:\/\/elmetropolitano.com.gt\/es\/wp-json\/wp\/v2\/categories?post=102820"},{"taxonomy":"post_tag","embeddable":true,"href":"https:\/\/elmetropolitano.com.gt\/es\/wp-json\/wp\/v2\/tags?post=102820"}],"curies":[{"name":"wp","href":"https:\/\/api.w.org\/{rel}","templated":true}]}}