{"id":102971,"date":"2025-05-16T10:39:18","date_gmt":"2025-05-16T16:39:18","guid":{"rendered":"https:\/\/elmetropolitano.com.gt\/es\/?p=102971"},"modified":"2025-05-16T10:39:19","modified_gmt":"2025-05-16T16:39:19","slug":"lo-que-esta-pasando-es-la-muerte-america-latina-podria-perder-gran-parte-de-sus-cultivos-de-bananos-para-2080","status":"publish","type":"post","link":"https:\/\/elmetropolitano.com.gt\/es\/lo-que-esta-pasando-es-la-muerte-america-latina-podria-perder-gran-parte-de-sus-cultivos-de-bananos-para-2080\/","title":{"rendered":"\u00abLo que est\u00e1 pasando es la muerte\u00bb: Am\u00e9rica Latina podr\u00eda perder gran parte de sus cultivos de bananos para 2080"},"content":{"rendered":"\n<p>La fruta m\u00e1s popular del mundo est\u00e1 en riesgo. Las bananas, esenciales en la dieta de millones de personas y sustento de comunidades agr\u00edcolas en Am\u00e9rica Latina y el Caribe, enfrentan una amenaza creciente por culpa del cambio clim\u00e1tico.<\/p>\n\n\n\n<p>Un nuevo informe de la organizaci\u00f3n Christian Aid advierte que para 2080 podr\u00edan perderse casi dos tercios de las \u00e1reas m\u00e1s aptas para el cultivo de bananas en Am\u00e9rica Latina y el Caribe, una regi\u00f3n que abarca alrededor del 80 % de las exportaciones mundiales.<\/p><div class=\"elmet-contenido\" id=\"elmet-2062863293\"><div class=\"elmet-adlabel\">Anuncios<\/div><div style=\"margin-top: 20px;margin-right: 20px;margin-bottom: 20px;margin-left: 20px;\" id=\"elmet-946437632\"><a href=\"https:\/\/www.facebook.com\/arrincuanantigua\/\" aria-label=\"cintillo-arrin-cual\"><img loading=\"lazy\" decoding=\"async\" src=\"https:\/\/elmetropolitano.com.gt\/es\/wp-content\/uploads\/2021\/11\/cintillo-arrin-cual-1.jpg\" alt=\"\"  srcset=\"https:\/\/elmetropolitano.com.gt\/es\/wp-content\/uploads\/2021\/11\/cintillo-arrin-cual-1.jpg 750w, https:\/\/elmetropolitano.com.gt\/es\/wp-content\/uploads\/2021\/11\/cintillo-arrin-cual-1-300x36.jpg 300w, https:\/\/elmetropolitano.com.gt\/es\/wp-content\/uploads\/2021\/11\/cintillo-arrin-cual-1-600x72.jpg 600w\" sizes=\"(max-width: 750px) 100vw, 750px\" width=\"750\" height=\"90\"   \/><\/a><\/div><\/div>\n\n\n\n<p>El aumento de temperaturas, las sequ\u00edas prolongadas y la propagaci\u00f3n de plagas y enfermedades ya est\u00e1n provocando la p\u00e9rdida total de cultivos enteros. \u00abEl cambio clim\u00e1tico ha estado matando nuestros cultivos\u00bb, lamenta Aurelia Pop Xo, agricultora guatemalteca. \u00abEsto significa que no hay ingresos, porque no podemos vender nada. Lo que est\u00e1 pasando es la muerte\u00bb, agrega.<\/p>\n\n\n\n<p>Este es el primer pa\u00eds de Am\u00e9rica Latina que se queda sin glaciares<\/p>\n\n\n\n<p>Su testimonio refleja una situaci\u00f3n que se repite en fincas de toda la regi\u00f3n, donde los efectos del clima extremo, como huracanes, olas de calor y lluvias torrenciales, han puesto en riesgo una actividad que depende de condiciones estables para sobrevivir.<\/p>\n\n\n\n<p>Las bananas necesitan temperaturas de entre 15 y 35 \u00baC, alta humedad y protecci\u00f3n frente a vientos fuertes para crecer correctamente. Pero incluso peque\u00f1os cambios pueden afectar su capacidad de fotos\u00edntesis o provocar da\u00f1os irreversibles. Adem\u00e1s de esto, son vulnerables a la escasez de agua, lo que las convierte en una de las frutas m\u00e1s sensibles al cambio clim\u00e1tico.<\/p>\n\n\n\n<p>Bananas con sello &#8216;Fairtrade&#8217; u org\u00e1nicas<\/p>\n\n\n\n<p>Desde Christian Aid hacen un llamado a los pa\u00edses m\u00e1s contaminantes para que reduzcan de forma urgente sus emisiones de carbono y contribuyan con financiaci\u00f3n clim\u00e1tica internacional, destinada a apoyar a los agricultores que poco tienen que ver con esta crisis.<\/p>\n\n\n\n<p>Tambi\u00e9n instan a los consumidores a elegir bananas con sello &#8216;Fairtrade&#8217; u org\u00e1nicas, garantizando mejores condiciones para los productores y la reducci\u00f3n del uso de fertilizantes qu\u00edmicos, pues son agentes contaminantes significativos.<\/p>\n\n\n\n<p>En regiones como \u00c1frica y Asia, muchas personas consumen al mes la misma cantidad de bananas que un europeo o estadounidense consume en todo un a\u00f1o. En pa\u00edses como Uganda, incluso la palabra local para banana (&#8216;matooke&#8217;) significa directamente &#8216;comida&#8217;. En diversas zonas del mundo, esta fruta es fundamental para la seguridad alimentaria.<\/p>\n\n\n\n<p>Texto: Rt Noticias<\/p>\n\n\n\n<p>#banano&nbsp; #crisis&nbsp; #metroredes&nbsp; <a href=\"http:\/\/www.elmetropolitano.com.gt\">www.elmetropolitano.com.gt<\/a>&nbsp; <a href=\"http:\/\/www.metroredes.com\">www.metroredes.com<\/a>&nbsp; <a href=\"http:\/\/www.elescuintleco.com\">www.elescuintleco.com<\/a><\/p>\n","protected":false},"excerpt":{"rendered":"<p>La fruta m\u00e1s popular del mundo est\u00e1 en riesgo. Las bananas, esenciales en la dieta de millones de personas y sustento de comunidades agr\u00edcolas en Am\u00e9rica Latina y el Caribe, enfrentan una amenaza creciente por culpa del cambio clim\u00e1tico. Un nuevo informe de la organizaci\u00f3n Christian Aid advierte que para 2080 podr\u00edan perderse casi dos <a class=\"read-more\" href=\"https:\/\/elmetropolitano.com.gt\/es\/lo-que-esta-pasando-es-la-muerte-america-latina-podria-perder-gran-parte-de-sus-cultivos-de-bananos-para-2080\/\">Leer m\u00e1s<\/a><\/p>\n","protected":false},"author":1,"featured_media":102972,"comment_status":"open","ping_status":"closed","sticky":false,"template":"","format":"standard","meta":{"footnotes":""},"categories":[14],"tags":[15],"class_list":["post-102971","post","type-post","status-publish","format-standard","has-post-thumbnail","hentry","category-internacionales","tag-internacionales"],"_links":{"self":[{"href":"https:\/\/elmetropolitano.com.gt\/es\/wp-json\/wp\/v2\/posts\/102971","targetHints":{"allow":["GET"]}}],"collection":[{"href":"https:\/\/elmetropolitano.com.gt\/es\/wp-json\/wp\/v2\/posts"}],"about":[{"href":"https:\/\/elmetropolitano.com.gt\/es\/wp-json\/wp\/v2\/types\/post"}],"author":[{"embeddable":true,"href":"https:\/\/elmetropolitano.com.gt\/es\/wp-json\/wp\/v2\/users\/1"}],"replies":[{"embeddable":true,"href":"https:\/\/elmetropolitano.com.gt\/es\/wp-json\/wp\/v2\/comments?post=102971"}],"version-history":[{"count":1,"href":"https:\/\/elmetropolitano.com.gt\/es\/wp-json\/wp\/v2\/posts\/102971\/revisions"}],"predecessor-version":[{"id":102973,"href":"https:\/\/elmetropolitano.com.gt\/es\/wp-json\/wp\/v2\/posts\/102971\/revisions\/102973"}],"wp:featuredmedia":[{"embeddable":true,"href":"https:\/\/elmetropolitano.com.gt\/es\/wp-json\/wp\/v2\/media\/102972"}],"wp:attachment":[{"href":"https:\/\/elmetropolitano.com.gt\/es\/wp-json\/wp\/v2\/media?parent=102971"}],"wp:term":[{"taxonomy":"category","embeddable":true,"href":"https:\/\/elmetropolitano.com.gt\/es\/wp-json\/wp\/v2\/categories?post=102971"},{"taxonomy":"post_tag","embeddable":true,"href":"https:\/\/elmetropolitano.com.gt\/es\/wp-json\/wp\/v2\/tags?post=102971"}],"curies":[{"name":"wp","href":"https:\/\/api.w.org\/{rel}","templated":true}]}}