{"id":102974,"date":"2025-05-16T10:48:10","date_gmt":"2025-05-16T16:48:10","guid":{"rendered":"https:\/\/elmetropolitano.com.gt\/es\/?p=102974"},"modified":"2025-05-16T10:48:11","modified_gmt":"2025-05-16T16:48:11","slug":"este-es-el-primer-pais-de-america-latina-que-se-queda-sin-glaciares","status":"publish","type":"post","link":"https:\/\/elmetropolitano.com.gt\/es\/este-es-el-primer-pais-de-america-latina-que-se-queda-sin-glaciares\/","title":{"rendered":"Este es el primer pa\u00eds de Am\u00e9rica Latina que se queda sin glaciares"},"content":{"rendered":"\n<p>Venezuela entr\u00f3 en una nueva categor\u00eda clim\u00e1tica al convertirse en 2024, junto a Eslovenia, en los dos primeros pa\u00edses del mundo en perder el hielo de sus monta\u00f1as. El glaciar Humboldt, ubicado en la Sierra Nevada de M\u00e9rida, desapareci\u00f3 completamente, lo que refleja el impacto del calentamiento global en el pa\u00eds.<\/p>\n\n\n\n<p>\u00abCon la desaparici\u00f3n del Humboldt, su \u00faltimo glaciar, la Rep\u00fablica Bolivariana de Venezuela se convirti\u00f3 en el segundo pa\u00eds del mundo en perder todos sus glaciares\u00bb, destac\u00f3 en un informe la Organizaci\u00f3n Meteorol\u00f3gica Mundial (OMM) sobre el estado del clima en Am\u00e9rica Latina y el Caribe en 2024.<\/p><div class=\"elmet-contenido\" id=\"elmet-1046578257\"><div class=\"elmet-adlabel\">Anuncios<\/div><div style=\"margin-top: 20px;margin-right: 20px;margin-bottom: 20px;margin-left: 20px;\" id=\"elmet-3967820198\"><a href=\"https:\/\/www.facebook.com\/arrincuanantigua\/\" aria-label=\"cintillo-arrin-cual\"><img loading=\"lazy\" decoding=\"async\" src=\"https:\/\/elmetropolitano.com.gt\/es\/wp-content\/uploads\/2021\/11\/cintillo-arrin-cual-1.jpg\" alt=\"\"  srcset=\"https:\/\/elmetropolitano.com.gt\/es\/wp-content\/uploads\/2021\/11\/cintillo-arrin-cual-1.jpg 750w, https:\/\/elmetropolitano.com.gt\/es\/wp-content\/uploads\/2021\/11\/cintillo-arrin-cual-1-300x36.jpg 300w, https:\/\/elmetropolitano.com.gt\/es\/wp-content\/uploads\/2021\/11\/cintillo-arrin-cual-1-600x72.jpg 600w\" sizes=\"(max-width: 750px) 100vw, 750px\" width=\"750\" height=\"90\"   \/><\/a><\/div><\/div>\n\n\n\n<p>El estudio indic\u00f3 que los glaciares de todo el planeta han sufrido una gran p\u00e9rdida de masa en los \u00faltimos tres a\u00f1os. En el caso venezolano, esta situaci\u00f3n no solo representa la desaparici\u00f3n de un ecosistema \u00fanico, sino tambi\u00e9n un riesgo para la seguridad h\u00eddrica a largo plazo, especialmente en regiones andinas que dependen del deshielo estacional como fuente de agua.<\/p>\n\n\n\n<p>En junio, la NASA ya inform\u00f3 que Venezuela era \u00abel primer pa\u00eds de los Andes en perder sus glaciares\u00bb.<\/p>\n\n\n\n<p>Aunque oficialmente se ha declarado la desaparici\u00f3n del Humboldt, a\u00fan persiste un peque\u00f1o remanente en la Sierra Nevada conocido como La Corona. Sin embargo, debido a su reducido tama\u00f1o, la OMM no lo clasifica como glaciar.<\/p>\n\n\n\n<p>Proyecto medioambiental<\/p>\n\n\n\n<p>Esta situaci\u00f3n preocupa a las autoridades venezolanas, que desde 2023 impulsan un proyecto medioambiental para tratar de frenar su deshielo.<\/p>\n\n\n\n<p>La iniciativa, desarrollada con el apoyo de cient\u00edficos, expertos y voluntarios, ha incluido la instalaci\u00f3n de mantas t\u00e9rmicas -conocidas como geotextiles- en los alrededores de La Corona para reducir el ritmo de derretimiento.<\/p>\n\n\n\n<p>C\u00f3mo el retroceso de glaciares amenaza a 2.000 millones de personas<\/p>\n\n\n\n<p>Por otro lado, la OMM advirti\u00f3 que 2024 fue para Am\u00e9rica Latina y el Caribe \u00abel a\u00f1o m\u00e1s c\u00e1lido o el segundo a\u00f1o m\u00e1s c\u00e1lido del que se tiene constancia\u00bb. \u00abEl valor medio se situ\u00f3 0,9 \u00b0C por encima de la media del per\u00edodo 1991-2020\u00bb, a\u00f1adi\u00f3.<\/p>\n\n\n\n<p>\u00abAlrededor del 90 % del exceso de energ\u00eda que se acumula en el sistema Tierra debido al aumento de las concentraciones de gases de efecto invernadero va a parar al oc\u00e9ano, modificando su temperatura a distintos niveles de profundidad\u00bb, afirm\u00f3.<\/p>\n\n\n\n<p>Y continu\u00f3: \u00abA medida que el agua se calienta, se expande. Por tanto, puesto que los oc\u00e9anos absorben la mayor parte del exceso de energ\u00eda del sistema clim\u00e1tico, su calentamiento contribuye al aumento de nivel del mar\u00bb.<\/p>\n\n\n\n<p>La OMM record\u00f3 que \u00abm\u00e1s del 27 % de la poblaci\u00f3n de Am\u00e9rica Latina y el Caribe vive en zonas litorales y se estima que entre el 6 % y el 8 % vive en zonas sujetas a un riesgo alto o muy alto de verse afectadas por peligros costeros, como acu\u00edferos de agua dulce contaminados, costas erosionadas, zonas de baja altitud inundadas y mareas de tempestad\u00bb.<\/p>\n\n\n\n<p>Texto: Rt Noticias<\/p>\n\n\n\n<p>#singlaciares&nbsp; #crisisclim\u00e1tica #metroredes <a href=\"http:\/\/www.elmetropolitano.com.gt\">www.elmetropolitano.com.gt<\/a>&nbsp; <a href=\"http:\/\/www.metroredes.com\">www.metroredes.com<\/a>&nbsp; <a href=\"http:\/\/www.elescuintleco.com\">www.elescuintleco.com<\/a>&nbsp;<\/p>\n","protected":false},"excerpt":{"rendered":"<p>Venezuela entr\u00f3 en una nueva categor\u00eda clim\u00e1tica al convertirse en 2024, junto a Eslovenia, en los dos primeros pa\u00edses del mundo en perder el hielo de sus monta\u00f1as. El glaciar Humboldt, ubicado en la Sierra Nevada de M\u00e9rida, desapareci\u00f3 completamente, lo que refleja el impacto del calentamiento global en el pa\u00eds. \u00abCon la desaparici\u00f3n del <a class=\"read-more\" href=\"https:\/\/elmetropolitano.com.gt\/es\/este-es-el-primer-pais-de-america-latina-que-se-queda-sin-glaciares\/\">Leer m\u00e1s<\/a><\/p>\n","protected":false},"author":1,"featured_media":102975,"comment_status":"open","ping_status":"closed","sticky":false,"template":"","format":"standard","meta":{"footnotes":""},"categories":[14],"tags":[15],"class_list":["post-102974","post","type-post","status-publish","format-standard","has-post-thumbnail","hentry","category-internacionales","tag-internacionales"],"_links":{"self":[{"href":"https:\/\/elmetropolitano.com.gt\/es\/wp-json\/wp\/v2\/posts\/102974","targetHints":{"allow":["GET"]}}],"collection":[{"href":"https:\/\/elmetropolitano.com.gt\/es\/wp-json\/wp\/v2\/posts"}],"about":[{"href":"https:\/\/elmetropolitano.com.gt\/es\/wp-json\/wp\/v2\/types\/post"}],"author":[{"embeddable":true,"href":"https:\/\/elmetropolitano.com.gt\/es\/wp-json\/wp\/v2\/users\/1"}],"replies":[{"embeddable":true,"href":"https:\/\/elmetropolitano.com.gt\/es\/wp-json\/wp\/v2\/comments?post=102974"}],"version-history":[{"count":1,"href":"https:\/\/elmetropolitano.com.gt\/es\/wp-json\/wp\/v2\/posts\/102974\/revisions"}],"predecessor-version":[{"id":102976,"href":"https:\/\/elmetropolitano.com.gt\/es\/wp-json\/wp\/v2\/posts\/102974\/revisions\/102976"}],"wp:featuredmedia":[{"embeddable":true,"href":"https:\/\/elmetropolitano.com.gt\/es\/wp-json\/wp\/v2\/media\/102975"}],"wp:attachment":[{"href":"https:\/\/elmetropolitano.com.gt\/es\/wp-json\/wp\/v2\/media?parent=102974"}],"wp:term":[{"taxonomy":"category","embeddable":true,"href":"https:\/\/elmetropolitano.com.gt\/es\/wp-json\/wp\/v2\/categories?post=102974"},{"taxonomy":"post_tag","embeddable":true,"href":"https:\/\/elmetropolitano.com.gt\/es\/wp-json\/wp\/v2\/tags?post=102974"}],"curies":[{"name":"wp","href":"https:\/\/api.w.org\/{rel}","templated":true}]}}