{"id":103045,"date":"2025-05-16T17:28:07","date_gmt":"2025-05-16T23:28:07","guid":{"rendered":"https:\/\/elmetropolitano.com.gt\/es\/?p=103045"},"modified":"2025-05-16T17:41:48","modified_gmt":"2025-05-16T23:41:48","slug":"lider-de-prolifica-organizacion-de-narcotraficantes-de-guatemala-y-politico-guatemalteco-comparece-ante-tribunal-de-distrito-de-estados-unidos","status":"publish","type":"post","link":"https:\/\/elmetropolitano.com.gt\/es\/lider-de-prolifica-organizacion-de-narcotraficantes-de-guatemala-y-politico-guatemalteco-comparece-ante-tribunal-de-distrito-de-estados-unidos\/","title":{"rendered":"L\u00edder de prol\u00edfica organizaci\u00f3n de narcotraficantes de Guatemala y pol\u00edtico guatemalteco comparece ante tribunal de Distrito de Estados Unidos"},"content":{"rendered":"\n<p>Freddy Arnoldo Salazar Flores, de Guatemala, representante del Parlamento Centroamericano, compareci\u00f3 por primera vez ante un tribunal federal en el Distrito de Columbia. Salazar Flores regres\u00f3 voluntariamente a Estados Unidos del extranjero el 14 de mayo. El 12 de mayo, el presunto c\u00f3mplice y suegro de Salazar Flores, Aler Baldomero Samayoa-Recinos, tambi\u00e9n conocido como \u201cChicharra\u201d, de Guatemala, compareci\u00f3 por primera vez. Samayoa-Recinos fue detenido en M\u00e9xico en marzo de 2025 y extraditado desde Guatemala al Distrito de Columbia el 9 de mayo.<\/p>\n\n\n\n<p>Lo anterior fue dado a conocer en un comunicado del departamento de Estado de los Estados Unidos, en el que se\u00f1alan que en mayo de 2017, Salazar Flores, de 41 a\u00f1os, fue acusado de un cargo de conspiraci\u00f3n con otras personas entre 2010 y 2017 para importar m\u00e1s de cinco kilogramos de coca\u00edna a Estados Unidos desde Guatemala, Honduras y M\u00e9xico. Samayoa-Recinos, de 58 a\u00f1os, fue acusado por separado en agosto de 2018. Las acusaciones contra Salazar Flores y Samayoa-Recinos se hicieron p\u00fablicas (en ingl\u00e9s) en marzo de 2022.<\/p><div class=\"elmet-contenido\" id=\"elmet-86687375\"><div class=\"elmet-adlabel\">Anuncios<\/div><div style=\"margin-top: 20px;margin-right: 20px;margin-bottom: 20px;margin-left: 20px;\" id=\"elmet-346436968\"><a href=\"https:\/\/www.facebook.com\/arrincuanantigua\/\" aria-label=\"cintillo-arrin-cual\"><img loading=\"lazy\" decoding=\"async\" src=\"https:\/\/elmetropolitano.com.gt\/es\/wp-content\/uploads\/2021\/11\/cintillo-arrin-cual-1.jpg\" alt=\"\"  srcset=\"https:\/\/elmetropolitano.com.gt\/es\/wp-content\/uploads\/2021\/11\/cintillo-arrin-cual-1.jpg 750w, https:\/\/elmetropolitano.com.gt\/es\/wp-content\/uploads\/2021\/11\/cintillo-arrin-cual-1-300x36.jpg 300w, https:\/\/elmetropolitano.com.gt\/es\/wp-content\/uploads\/2021\/11\/cintillo-arrin-cual-1-600x72.jpg 600w\" sizes=\"(max-width: 750px) 100vw, 750px\" width=\"750\" height=\"90\"   \/><\/a><\/div><\/div>\n\n\n\n<p>Seg\u00fan documentos judiciales, Salazar Flores, Samayoa-Recinos y su organizaci\u00f3n de narcotr\u00e1fico, conocida como \u201cLos Huistas\u201d, actuaban como un eslab\u00f3n fundamental en la cadena il\u00edcita de suministro de coca\u00edna desde Am\u00e9rica del Sur a los c\u00e1rteles mexicanos y, en \u00faltima instancia, a Estados Unidos.<\/p>\n\n\n\n<p>Salazar Flores y Samayoa-Recinos presuntamente controlaban y operaban una sofisticada red de transporte dentro de Guatemala, que inclu\u00eda almacenes, rutas de camiones y propiedades en la frontera entre Guatemala y M\u00e9xico, para transportar coca\u00edna desde Guatemala al c\u00e1rtel de Sinaloa, recientemente designado como organizaci\u00f3n terrorista extranjera, y a otros c\u00e1rteles mexicanos.<\/p>\n\n\n\n<p>Seg\u00fan se alega, Salazar Flores recib\u00eda toneladas de coca\u00edna en sus almacenes de la ciudad de Guatemala, y sus trabajadores transportaban la coca\u00edna a trav\u00e9s de fincas pertenecientes a Samayoa-Recinos a M\u00e9xico para su importaci\u00f3n a Estados Unidos.<\/p>\n\n\n\n<p>Entre 2010 y 2014, los acusados presuntamente recibieron y transportaron aproximadamente 50 toneladas m\u00e9tricas de coca\u00edna a M\u00e9xico para su posterior distribuci\u00f3n en Estados Unidos. En abril de 2014, las autoridades hondure\u00f1as incautaron 743 kilogramos de coca\u00edna que presuntamente iban a ser enviados a los acusados para su posterior transporte.<\/p>\n\n\n\n<p>En marzo de 2022, la Oficina de Control de Activos Extranjeros (OFAC) del Departamento del Tesoro impuso sanciones econ\u00f3micas (en ingl\u00e9s) a Salazar Flores, Samayoa-Recinos, y a otros miembros de Los Huistas.<\/p>\n\n\n\n<p>Matthew R. Galeotti, jefe de la Divisi\u00f3n Penal del Departamento de Justicia, y Robert J. Murphy, administrador interino de la Administraci\u00f3n de EE. UU. para el Control de Drogas (DEA), hicieron el anuncio.<\/p>\n\n\n\n<p>La Unidad de Investigaci\u00f3n Bilateral de la DEA y la oficina de la DEA en Guatemala investigaron el caso. La Oficina de Asuntos Internacionales del Departamento de Justicia, el Servicio de Alguaciles de Estados Unidos y la INTERPOL en Washington prestaron una ayuda fundamental para garantizar la detenci\u00f3n y extradici\u00f3n de Samayoa-Recinos a Estados Unidos. El Departamento de Justicia agradece a las fuerzas del orden de Guatemala su inestimable apoyo en este caso.<\/p>\n\n\n\n<p>Los fiscales Doug Meisel y Ligia Markman, de la Secci\u00f3n de Narc\u00f3ticos y Drogas Peligrosas de la Divisi\u00f3n Penal, se encargan de la acusaci\u00f3n en este caso.<\/p>\n\n\n\n<p>Este caso forma parte de la operaci\u00f3n \u201cTake Back America\u201d (recuperar a Estados Unidos), una iniciativa nacional que moviliza todos los recursos del Departamento de Justicia para repeler la invasi\u00f3n de la inmigraci\u00f3n ilegal, lograr la eliminaci\u00f3n total de los c\u00e1rteles y otras organizaciones criminales transnacionales, y proteger a nuestras comunidades de los autores de delitos violentos.<\/p>\n\n\n\n<p>La operaci\u00f3n \u201cTake Back America\u201d coordina los esfuerzos y los recursos de los grupos operativos contra las drogas y el crimen organizado (en ingl\u00e9s)<\/p>\n\n\n\n<p>y del proyecto \u201cSafe Neighborhood\u201d (barrios seguros, en ingl\u00e9s) del Departamento de Justicia.<\/p>\n\n\n\n<p>Una acusaci\u00f3n es simplemente una alegaci\u00f3n. Se presume la inocencia de todos los acusados hasta que se prueben culpables sin lugar a dudas razonables en un tribunal de justicia.<\/p>\n\n\n\n<p>#loshuistas&nbsp; #narcotrafico&nbsp; #departamentodeestado <a href=\"http:\/\/www.elmetropolitano.com.gt\">www.elmetropolitano.com.gt<\/a>&nbsp; <a href=\"http:\/\/www.metroredes.com\">www.metroredes.com<\/a>&nbsp; <a href=\"http:\/\/www.elescuintleco.com\">www.elescuintleco.com<\/a><\/p>\n\n\n\n<figure class=\"wp-block-gallery has-nested-images columns-default is-cropped wp-block-gallery-1 is-layout-flex wp-block-gallery-is-layout-flex\">\n<figure class=\"wp-block-image size-large\"><img loading=\"lazy\" decoding=\"async\" width=\"768\" height=\"576\" data-id=\"103048\" src=\"https:\/\/elmetropolitano.com.gt\/es\/wp-content\/uploads\/2025\/05\/480245838_1166531378806277_5990778210730149479_n-1-768x576-1.jpg\" alt=\"\" class=\"wp-image-103048\" srcset=\"https:\/\/elmetropolitano.com.gt\/es\/wp-content\/uploads\/2025\/05\/480245838_1166531378806277_5990778210730149479_n-1-768x576-1.jpg 768w, https:\/\/elmetropolitano.com.gt\/es\/wp-content\/uploads\/2025\/05\/480245838_1166531378806277_5990778210730149479_n-1-768x576-1-300x225.jpg 300w\" sizes=\"auto, (max-width: 768px) 100vw, 768px\" \/><\/figure>\n\n\n\n<figure class=\"wp-block-image size-large\"><img loading=\"lazy\" decoding=\"async\" width=\"897\" height=\"399\" data-id=\"103049\" src=\"https:\/\/elmetropolitano.com.gt\/es\/wp-content\/uploads\/2025\/05\/480245838_1166531378806277_5990778210730149479_n-e1741794484753-1.jpg\" alt=\"\" class=\"wp-image-103049\" srcset=\"https:\/\/elmetropolitano.com.gt\/es\/wp-content\/uploads\/2025\/05\/480245838_1166531378806277_5990778210730149479_n-e1741794484753-1.jpg 897w, https:\/\/elmetropolitano.com.gt\/es\/wp-content\/uploads\/2025\/05\/480245838_1166531378806277_5990778210730149479_n-e1741794484753-1-300x133.jpg 300w, https:\/\/elmetropolitano.com.gt\/es\/wp-content\/uploads\/2025\/05\/480245838_1166531378806277_5990778210730149479_n-e1741794484753-1-768x342.jpg 768w\" sizes=\"auto, (max-width: 897px) 100vw, 897px\" \/><\/figure>\n\n\n\n<figure class=\"wp-block-image size-large\"><img loading=\"lazy\" decoding=\"async\" width=\"582\" height=\"306\" data-id=\"103047\" src=\"https:\/\/elmetropolitano.com.gt\/es\/wp-content\/uploads\/2025\/05\/480962090_1166531388806276_3030898172785423626_n.jpg\" alt=\"\" class=\"wp-image-103047\" srcset=\"https:\/\/elmetropolitano.com.gt\/es\/wp-content\/uploads\/2025\/05\/480962090_1166531388806276_3030898172785423626_n.jpg 582w, https:\/\/elmetropolitano.com.gt\/es\/wp-content\/uploads\/2025\/05\/480962090_1166531388806276_3030898172785423626_n-300x158.jpg 300w\" sizes=\"auto, (max-width: 582px) 100vw, 582px\" \/><\/figure>\n<\/figure>\n\n\n\n<figure class=\"wp-block-gallery has-nested-images columns-default is-cropped wp-block-gallery-2 is-layout-flex wp-block-gallery-is-layout-flex\">\n<figure class=\"wp-block-image size-large\"><img loading=\"lazy\" decoding=\"async\" width=\"1024\" height=\"415\" data-id=\"103050\" src=\"https:\/\/elmetropolitano.com.gt\/es\/wp-content\/uploads\/2025\/05\/Proyecto-nuevo-31-1024x415.jpg\" alt=\"\" class=\"wp-image-103050\" srcset=\"https:\/\/elmetropolitano.com.gt\/es\/wp-content\/uploads\/2025\/05\/Proyecto-nuevo-31-1024x415.jpg 1024w, https:\/\/elmetropolitano.com.gt\/es\/wp-content\/uploads\/2025\/05\/Proyecto-nuevo-31-300x122.jpg 300w, https:\/\/elmetropolitano.com.gt\/es\/wp-content\/uploads\/2025\/05\/Proyecto-nuevo-31-768x311.jpg 768w, https:\/\/elmetropolitano.com.gt\/es\/wp-content\/uploads\/2025\/05\/Proyecto-nuevo-31-1536x622.jpg 1536w, https:\/\/elmetropolitano.com.gt\/es\/wp-content\/uploads\/2025\/05\/Proyecto-nuevo-31.jpg 1634w\" sizes=\"auto, (max-width: 1024px) 100vw, 1024px\" \/><\/figure>\n<\/figure>\n","protected":false},"excerpt":{"rendered":"<p>Freddy Arnoldo Salazar Flores, de Guatemala, representante del Parlamento Centroamericano, compareci\u00f3 por primera vez ante un tribunal federal en el Distrito de Columbia. Salazar Flores regres\u00f3 voluntariamente a Estados Unidos del extranjero el 14 de mayo. El 12 de mayo, el presunto c\u00f3mplice y suegro de Salazar Flores, Aler Baldomero Samayoa-Recinos, tambi\u00e9n conocido como \u201cChicharra\u201d, <a class=\"read-more\" href=\"https:\/\/elmetropolitano.com.gt\/es\/lider-de-prolifica-organizacion-de-narcotraficantes-de-guatemala-y-politico-guatemalteco-comparece-ante-tribunal-de-distrito-de-estados-unidos\/\">Leer m\u00e1s<\/a><\/p>\n","protected":false},"author":1,"featured_media":103046,"comment_status":"open","ping_status":"closed","sticky":false,"template":"","format":"standard","meta":{"footnotes":""},"categories":[14],"tags":[15],"class_list":["post-103045","post","type-post","status-publish","format-standard","has-post-thumbnail","hentry","category-internacionales","tag-internacionales"],"_links":{"self":[{"href":"https:\/\/elmetropolitano.com.gt\/es\/wp-json\/wp\/v2\/posts\/103045","targetHints":{"allow":["GET"]}}],"collection":[{"href":"https:\/\/elmetropolitano.com.gt\/es\/wp-json\/wp\/v2\/posts"}],"about":[{"href":"https:\/\/elmetropolitano.com.gt\/es\/wp-json\/wp\/v2\/types\/post"}],"author":[{"embeddable":true,"href":"https:\/\/elmetropolitano.com.gt\/es\/wp-json\/wp\/v2\/users\/1"}],"replies":[{"embeddable":true,"href":"https:\/\/elmetropolitano.com.gt\/es\/wp-json\/wp\/v2\/comments?post=103045"}],"version-history":[{"count":2,"href":"https:\/\/elmetropolitano.com.gt\/es\/wp-json\/wp\/v2\/posts\/103045\/revisions"}],"predecessor-version":[{"id":103059,"href":"https:\/\/elmetropolitano.com.gt\/es\/wp-json\/wp\/v2\/posts\/103045\/revisions\/103059"}],"wp:featuredmedia":[{"embeddable":true,"href":"https:\/\/elmetropolitano.com.gt\/es\/wp-json\/wp\/v2\/media\/103046"}],"wp:attachment":[{"href":"https:\/\/elmetropolitano.com.gt\/es\/wp-json\/wp\/v2\/media?parent=103045"}],"wp:term":[{"taxonomy":"category","embeddable":true,"href":"https:\/\/elmetropolitano.com.gt\/es\/wp-json\/wp\/v2\/categories?post=103045"},{"taxonomy":"post_tag","embeddable":true,"href":"https:\/\/elmetropolitano.com.gt\/es\/wp-json\/wp\/v2\/tags?post=103045"}],"curies":[{"name":"wp","href":"https:\/\/api.w.org\/{rel}","templated":true}]}}