{"id":103390,"date":"2025-05-22T14:41:28","date_gmt":"2025-05-22T20:41:28","guid":{"rendered":"https:\/\/elmetropolitano.com.gt\/es\/?p=103390"},"modified":"2025-05-22T14:41:28","modified_gmt":"2025-05-22T20:41:28","slug":"el-desarrollo-inmobiliario-sostenible-fue-sometido-a-debate-con-expertos","status":"publish","type":"post","link":"https:\/\/elmetropolitano.com.gt\/es\/el-desarrollo-inmobiliario-sostenible-fue-sometido-a-debate-con-expertos\/","title":{"rendered":"El desarrollo inmobiliario sostenible fue sometido a debate con expertos"},"content":{"rendered":"\n<p><a><\/a>La Asociaci\u00f3n de Desarrolladores Inmobiliarios de Guatemala (ADIG), en alianza con el Guatemala Green Building Council (GGBC), celebr\u00f3 este mi\u00e9rcoles la cuarta edici\u00f3n del Foro de Desarrollo Inmobiliario Sostenible, una jornada que convoc\u00f3 a l\u00edderes del sector, expertos nacionales e internacionales y representantes de desarrolladoras clave para explorar c\u00f3mo hacer de la sostenibilidad un nuevo est\u00e1ndar para el desarrollo urbano en Guatemala.<\/p>\n\n\n\n<p>Durante el foro se presentaron propuestas de valor concretas para los proyectos inmobiliarios: desde c\u00f3mo integrar la sostenibilidad en el dise\u00f1o de vivienda vertical, incorporando bienestar, accesibilidad, movilidad y prop\u00f3sito; hasta c\u00f3mo convertir principios sostenibles en ventajas comerciales reales, a trav\u00e9s de estrategias de marketing con prop\u00f3sito y diferenciaci\u00f3n de marca.<\/p><div class=\"elmet-contenido\" id=\"elmet-3628446080\"><div class=\"elmet-adlabel\">Anuncios<\/div><div style=\"margin-top: 20px;margin-right: 20px;margin-bottom: 20px;margin-left: 20px;\" id=\"elmet-3411765804\"><a href=\"https:\/\/www.facebook.com\/arrincuanantigua\/\" aria-label=\"cintillo-arrin-cual\"><img loading=\"lazy\" decoding=\"async\" src=\"https:\/\/elmetropolitano.com.gt\/es\/wp-content\/uploads\/2021\/11\/cintillo-arrin-cual-1.jpg\" alt=\"\"  srcset=\"https:\/\/elmetropolitano.com.gt\/es\/wp-content\/uploads\/2021\/11\/cintillo-arrin-cual-1.jpg 750w, https:\/\/elmetropolitano.com.gt\/es\/wp-content\/uploads\/2021\/11\/cintillo-arrin-cual-1-300x36.jpg 300w, https:\/\/elmetropolitano.com.gt\/es\/wp-content\/uploads\/2021\/11\/cintillo-arrin-cual-1-600x72.jpg 600w\" sizes=\"(max-width: 750px) 100vw, 750px\" width=\"750\" height=\"90\"   \/><\/a><\/div><\/div>\n\n\n\n<p>Los paneles tambi\u00e9n abordaron casos de \u00e9xito que han demostrado que un enfoque sostenible puede traducirse en mayor plusval\u00eda, reducci\u00f3n de costos operativos y atracci\u00f3n de inversionistas. Otros bloques profundizaron en el impacto de certificaciones como LEED y WELL en espacios de trabajo, mostrando retornos reales desde la eficiencia operativa hasta la salud y productividad de los usuarios.<\/p>\n\n\n\n<p>El foro dej\u00f3 claro que la sostenibilidad no es solo ambiental: es una estrategia empresarial, urbana y social que agrega valor a todos los actores involucrados. Mariana Yurrita, presidenta de ADIG, abri\u00f3 el evento con un mensaje: \u201cUtilicemos este espacio para hacer un llamado al pa\u00eds entero, para que priorice la sostenibilidad como camino hacia un desarrollo urbano m\u00e1s equitativo, resiliente y competitivo.\u201d<\/p>\n\n\n\n<p>Esta iniciativa forma parte de la agenda acad\u00e9mica de ADIG, que incluye diplomados, talleres, foros y herramientas con el prop\u00f3sito de fortalecer t\u00e9cnica y estrat\u00e9gicamente al gremio. El foro se consolid\u00f3 como un punto de encuentro para alinear visiones, activar compromisos y construir ciudad con prop\u00f3sito, reiterando as\u00ed, su invitaci\u00f3n a m\u00e1s desarrolladores a capacitarse, adoptar buenas pr\u00e1cticas internacionales y apostar por una visi\u00f3n de largo plazo. El desarrollo responsable comienza aqu\u00ed.<\/p>\n\n\n\n<p><a href=\"https:\/\/www.facebook.com\/hashtag\/viviendaparatodos?__eep__=6&amp;__cft__[0]=AZXwU_tKcvZXi6JVSKpNJLd70XK0DAgmQOGmPFdBCkzbOpESwPqe0Sasgen_vSH77WxTc4ZcVqzgxP59BnmRYZnpFZCH0p5qQ8E2zKsrwiHgbAMWsLr_0m81lGwTlesv9YpJJhGhO27WDwWMPiu8itxvkiBD3P2WNkoRrLWZW9hD9hrTXwKsmh-U0LSiXcX-W_HUOjhU7_R0fRpnzewQCVzV&amp;__tn__=*NK-R\">#ViviendaParaTodos<\/a><a href=\"https:\/\/www.facebook.com\/hashtag\/elfinancierogt?__eep__=6&amp;__cft__[0]=AZXwU_tKcvZXi6JVSKpNJLd70XK0DAgmQOGmPFdBCkzbOpESwPqe0Sasgen_vSH77WxTc4ZcVqzgxP59BnmRYZnpFZCH0p5qQ8E2zKsrwiHgbAMWsLr_0m81lGwTlesv9YpJJhGhO27WDwWMPiu8itxvkiBD3P2WNkoRrLWZW9hD9hrTXwKsmh-U0LSiXcX-W_HUOjhU7_R0fRpnzewQCVzV&amp;__tn__=*NK-R\">#elfinancierogt<\/a> <a href=\"https:\/\/www.facebook.com\/hashtag\/adig?__eep__=6&amp;__cft__[0]=AZXwU_tKcvZXi6JVSKpNJLd70XK0DAgmQOGmPFdBCkzbOpESwPqe0Sasgen_vSH77WxTc4ZcVqzgxP59BnmRYZnpFZCH0p5qQ8E2zKsrwiHgbAMWsLr_0m81lGwTlesv9YpJJhGhO27WDwWMPiu8itxvkiBD3P2WNkoRrLWZW9hD9hrTXwKsmh-U0LSiXcX-W_HUOjhU7_R0fRpnzewQCVzV&amp;__tn__=*NK-R\">#adig<\/a><a href=\"https:\/\/www.facebook.com\/hashtag\/metroredes?__eep__=6&amp;__cft__[0]=AZXwU_tKcvZXi6JVSKpNJLd70XK0DAgmQOGmPFdBCkzbOpESwPqe0Sasgen_vSH77WxTc4ZcVqzgxP59BnmRYZnpFZCH0p5qQ8E2zKsrwiHgbAMWsLr_0m81lGwTlesv9YpJJhGhO27WDwWMPiu8itxvkiBD3P2WNkoRrLWZW9hD9hrTXwKsmh-U0LSiXcX-W_HUOjhU7_R0fRpnzewQCVzV&amp;__tn__=*NK-R\">#Metroredes<\/a><\/p>\n\n\n\n<p><a href=\"https:\/\/www.facebook.com\/photo\/?fbid=1228331939292887&amp;set=pcb.1228332059292875&amp;__cft__[0]=AZXwU_tKcvZXi6JVSKpNJLd70XK0DAgmQOGmPFdBCkzbOpESwPqe0Sasgen_vSH77WxTc4ZcVqzgxP59BnmRYZnpFZCH0p5qQ8E2zKsrwiHgbAMWsLr_0m81lGwTlesv9YpJJhGhO27WDwWMPiu8itxvkiBD3P2WNkoRrLWZW9hD9hrTXwKsmh-U0LSiXcX-W_HUOjhU7_R0fRpnzewQCVzV&amp;__tn__=*b0H-R\"><\/a><\/p>\n\n\n\n<figure class=\"wp-block-image\"><a href=\"https:\/\/www.facebook.com\/photo\/?fbid=1228331939292887&amp;set=pcb.1228332059292875&amp;__cft__[0]=AZXwU_tKcvZXi6JVSKpNJLd70XK0DAgmQOGmPFdBCkzbOpESwPqe0Sasgen_vSH77WxTc4ZcVqzgxP59BnmRYZnpFZCH0p5qQ8E2zKsrwiHgbAMWsLr_0m81lGwTlesv9YpJJhGhO27WDwWMPiu8itxvkiBD3P2WNkoRrLWZW9hD9hrTXwKsmh-U0LSiXcX-W_HUOjhU7_R0fRpnzewQCVzV&amp;__tn__=*b0H-R\"><img decoding=\"async\" src=\"https:\/\/scontent.fgua9-2.fna.fbcdn.net\/v\/t39.30808-6\/499522957_1228331942626220_7563461932502413839_n.jpg?stp=cp6_dst-jpg_p552x414_tt6&amp;_nc_cat=103&amp;ccb=1-7&amp;_nc_sid=833d8c&amp;_nc_ohc=im7cLdbcjb4Q7kNvwHYEbzZ&amp;_nc_oc=AdnYe92FKS3rMSFwSv2qFXItti7vPD_L6qUqbpGuiw5e27ej6Nl3QR-vnj5a8ps_Zb6iavbi-USbeNKcL2Hq5vrM&amp;_nc_zt=23&amp;_nc_ht=scontent.fgua9-2.fna&amp;_nc_gid=eDJGWmOqIDspXcEbckPFng&amp;oh=00_AfI8nfm-K_WdV64wDeexK6ff5beG7dVEC7SuPtO7J-47Yg&amp;oe=683545C6\" alt=\"\"\/><\/a><\/figure>\n\n\n\n<p><a href=\"https:\/\/www.facebook.com\/photo\/?fbid=1228331992626215&amp;set=pcb.1228332059292875&amp;__cft__[0]=AZXwU_tKcvZXi6JVSKpNJLd70XK0DAgmQOGmPFdBCkzbOpESwPqe0Sasgen_vSH77WxTc4ZcVqzgxP59BnmRYZnpFZCH0p5qQ8E2zKsrwiHgbAMWsLr_0m81lGwTlesv9YpJJhGhO27WDwWMPiu8itxvkiBD3P2WNkoRrLWZW9hD9hrTXwKsmh-U0LSiXcX-W_HUOjhU7_R0fRpnzewQCVzV&amp;__tn__=*b1H-R\"><\/a><\/p>\n\n\n\n<figure class=\"wp-block-image\"><a href=\"https:\/\/www.facebook.com\/photo\/?fbid=1228331992626215&amp;set=pcb.1228332059292875&amp;__cft__[0]=AZXwU_tKcvZXi6JVSKpNJLd70XK0DAgmQOGmPFdBCkzbOpESwPqe0Sasgen_vSH77WxTc4ZcVqzgxP59BnmRYZnpFZCH0p5qQ8E2zKsrwiHgbAMWsLr_0m81lGwTlesv9YpJJhGhO27WDwWMPiu8itxvkiBD3P2WNkoRrLWZW9hD9hrTXwKsmh-U0LSiXcX-W_HUOjhU7_R0fRpnzewQCVzV&amp;__tn__=*b1H-R\"><img decoding=\"async\" src=\"https:\/\/scontent.fgua9-1.fna.fbcdn.net\/v\/t39.30808-6\/499996384_1228332259292855_132785217056400505_n.jpg?stp=cp6_dst-jpg_p480x480_tt6&amp;_nc_cat=107&amp;ccb=1-7&amp;_nc_sid=833d8c&amp;_nc_ohc=0nqS2A_d4GYQ7kNvwFaFO9f&amp;_nc_oc=AdknuXJeYECKAzS_RSd19gCkq9kWsEuWv4o4krACPBBAbf5yD330tLIr4zc-ZZYBc13uo0wey-3caww7Z-x4stHk&amp;_nc_zt=23&amp;_nc_ht=scontent.fgua9-1.fna&amp;_nc_gid=eDJGWmOqIDspXcEbckPFng&amp;oh=00_AfIHAXXF8l6KqO7mr1GpTuvl_LIrrflHZNiaFZyEdbjihw&amp;oe=68356BA1\" alt=\"\"\/><\/a><\/figure>\n\n\n\n<p><a href=\"https:\/\/www.facebook.com\/photo\/?fbid=1228332032626211&amp;set=pcb.1228332059292875&amp;__cft__[0]=AZXwU_tKcvZXi6JVSKpNJLd70XK0DAgmQOGmPFdBCkzbOpESwPqe0Sasgen_vSH77WxTc4ZcVqzgxP59BnmRYZnpFZCH0p5qQ8E2zKsrwiHgbAMWsLr_0m81lGwTlesv9YpJJhGhO27WDwWMPiu8itxvkiBD3P2WNkoRrLWZW9hD9hrTXwKsmh-U0LSiXcX-W_HUOjhU7_R0fRpnzewQCVzV&amp;__tn__=*b2H-R\"><\/a><\/p>\n\n\n\n<figure class=\"wp-block-image\"><a href=\"https:\/\/www.facebook.com\/photo\/?fbid=1228332032626211&amp;set=pcb.1228332059292875&amp;__cft__[0]=AZXwU_tKcvZXi6JVSKpNJLd70XK0DAgmQOGmPFdBCkzbOpESwPqe0Sasgen_vSH77WxTc4ZcVqzgxP59BnmRYZnpFZCH0p5qQ8E2zKsrwiHgbAMWsLr_0m81lGwTlesv9YpJJhGhO27WDwWMPiu8itxvkiBD3P2WNkoRrLWZW9hD9hrTXwKsmh-U0LSiXcX-W_HUOjhU7_R0fRpnzewQCVzV&amp;__tn__=*b2H-R\"><img decoding=\"async\" src=\"https:\/\/scontent.fgua9-1.fna.fbcdn.net\/v\/t39.30808-6\/500060813_1228332332626181_1412810536421809128_n.jpg?stp=cp6_dst-jpg_s600x600_tt6&amp;_nc_cat=107&amp;ccb=1-7&amp;_nc_sid=833d8c&amp;_nc_ohc=QZBR4dRcXLkQ7kNvwHXDY03&amp;_nc_oc=AdmY4TG262G6TFuIu9lAiabMNenclwaQLUDD5B8QbV4l0EXi4UMETlA1xE8c2BdlLbFZrcIQ4hg4zc6Pzu9UyI1I&amp;_nc_zt=23&amp;_nc_ht=scontent.fgua9-1.fna&amp;_nc_gid=eDJGWmOqIDspXcEbckPFng&amp;oh=00_AfJgs_36cfpZOsY-piE4LkclHkiHXcT081pD0GdYaeckPQ&amp;oe=68355837\" alt=\"\"\/><\/a><\/figure>\n","protected":false},"excerpt":{"rendered":"<p>La Asociaci\u00f3n de Desarrolladores Inmobiliarios de Guatemala (ADIG), en alianza con el Guatemala Green Building Council (GGBC), celebr\u00f3 este mi\u00e9rcoles la cuarta edici\u00f3n del Foro de Desarrollo Inmobiliario Sostenible, una jornada que convoc\u00f3 a l\u00edderes del sector, expertos nacionales e internacionales y representantes de desarrolladoras clave para explorar c\u00f3mo hacer de la sostenibilidad un nuevo <a class=\"read-more\" href=\"https:\/\/elmetropolitano.com.gt\/es\/el-desarrollo-inmobiliario-sostenible-fue-sometido-a-debate-con-expertos\/\">Leer m\u00e1s<\/a><\/p>\n","protected":false},"author":1,"featured_media":103391,"comment_status":"open","ping_status":"closed","sticky":false,"template":"","format":"standard","meta":{"footnotes":""},"categories":[31],"tags":[32],"class_list":["post-103390","post","type-post","status-publish","format-standard","has-post-thumbnail","hentry","category-metroimpulso","tag-metroimpulso"],"_links":{"self":[{"href":"https:\/\/elmetropolitano.com.gt\/es\/wp-json\/wp\/v2\/posts\/103390","targetHints":{"allow":["GET"]}}],"collection":[{"href":"https:\/\/elmetropolitano.com.gt\/es\/wp-json\/wp\/v2\/posts"}],"about":[{"href":"https:\/\/elmetropolitano.com.gt\/es\/wp-json\/wp\/v2\/types\/post"}],"author":[{"embeddable":true,"href":"https:\/\/elmetropolitano.com.gt\/es\/wp-json\/wp\/v2\/users\/1"}],"replies":[{"embeddable":true,"href":"https:\/\/elmetropolitano.com.gt\/es\/wp-json\/wp\/v2\/comments?post=103390"}],"version-history":[{"count":1,"href":"https:\/\/elmetropolitano.com.gt\/es\/wp-json\/wp\/v2\/posts\/103390\/revisions"}],"predecessor-version":[{"id":103392,"href":"https:\/\/elmetropolitano.com.gt\/es\/wp-json\/wp\/v2\/posts\/103390\/revisions\/103392"}],"wp:featuredmedia":[{"embeddable":true,"href":"https:\/\/elmetropolitano.com.gt\/es\/wp-json\/wp\/v2\/media\/103391"}],"wp:attachment":[{"href":"https:\/\/elmetropolitano.com.gt\/es\/wp-json\/wp\/v2\/media?parent=103390"}],"wp:term":[{"taxonomy":"category","embeddable":true,"href":"https:\/\/elmetropolitano.com.gt\/es\/wp-json\/wp\/v2\/categories?post=103390"},{"taxonomy":"post_tag","embeddable":true,"href":"https:\/\/elmetropolitano.com.gt\/es\/wp-json\/wp\/v2\/tags?post=103390"}],"curies":[{"name":"wp","href":"https:\/\/api.w.org\/{rel}","templated":true}]}}