{"id":103572,"date":"2025-05-25T14:41:55","date_gmt":"2025-05-25T20:41:55","guid":{"rendered":"https:\/\/elmetropolitano.com.gt\/es\/?p=103572"},"modified":"2025-05-25T14:44:02","modified_gmt":"2025-05-25T20:44:02","slug":"lanzan-granada-a-discoteca-medellin-en-xela-y-pnc-captura-a-presunto-responsable","status":"publish","type":"post","link":"https:\/\/elmetropolitano.com.gt\/es\/lanzan-granada-a-discoteca-medellin-en-xela-y-pnc-captura-a-presunto-responsable\/","title":{"rendered":"Lanzan granada a discoteca Medell\u00edn en Xela y PNC captura a presunto responsable"},"content":{"rendered":"\n<p><a><\/a>La madrugada de este domingo lanzaron una granada a la discoteca \u00abMedell\u00edn\u00bb, ubicada en la 5\u00aa calle, entre 17 y 18 avenidas, zona 3 de Quetzaltenango.<\/p>\n\n\n\n<p>Los bomberos voluntarios llegaron a atender la emergencia y trasladaron a algunos heridos<\/p><div class=\"elmet-contenido\" id=\"elmet-3609734232\"><div class=\"elmet-adlabel\">Anuncios<\/div><div style=\"margin-top: 20px;margin-right: 20px;margin-bottom: 20px;margin-left: 20px;\" id=\"elmet-2011732372\"><a href=\"https:\/\/www.facebook.com\/arrincuanantigua\/\" aria-label=\"cintillo-arrin-cual\"><img loading=\"lazy\" decoding=\"async\" src=\"https:\/\/elmetropolitano.com.gt\/es\/wp-content\/uploads\/2021\/11\/cintillo-arrin-cual-1.jpg\" alt=\"\"  srcset=\"https:\/\/elmetropolitano.com.gt\/es\/wp-content\/uploads\/2021\/11\/cintillo-arrin-cual-1.jpg 750w, https:\/\/elmetropolitano.com.gt\/es\/wp-content\/uploads\/2021\/11\/cintillo-arrin-cual-1-300x36.jpg 300w, https:\/\/elmetropolitano.com.gt\/es\/wp-content\/uploads\/2021\/11\/cintillo-arrin-cual-1-600x72.jpg 600w\" sizes=\"(max-width: 750px) 100vw, 750px\" width=\"750\" height=\"90\"   \/><\/a><\/div><\/div>\n\n\n\n<p>Presunto responsable de lanzar<\/p>\n\n\n\n<p>el explosivo es capturado<\/p>\n\n\n\n<p>La Polic\u00eda Nacional Civil PNC a reportado que Benjamin Aguirre de 61 a\u00f1os fue detenido tras el ataque con arma de fuego y lanzar un explosivo a la discoteca.<\/p>\n\n\n\n<p>Aguirre tiene antecedentes por portaci\u00f3n ilegal de arma de fuego y temicidio indic\u00f3 la PNC en sus redes sociales.<\/p>\n\n\n\n<p>En el sector, ayer en la madrugada, muri\u00f3 en un ataque armado Kevin Jusvin S\u00e1nchez G\u00e1lvez cuando sal\u00eda de la discoteca Medell\u00edn<\/p>\n\n\n\n<p><a href=\"https:\/\/www.facebook.com\/hashtag\/violencia?__eep__=6&amp;__cft__[0]=AZUhvdHVFZo206sXC5omYQAeDr2_nKiLRRykHOjDxJFawGGf9Bon_1AfXmGs_9zxml5P97hvJphtHbnNGeG8utIZdie_JYKcg7FqfjZIj11z0XeIuCzGJxqTfSz-Pc4kp9UtSU_5GI5D0h-BNOVTUvdFLgwPlYLSztB_r-Xyt5bNwrVW8LM20J4UqjmRs-dKd6JhW9hQ4tFB_CviO20odLcgnaaGhiFsBWUnAGuAjkd7xg&amp;__tn__=*NK-y-R\">#Violencia<\/a><a href=\"https:\/\/www.facebook.com\/hashtag\/xela?__eep__=6&amp;__cft__[0]=AZUhvdHVFZo206sXC5omYQAeDr2_nKiLRRykHOjDxJFawGGf9Bon_1AfXmGs_9zxml5P97hvJphtHbnNGeG8utIZdie_JYKcg7FqfjZIj11z0XeIuCzGJxqTfSz-Pc4kp9UtSU_5GI5D0h-BNOVTUvdFLgwPlYLSztB_r-Xyt5bNwrVW8LM20J4UqjmRs-dKd6JhW9hQ4tFB_CviO20odLcgnaaGhiFsBWUnAGuAjkd7xg&amp;__tn__=*NK-y-R\">#Xela<\/a><\/p>\n\n\n\n<figure class=\"wp-block-gallery has-nested-images columns-default is-cropped wp-block-gallery-1 is-layout-flex wp-block-gallery-is-layout-flex\">\n<figure class=\"wp-block-image size-large\"><img loading=\"lazy\" decoding=\"async\" width=\"576\" height=\"1024\" data-id=\"103583\" src=\"https:\/\/elmetropolitano.com.gt\/es\/wp-content\/uploads\/2025\/05\/493950194_1298944888902698_4524450791529208767_n-576x1024.jpg\" alt=\"\" class=\"wp-image-103583\" srcset=\"https:\/\/elmetropolitano.com.gt\/es\/wp-content\/uploads\/2025\/05\/493950194_1298944888902698_4524450791529208767_n-576x1024.jpg 576w, https:\/\/elmetropolitano.com.gt\/es\/wp-content\/uploads\/2025\/05\/493950194_1298944888902698_4524450791529208767_n-169x300.jpg 169w, https:\/\/elmetropolitano.com.gt\/es\/wp-content\/uploads\/2025\/05\/493950194_1298944888902698_4524450791529208767_n-768x1365.jpg 768w, https:\/\/elmetropolitano.com.gt\/es\/wp-content\/uploads\/2025\/05\/493950194_1298944888902698_4524450791529208767_n-864x1536.jpg 864w, https:\/\/elmetropolitano.com.gt\/es\/wp-content\/uploads\/2025\/05\/493950194_1298944888902698_4524450791529208767_n.jpg 1152w\" sizes=\"auto, (max-width: 576px) 100vw, 576px\" \/><\/figure>\n\n\n\n<figure class=\"wp-block-image size-large\"><img loading=\"lazy\" decoding=\"async\" width=\"1024\" height=\"768\" data-id=\"103586\" src=\"https:\/\/elmetropolitano.com.gt\/es\/wp-content\/uploads\/2025\/05\/494110356_1298944855569368_6408340988725629156_n-1024x768.jpg\" alt=\"\" class=\"wp-image-103586\" srcset=\"https:\/\/elmetropolitano.com.gt\/es\/wp-content\/uploads\/2025\/05\/494110356_1298944855569368_6408340988725629156_n-1024x768.jpg 1024w, https:\/\/elmetropolitano.com.gt\/es\/wp-content\/uploads\/2025\/05\/494110356_1298944855569368_6408340988725629156_n-300x225.jpg 300w, https:\/\/elmetropolitano.com.gt\/es\/wp-content\/uploads\/2025\/05\/494110356_1298944855569368_6408340988725629156_n-768x576.jpg 768w, https:\/\/elmetropolitano.com.gt\/es\/wp-content\/uploads\/2025\/05\/494110356_1298944855569368_6408340988725629156_n.jpg 1280w\" sizes=\"auto, (max-width: 1024px) 100vw, 1024px\" \/><\/figure>\n\n\n\n<figure class=\"wp-block-image size-large\"><img loading=\"lazy\" decoding=\"async\" width=\"1024\" height=\"872\" data-id=\"103585\" src=\"https:\/\/elmetropolitano.com.gt\/es\/wp-content\/uploads\/2025\/05\/497913432_1298944905569363_6462345365273325005_n.jpg\" alt=\"\" class=\"wp-image-103585\" srcset=\"https:\/\/elmetropolitano.com.gt\/es\/wp-content\/uploads\/2025\/05\/497913432_1298944905569363_6462345365273325005_n.jpg 1024w, https:\/\/elmetropolitano.com.gt\/es\/wp-content\/uploads\/2025\/05\/497913432_1298944905569363_6462345365273325005_n-300x255.jpg 300w, https:\/\/elmetropolitano.com.gt\/es\/wp-content\/uploads\/2025\/05\/497913432_1298944905569363_6462345365273325005_n-768x654.jpg 768w\" sizes=\"auto, (max-width: 1024px) 100vw, 1024px\" \/><\/figure>\n\n\n\n<figure class=\"wp-block-image size-large\"><img loading=\"lazy\" decoding=\"async\" width=\"960\" height=\"720\" data-id=\"103581\" src=\"https:\/\/elmetropolitano.com.gt\/es\/wp-content\/uploads\/2025\/05\/499912029_1298944495569404_9182906667554614604_n.jpg\" alt=\"\" class=\"wp-image-103581\" srcset=\"https:\/\/elmetropolitano.com.gt\/es\/wp-content\/uploads\/2025\/05\/499912029_1298944495569404_9182906667554614604_n.jpg 960w, https:\/\/elmetropolitano.com.gt\/es\/wp-content\/uploads\/2025\/05\/499912029_1298944495569404_9182906667554614604_n-300x225.jpg 300w, https:\/\/elmetropolitano.com.gt\/es\/wp-content\/uploads\/2025\/05\/499912029_1298944495569404_9182906667554614604_n-768x576.jpg 768w\" sizes=\"auto, (max-width: 960px) 100vw, 960px\" \/><\/figure>\n\n\n\n<figure class=\"wp-block-image size-large\"><img loading=\"lazy\" decoding=\"async\" width=\"1024\" height=\"661\" data-id=\"103584\" src=\"https:\/\/elmetropolitano.com.gt\/es\/wp-content\/uploads\/2025\/05\/499930731_1298944852236035_5130764372713162369_n.jpg\" alt=\"\" class=\"wp-image-103584\" srcset=\"https:\/\/elmetropolitano.com.gt\/es\/wp-content\/uploads\/2025\/05\/499930731_1298944852236035_5130764372713162369_n.jpg 1024w, https:\/\/elmetropolitano.com.gt\/es\/wp-content\/uploads\/2025\/05\/499930731_1298944852236035_5130764372713162369_n-300x194.jpg 300w, https:\/\/elmetropolitano.com.gt\/es\/wp-content\/uploads\/2025\/05\/499930731_1298944852236035_5130764372713162369_n-768x496.jpg 768w\" sizes=\"auto, (max-width: 1024px) 100vw, 1024px\" \/><\/figure>\n\n\n\n<figure class=\"wp-block-image size-large\"><img loading=\"lazy\" decoding=\"async\" width=\"566\" height=\"543\" data-id=\"103582\" src=\"https:\/\/elmetropolitano.com.gt\/es\/wp-content\/uploads\/2025\/05\/500419144_1298944428902744_5038032335704531519_n.jpg\" alt=\"\" class=\"wp-image-103582\" srcset=\"https:\/\/elmetropolitano.com.gt\/es\/wp-content\/uploads\/2025\/05\/500419144_1298944428902744_5038032335704531519_n.jpg 566w, https:\/\/elmetropolitano.com.gt\/es\/wp-content\/uploads\/2025\/05\/500419144_1298944428902744_5038032335704531519_n-300x288.jpg 300w\" sizes=\"auto, (max-width: 566px) 100vw, 566px\" \/><\/figure>\n<\/figure>\n","protected":false},"excerpt":{"rendered":"<p>La madrugada de este domingo lanzaron una granada a la discoteca \u00abMedell\u00edn\u00bb, ubicada en la 5\u00aa calle, entre 17 y 18 avenidas, zona 3 de Quetzaltenango. Los bomberos voluntarios llegaron a atender la emergencia y trasladaron a algunos heridos Presunto responsable de lanzar el explosivo es capturado La Polic\u00eda Nacional Civil PNC a reportado que <a class=\"read-more\" href=\"https:\/\/elmetropolitano.com.gt\/es\/lanzan-granada-a-discoteca-medellin-en-xela-y-pnc-captura-a-presunto-responsable\/\">Leer m\u00e1s<\/a><\/p>\n","protected":false},"author":1,"featured_media":103586,"comment_status":"open","ping_status":"closed","sticky":false,"template":"","format":"standard","meta":{"footnotes":""},"categories":[4],"tags":[13],"class_list":["post-103572","post","type-post","status-publish","format-standard","has-post-thumbnail","hentry","category-departamentales","tag-departamentales"],"_links":{"self":[{"href":"https:\/\/elmetropolitano.com.gt\/es\/wp-json\/wp\/v2\/posts\/103572","targetHints":{"allow":["GET"]}}],"collection":[{"href":"https:\/\/elmetropolitano.com.gt\/es\/wp-json\/wp\/v2\/posts"}],"about":[{"href":"https:\/\/elmetropolitano.com.gt\/es\/wp-json\/wp\/v2\/types\/post"}],"author":[{"embeddable":true,"href":"https:\/\/elmetropolitano.com.gt\/es\/wp-json\/wp\/v2\/users\/1"}],"replies":[{"embeddable":true,"href":"https:\/\/elmetropolitano.com.gt\/es\/wp-json\/wp\/v2\/comments?post=103572"}],"version-history":[{"count":2,"href":"https:\/\/elmetropolitano.com.gt\/es\/wp-json\/wp\/v2\/posts\/103572\/revisions"}],"predecessor-version":[{"id":103588,"href":"https:\/\/elmetropolitano.com.gt\/es\/wp-json\/wp\/v2\/posts\/103572\/revisions\/103588"}],"wp:featuredmedia":[{"embeddable":true,"href":"https:\/\/elmetropolitano.com.gt\/es\/wp-json\/wp\/v2\/media\/103586"}],"wp:attachment":[{"href":"https:\/\/elmetropolitano.com.gt\/es\/wp-json\/wp\/v2\/media?parent=103572"}],"wp:term":[{"taxonomy":"category","embeddable":true,"href":"https:\/\/elmetropolitano.com.gt\/es\/wp-json\/wp\/v2\/categories?post=103572"},{"taxonomy":"post_tag","embeddable":true,"href":"https:\/\/elmetropolitano.com.gt\/es\/wp-json\/wp\/v2\/tags?post=103572"}],"curies":[{"name":"wp","href":"https:\/\/api.w.org\/{rel}","templated":true}]}}