{"id":103653,"date":"2025-05-26T09:37:14","date_gmt":"2025-05-26T15:37:14","guid":{"rendered":"https:\/\/elmetropolitano.com.gt\/es\/?p=103653"},"modified":"2025-05-26T09:37:15","modified_gmt":"2025-05-26T15:37:15","slug":"sicarios-asesina-a-kevin-rivera-en-la-colonia-prados-del-rio","status":"publish","type":"post","link":"https:\/\/elmetropolitano.com.gt\/es\/sicarios-asesina-a-kevin-rivera-en-la-colonia-prados-del-rio\/","title":{"rendered":"Sicarios asesina a Kevin Rivera en la colonia Prados del R\u00edo"},"content":{"rendered":"\n<p>En un ataque armado falleci\u00f3 anoche el joven Kevin Rivera cuando se encontraba en la 9a calle de la colonia Prados del R\u00edo zona 3 de Escuintla<\/p>\n\n\n\n<p>Una unidad de Bomberos Voluntarios de la 14 compa\u00f1iande Escuintla se presentaron al lugar pero al evaluarle los signos vitales constataron que ya hab\u00eda fallecido por los impactos de arma de fuego qu\u00e9 presentaba en diferentes partes del cuerpo.<\/p><div class=\"elmet-contenido\" id=\"elmet-969235237\"><div class=\"elmet-adlabel\">Anuncios<\/div><div style=\"margin-top: 20px;margin-right: 20px;margin-bottom: 20px;margin-left: 20px;\" id=\"elmet-4045755630\"><a href=\"https:\/\/www.facebook.com\/arrincuanantigua\/\" aria-label=\"cintillo-arrin-cual\"><img loading=\"lazy\" decoding=\"async\" src=\"https:\/\/elmetropolitano.com.gt\/es\/wp-content\/uploads\/2021\/11\/cintillo-arrin-cual-1.jpg\" alt=\"\"  srcset=\"https:\/\/elmetropolitano.com.gt\/es\/wp-content\/uploads\/2021\/11\/cintillo-arrin-cual-1.jpg 750w, https:\/\/elmetropolitano.com.gt\/es\/wp-content\/uploads\/2021\/11\/cintillo-arrin-cual-1-300x36.jpg 300w, https:\/\/elmetropolitano.com.gt\/es\/wp-content\/uploads\/2021\/11\/cintillo-arrin-cual-1-600x72.jpg 600w\" sizes=\"(max-width: 750px) 100vw, 750px\" width=\"750\" height=\"90\"   \/><\/a><\/div><\/div>\n\n\n\n<p>Un triste cuadro se vivi\u00f3 cuando familiares llegaron y identificaron Kevin a quien lo esperaban en casa y dijeron que desconoc\u00edan los motivos del ataque.<\/p>\n\n\n\n<p>La cabecera municipal de Escuintla se encuentra bajo fuego donde los mandos de Polic\u00eda Nacional Civil PNC de la comisar\u00eda 31 de Escuintla p\u00e1rese que est\u00e1n de batazos cruzados al no implementar planes de patrullajes e inteligencia policial.<\/p>\n\n\n\n<p><a href=\"https:\/\/www.facebook.com\/hashtag\/violencia?__eep__=6&amp;__cft__[0]=AZU-q64XUWGAAlPJQlCISZNOckoEkVa_FoTg_F9J3yEyQMp3f0h_8AgDCPrNPuNzVgzySVUo2i0rFYnB84vjhv1zU3bSIDV0qEs4Y2h1a_OrSsqlg1kmRCL_PnIMhDGUeLt6hK6vc_vcSr7nXxOum5O0Sn-nzTR8k8AbDG_N5JoxObgWXaXawSYzIDbTPBM8BkLkJmUqw_fNRmRXxYmu0AJy&amp;__tn__=*NK-R\">#Violencia<\/a><a href=\"https:\/\/www.facebook.com\/hashtag\/escuintla?__eep__=6&amp;__cft__[0]=AZU-q64XUWGAAlPJQlCISZNOckoEkVa_FoTg_F9J3yEyQMp3f0h_8AgDCPrNPuNzVgzySVUo2i0rFYnB84vjhv1zU3bSIDV0qEs4Y2h1a_OrSsqlg1kmRCL_PnIMhDGUeLt6hK6vc_vcSr7nXxOum5O0Sn-nzTR8k8AbDG_N5JoxObgWXaXawSYzIDbTPBM8BkLkJmUqw_fNRmRXxYmu0AJy&amp;__tn__=*NK-R\">#Escuintla<\/a><a href=\"https:\/\/www.facebook.com\/hashtag\/pradosdelrio?__eep__=6&amp;__cft__[0]=AZU-q64XUWGAAlPJQlCISZNOckoEkVa_FoTg_F9J3yEyQMp3f0h_8AgDCPrNPuNzVgzySVUo2i0rFYnB84vjhv1zU3bSIDV0qEs4Y2h1a_OrSsqlg1kmRCL_PnIMhDGUeLt6hK6vc_vcSr7nXxOum5O0Sn-nzTR8k8AbDG_N5JoxObgWXaXawSYzIDbTPBM8BkLkJmUqw_fNRmRXxYmu0AJy&amp;__tn__=*NK-R\">#pradosdelrio<\/a><a href=\"https:\/\/www.facebook.com\/hashtag\/pncdeguatemala?__eep__=6&amp;__cft__[0]=AZU-q64XUWGAAlPJQlCISZNOckoEkVa_FoTg_F9J3yEyQMp3f0h_8AgDCPrNPuNzVgzySVUo2i0rFYnB84vjhv1zU3bSIDV0qEs4Y2h1a_OrSsqlg1kmRCL_PnIMhDGUeLt6hK6vc_vcSr7nXxOum5O0Sn-nzTR8k8AbDG_N5JoxObgWXaXawSYzIDbTPBM8BkLkJmUqw_fNRmRXxYmu0AJy&amp;__tn__=*NK-R\">#PNCdeGuatemala<\/a><a href=\"https:\/\/www.facebook.com\/hashtag\/comisaria31?__eep__=6&amp;__cft__[0]=AZU-q64XUWGAAlPJQlCISZNOckoEkVa_FoTg_F9J3yEyQMp3f0h_8AgDCPrNPuNzVgzySVUo2i0rFYnB84vjhv1zU3bSIDV0qEs4Y2h1a_OrSsqlg1kmRCL_PnIMhDGUeLt6hK6vc_vcSr7nXxOum5O0Sn-nzTR8k8AbDG_N5JoxObgWXaXawSYzIDbTPBM8BkLkJmUqw_fNRmRXxYmu0AJy&amp;__tn__=*NK-R\">#Comisaria31<\/a><\/p>\n\n\n\n<figure class=\"wp-block-gallery has-nested-images columns-default is-cropped wp-block-gallery-1 is-layout-flex wp-block-gallery-is-layout-flex\">\n<figure class=\"wp-block-image size-large\"><img loading=\"lazy\" decoding=\"async\" width=\"720\" height=\"720\" data-id=\"103656\" src=\"https:\/\/elmetropolitano.com.gt\/es\/wp-content\/uploads\/2025\/05\/494641556_1231472402312174_1177575562848411553_n.jpg\" alt=\"\" class=\"wp-image-103656\" srcset=\"https:\/\/elmetropolitano.com.gt\/es\/wp-content\/uploads\/2025\/05\/494641556_1231472402312174_1177575562848411553_n.jpg 720w, https:\/\/elmetropolitano.com.gt\/es\/wp-content\/uploads\/2025\/05\/494641556_1231472402312174_1177575562848411553_n-300x300.jpg 300w, https:\/\/elmetropolitano.com.gt\/es\/wp-content\/uploads\/2025\/05\/494641556_1231472402312174_1177575562848411553_n-150x150.jpg 150w\" sizes=\"auto, (max-width: 720px) 100vw, 720px\" \/><\/figure>\n\n\n\n<figure class=\"wp-block-image size-large\"><img loading=\"lazy\" decoding=\"async\" width=\"720\" height=\"542\" data-id=\"103655\" src=\"https:\/\/elmetropolitano.com.gt\/es\/wp-content\/uploads\/2025\/05\/501094180_1231472388978842_6081204674627834235_n-1.jpg\" alt=\"\" class=\"wp-image-103655\" srcset=\"https:\/\/elmetropolitano.com.gt\/es\/wp-content\/uploads\/2025\/05\/501094180_1231472388978842_6081204674627834235_n-1.jpg 720w, https:\/\/elmetropolitano.com.gt\/es\/wp-content\/uploads\/2025\/05\/501094180_1231472388978842_6081204674627834235_n-1-300x226.jpg 300w\" sizes=\"auto, (max-width: 720px) 100vw, 720px\" \/><\/figure>\n<\/figure>\n","protected":false},"excerpt":{"rendered":"<p>En un ataque armado falleci\u00f3 anoche el joven Kevin Rivera cuando se encontraba en la 9a calle de la colonia Prados del R\u00edo zona 3 de Escuintla Una unidad de Bomberos Voluntarios de la 14 compa\u00f1iande Escuintla se presentaron al lugar pero al evaluarle los signos vitales constataron que ya hab\u00eda fallecido por los impactos <a class=\"read-more\" href=\"https:\/\/elmetropolitano.com.gt\/es\/sicarios-asesina-a-kevin-rivera-en-la-colonia-prados-del-rio\/\">Leer m\u00e1s<\/a><\/p>\n","protected":false},"author":1,"featured_media":103654,"comment_status":"open","ping_status":"closed","sticky":false,"template":"","format":"standard","meta":{"footnotes":""},"categories":[4],"tags":[13],"class_list":["post-103653","post","type-post","status-publish","format-standard","has-post-thumbnail","hentry","category-departamentales","tag-departamentales"],"_links":{"self":[{"href":"https:\/\/elmetropolitano.com.gt\/es\/wp-json\/wp\/v2\/posts\/103653","targetHints":{"allow":["GET"]}}],"collection":[{"href":"https:\/\/elmetropolitano.com.gt\/es\/wp-json\/wp\/v2\/posts"}],"about":[{"href":"https:\/\/elmetropolitano.com.gt\/es\/wp-json\/wp\/v2\/types\/post"}],"author":[{"embeddable":true,"href":"https:\/\/elmetropolitano.com.gt\/es\/wp-json\/wp\/v2\/users\/1"}],"replies":[{"embeddable":true,"href":"https:\/\/elmetropolitano.com.gt\/es\/wp-json\/wp\/v2\/comments?post=103653"}],"version-history":[{"count":1,"href":"https:\/\/elmetropolitano.com.gt\/es\/wp-json\/wp\/v2\/posts\/103653\/revisions"}],"predecessor-version":[{"id":103657,"href":"https:\/\/elmetropolitano.com.gt\/es\/wp-json\/wp\/v2\/posts\/103653\/revisions\/103657"}],"wp:featuredmedia":[{"embeddable":true,"href":"https:\/\/elmetropolitano.com.gt\/es\/wp-json\/wp\/v2\/media\/103654"}],"wp:attachment":[{"href":"https:\/\/elmetropolitano.com.gt\/es\/wp-json\/wp\/v2\/media?parent=103653"}],"wp:term":[{"taxonomy":"category","embeddable":true,"href":"https:\/\/elmetropolitano.com.gt\/es\/wp-json\/wp\/v2\/categories?post=103653"},{"taxonomy":"post_tag","embeddable":true,"href":"https:\/\/elmetropolitano.com.gt\/es\/wp-json\/wp\/v2\/tags?post=103653"}],"curies":[{"name":"wp","href":"https:\/\/api.w.org\/{rel}","templated":true}]}}