{"id":103966,"date":"2025-05-29T13:43:18","date_gmt":"2025-05-29T19:43:18","guid":{"rendered":"https:\/\/elmetropolitano.com.gt\/es\/?p=103966"},"modified":"2025-05-29T13:43:19","modified_gmt":"2025-05-29T19:43:19","slug":"cig-y-la-grelac-unen-sectores-para-impulsar-las-industria-lactea","status":"publish","type":"post","link":"https:\/\/elmetropolitano.com.gt\/es\/cig-y-la-grelac-unen-sectores-para-impulsar-las-industria-lactea\/","title":{"rendered":"CIG y la Grelac unen sectores para impulsar las Industria L\u00e1ctea"},"content":{"rendered":"\n<p><a><\/a>C\u00e1mara de Industria de Guatemala (CIG) y la Gremial de L\u00e1cteos y Derivados (GRELAC) celebran hoy el VI Foro Guatemalteco de la Leche y Productos L\u00e1cteos, un espacio clave para fomentar el di\u00e1logo e intercambio entre los sectores p\u00fablico, privado y acad\u00e9mico. Este evento busca promover el consumo de leche y productos l\u00e1cteos, fortalecer la competitividad de la cadena l\u00e1ctea nacional y contribuir al fortalecimiento de la nutrici\u00f3n, el empleo rural y la sostenibilidad del pa\u00eds.<\/p>\n\n\n\n<p>El evento se realiza en el Hotel Westin Camino Real, de 8:00 a 17:30 horas. Su agenda abarca temas estrat\u00e9gicos como mitos y verdades sobre el consumo de la leche, importancia de la leche durante el embarazo y primera infancia, h\u00e1bitos de consumo en los hogares guatemaltecos, perspectivas globales del mercado l\u00e1cteo, tendencias del consumidor l\u00e1cteo y no l\u00e1cteo, el poder de la leche para la nutrici\u00f3n deportiva, sostenibilidad de la cadena l\u00e1ctea, entre otros temas de inter\u00e9s para el sector.<\/p><div class=\"elmet-contenido\" id=\"elmet-178936819\"><div class=\"elmet-adlabel\">Anuncios<\/div><div style=\"margin-top: 20px;margin-right: 20px;margin-bottom: 20px;margin-left: 20px;\" id=\"elmet-312823189\"><a href=\"https:\/\/www.facebook.com\/arrincuanantigua\/\" aria-label=\"cintillo-arrin-cual\"><img loading=\"lazy\" decoding=\"async\" src=\"https:\/\/elmetropolitano.com.gt\/es\/wp-content\/uploads\/2021\/11\/cintillo-arrin-cual-1.jpg\" alt=\"\"  srcset=\"https:\/\/elmetropolitano.com.gt\/es\/wp-content\/uploads\/2021\/11\/cintillo-arrin-cual-1.jpg 750w, https:\/\/elmetropolitano.com.gt\/es\/wp-content\/uploads\/2021\/11\/cintillo-arrin-cual-1-300x36.jpg 300w, https:\/\/elmetropolitano.com.gt\/es\/wp-content\/uploads\/2021\/11\/cintillo-arrin-cual-1-600x72.jpg 600w\" sizes=\"(max-width: 750px) 100vw, 750px\" width=\"750\" height=\"90\"   \/><\/a><\/div><\/div>\n\n\n\n<p>El foro cuenta con la participaci\u00f3n de conferencistas locales e internacionales, expertos en nutrici\u00f3n, directores de empresas y representantes de entidades vinculadas a la industria de l\u00e1cteos y derivados, entre ellas: el Centro de Investigaci\u00f3n en Alimentaci\u00f3n y Desarrollo de M\u00e9xico, Ministerio de Agricultura, Ganader\u00eda y Alimentaci\u00f3n, Organismo Internacional Regional de Sanidad Agropecuaria (OIRSA), Consejo de Exportaci\u00f3n de L\u00e1cteos de Estados Unidos (USDEC), Centro Guatemalteco de Producci\u00f3n m\u00e1s Limpia, Asociaci\u00f3n para el Desarrollo L\u00e1cteo, Intecap, entre otras instituciones acad\u00e9micas, gubernamentales y t\u00e9cnicas nacionales e internacionales.<\/p>\n\n\n\n<p>Con un enfoque en sostenibilidad, el foro promueve la innovaci\u00f3n, la investigaci\u00f3n aplicada y la generaci\u00f3n de datos para dise\u00f1ar pol\u00edticas p\u00fablicas m\u00e1s efectivas, fortaleciendo as\u00ed la competitividad de la industria l\u00e1ctea guatemalteca.<\/p>\n\n\n\n<p>Wilfredo Fern\u00e1ndez, director ejecutivo de la GRELAC, indic\u00f3 que, como gremial, buscan impulsar una industria l\u00e1ctea m\u00e1s competitiva, responsable y alineada con los m\u00e1s altos est\u00e1ndares. \u201cEste foro nos permite reunir a los actores clave para dialogar y reflexionar sobre c\u00f3mo podemos garantizar que la leche y sus derivados contin\u00faen siendo accesibles, nutritivos y seguros para toda la poblaci\u00f3n guatemalteca\u201d, coment\u00f3.<\/p>\n\n\n\n<p>\u00abLa industria l\u00e1ctea es un motor de desarrollo econ\u00f3mico y social para Guatemala, con un impacto directo en la nutrici\u00f3n, el empleo y la sostenibilidad. Este foro refleja nuestro compromiso de unir esfuerzos para potenciar un sector que alimenta a la poblaci\u00f3n y que impulsa el progreso del pa\u00eds\u201d, manifest\u00f3 por su parte Jos\u00e9 Gonz\u00e1lez, director de Junta Directiva de C\u00e1mara de Industria de Guatemala.<\/p>\n\n\n\n<p>En Guatemala, la industria l\u00e1ctea experiment\u00f3 un crecimiento anual compuesto del 4.4% en el consumo nacional de sus productos entre el 2014 y el 2020, seg\u00fan datos del Programa Nacional de Competitividad (PRONACOM). Adem\u00e1s, genera m\u00e1s de 25,000 empleos, consolid\u00e1ndose como un pilar para el desarrollo rural y la seguridad alimentaria.<\/p>\n\n\n\n<p>El VI Foro Guatemalteco de la Leche y Productos L\u00e1cteos consolida un espacio donde se construyen alianzas, se promueve el conocimiento y se definen los pr\u00f3ximos pasos para una industria que, m\u00e1s all\u00e1 de producir alimentos, genera bienestar, salud y desarrollo para todos los guatemaltecos.<\/p>\n\n\n\n<p><a href=\"https:\/\/www.facebook.com\/hashtag\/lechedevaca?__eep__=6&amp;__cft__[0]=AZWpxtzhCctjMghBP1S2SHK4J-9GmQw8a2ScU6O9Ji7aSCvVroXG6f2PJuD8xVNKZSIs5A_R_dnD3FbszMjI6UCHO-jnW83WeIyWxC75lOBMBArZWMjI_AVJaUDyWs5ISdJgqMQzoC-PtB5V82ULmsE6KcXe-Yy8XRj69V9syzKgN9A0ezttTGnT240-JryuC2HgSr-d2LQUbrKVZXliugHj&amp;__tn__=*NK-R\">#lechedevaca<\/a><a href=\"https:\/\/www.facebook.com\/hashtag\/grelac?__eep__=6&amp;__cft__[0]=AZWpxtzhCctjMghBP1S2SHK4J-9GmQw8a2ScU6O9Ji7aSCvVroXG6f2PJuD8xVNKZSIs5A_R_dnD3FbszMjI6UCHO-jnW83WeIyWxC75lOBMBArZWMjI_AVJaUDyWs5ISdJgqMQzoC-PtB5V82ULmsE6KcXe-Yy8XRj69V9syzKgN9A0ezttTGnT240-JryuC2HgSr-d2LQUbrKVZXliugHj&amp;__tn__=*NK-R\">#grelac<\/a><a href=\"https:\/\/www.facebook.com\/hashtag\/cig?__eep__=6&amp;__cft__[0]=AZWpxtzhCctjMghBP1S2SHK4J-9GmQw8a2ScU6O9Ji7aSCvVroXG6f2PJuD8xVNKZSIs5A_R_dnD3FbszMjI6UCHO-jnW83WeIyWxC75lOBMBArZWMjI_AVJaUDyWs5ISdJgqMQzoC-PtB5V82ULmsE6KcXe-Yy8XRj69V9syzKgN9A0ezttTGnT240-JryuC2HgSr-d2LQUbrKVZXliugHj&amp;__tn__=*NK-R\">#Cig<\/a><a href=\"https:\/\/www.facebook.com\/hashtag\/elfinancierogt?__eep__=6&amp;__cft__[0]=AZWpxtzhCctjMghBP1S2SHK4J-9GmQw8a2ScU6O9Ji7aSCvVroXG6f2PJuD8xVNKZSIs5A_R_dnD3FbszMjI6UCHO-jnW83WeIyWxC75lOBMBArZWMjI_AVJaUDyWs5ISdJgqMQzoC-PtB5V82ULmsE6KcXe-Yy8XRj69V9syzKgN9A0ezttTGnT240-JryuC2HgSr-d2LQUbrKVZXliugHj&amp;__tn__=*NK-R\">#elfinancierogt<\/a><a href=\"https:\/\/www.facebook.com\/hashtag\/agrochapin?__eep__=6&amp;__cft__[0]=AZWpxtzhCctjMghBP1S2SHK4J-9GmQw8a2ScU6O9Ji7aSCvVroXG6f2PJuD8xVNKZSIs5A_R_dnD3FbszMjI6UCHO-jnW83WeIyWxC75lOBMBArZWMjI_AVJaUDyWs5ISdJgqMQzoC-PtB5V82ULmsE6KcXe-Yy8XRj69V9syzKgN9A0ezttTGnT240-JryuC2HgSr-d2LQUbrKVZXliugHj&amp;__tn__=*NK-R\">#Agrochapin<\/a><\/p>\n\n\n\n<figure class=\"wp-block-gallery has-nested-images columns-default is-cropped wp-block-gallery-1 is-layout-flex wp-block-gallery-is-layout-flex\">\n<figure class=\"wp-block-image size-large\"><img loading=\"lazy\" decoding=\"async\" width=\"1024\" height=\"683\" data-id=\"103973\" src=\"https:\/\/elmetropolitano.com.gt\/es\/wp-content\/uploads\/2025\/05\/500261076_1234147265378021_186208334299201198_n-1024x683.jpg\" alt=\"\" class=\"wp-image-103973\" srcset=\"https:\/\/elmetropolitano.com.gt\/es\/wp-content\/uploads\/2025\/05\/500261076_1234147265378021_186208334299201198_n-1024x683.jpg 1024w, https:\/\/elmetropolitano.com.gt\/es\/wp-content\/uploads\/2025\/05\/500261076_1234147265378021_186208334299201198_n-300x200.jpg 300w, https:\/\/elmetropolitano.com.gt\/es\/wp-content\/uploads\/2025\/05\/500261076_1234147265378021_186208334299201198_n-768x512.jpg 768w, https:\/\/elmetropolitano.com.gt\/es\/wp-content\/uploads\/2025\/05\/500261076_1234147265378021_186208334299201198_n-1536x1024.jpg 1536w, https:\/\/elmetropolitano.com.gt\/es\/wp-content\/uploads\/2025\/05\/500261076_1234147265378021_186208334299201198_n.jpg 2048w\" sizes=\"auto, (max-width: 1024px) 100vw, 1024px\" \/><\/figure>\n\n\n\n<figure class=\"wp-block-image size-large\"><img loading=\"lazy\" decoding=\"async\" width=\"1024\" height=\"624\" data-id=\"103970\" src=\"https:\/\/elmetropolitano.com.gt\/es\/wp-content\/uploads\/2025\/05\/500312500_1234147315378016_7055767247346378585_n-1024x624.jpg\" alt=\"\" class=\"wp-image-103970\" srcset=\"https:\/\/elmetropolitano.com.gt\/es\/wp-content\/uploads\/2025\/05\/500312500_1234147315378016_7055767247346378585_n-1024x624.jpg 1024w, https:\/\/elmetropolitano.com.gt\/es\/wp-content\/uploads\/2025\/05\/500312500_1234147315378016_7055767247346378585_n-300x183.jpg 300w, https:\/\/elmetropolitano.com.gt\/es\/wp-content\/uploads\/2025\/05\/500312500_1234147315378016_7055767247346378585_n-768x468.jpg 768w, https:\/\/elmetropolitano.com.gt\/es\/wp-content\/uploads\/2025\/05\/500312500_1234147315378016_7055767247346378585_n-1536x935.jpg 1536w, https:\/\/elmetropolitano.com.gt\/es\/wp-content\/uploads\/2025\/05\/500312500_1234147315378016_7055767247346378585_n.jpg 2048w\" sizes=\"auto, (max-width: 1024px) 100vw, 1024px\" \/><\/figure>\n\n\n\n<figure class=\"wp-block-image size-large\"><img loading=\"lazy\" decoding=\"async\" width=\"1024\" height=\"619\" data-id=\"103968\" src=\"https:\/\/elmetropolitano.com.gt\/es\/wp-content\/uploads\/2025\/05\/500740588_1234147128711368_7831751148810678470_n-1-1024x619.jpg\" alt=\"\" class=\"wp-image-103968\" srcset=\"https:\/\/elmetropolitano.com.gt\/es\/wp-content\/uploads\/2025\/05\/500740588_1234147128711368_7831751148810678470_n-1-1024x619.jpg 1024w, https:\/\/elmetropolitano.com.gt\/es\/wp-content\/uploads\/2025\/05\/500740588_1234147128711368_7831751148810678470_n-1-300x181.jpg 300w, https:\/\/elmetropolitano.com.gt\/es\/wp-content\/uploads\/2025\/05\/500740588_1234147128711368_7831751148810678470_n-1-768x464.jpg 768w, https:\/\/elmetropolitano.com.gt\/es\/wp-content\/uploads\/2025\/05\/500740588_1234147128711368_7831751148810678470_n-1-1536x929.jpg 1536w, https:\/\/elmetropolitano.com.gt\/es\/wp-content\/uploads\/2025\/05\/500740588_1234147128711368_7831751148810678470_n-1.jpg 2048w\" sizes=\"auto, (max-width: 1024px) 100vw, 1024px\" \/><\/figure>\n\n\n\n<figure class=\"wp-block-image size-large\"><img loading=\"lazy\" decoding=\"async\" width=\"1024\" height=\"683\" data-id=\"103971\" src=\"https:\/\/elmetropolitano.com.gt\/es\/wp-content\/uploads\/2025\/05\/500766066_1234147208711360_7385630859187376500_n-1024x683.jpg\" alt=\"\" class=\"wp-image-103971\" srcset=\"https:\/\/elmetropolitano.com.gt\/es\/wp-content\/uploads\/2025\/05\/500766066_1234147208711360_7385630859187376500_n-1024x683.jpg 1024w, https:\/\/elmetropolitano.com.gt\/es\/wp-content\/uploads\/2025\/05\/500766066_1234147208711360_7385630859187376500_n-300x200.jpg 300w, https:\/\/elmetropolitano.com.gt\/es\/wp-content\/uploads\/2025\/05\/500766066_1234147208711360_7385630859187376500_n-768x512.jpg 768w, https:\/\/elmetropolitano.com.gt\/es\/wp-content\/uploads\/2025\/05\/500766066_1234147208711360_7385630859187376500_n-1536x1024.jpg 1536w, https:\/\/elmetropolitano.com.gt\/es\/wp-content\/uploads\/2025\/05\/500766066_1234147208711360_7385630859187376500_n.jpg 2048w\" sizes=\"auto, (max-width: 1024px) 100vw, 1024px\" \/><\/figure>\n\n\n\n<figure class=\"wp-block-image size-large\"><img loading=\"lazy\" decoding=\"async\" width=\"1024\" height=\"683\" data-id=\"103972\" src=\"https:\/\/elmetropolitano.com.gt\/es\/wp-content\/uploads\/2025\/05\/501061830_1234147312044683_5798929584187181285_n-1024x683.jpg\" alt=\"\" class=\"wp-image-103972\" srcset=\"https:\/\/elmetropolitano.com.gt\/es\/wp-content\/uploads\/2025\/05\/501061830_1234147312044683_5798929584187181285_n-1024x683.jpg 1024w, https:\/\/elmetropolitano.com.gt\/es\/wp-content\/uploads\/2025\/05\/501061830_1234147312044683_5798929584187181285_n-300x200.jpg 300w, https:\/\/elmetropolitano.com.gt\/es\/wp-content\/uploads\/2025\/05\/501061830_1234147312044683_5798929584187181285_n-768x512.jpg 768w, https:\/\/elmetropolitano.com.gt\/es\/wp-content\/uploads\/2025\/05\/501061830_1234147312044683_5798929584187181285_n-1536x1024.jpg 1536w, https:\/\/elmetropolitano.com.gt\/es\/wp-content\/uploads\/2025\/05\/501061830_1234147312044683_5798929584187181285_n.jpg 2048w\" sizes=\"auto, (max-width: 1024px) 100vw, 1024px\" \/><\/figure>\n\n\n\n<figure class=\"wp-block-image size-large\"><img loading=\"lazy\" decoding=\"async\" width=\"1024\" height=\"621\" data-id=\"103969\" src=\"https:\/\/elmetropolitano.com.gt\/es\/wp-content\/uploads\/2025\/05\/501071006_1234147085378039_1085996091038602639_n-1024x621.jpg\" alt=\"\" class=\"wp-image-103969\" srcset=\"https:\/\/elmetropolitano.com.gt\/es\/wp-content\/uploads\/2025\/05\/501071006_1234147085378039_1085996091038602639_n-1024x621.jpg 1024w, https:\/\/elmetropolitano.com.gt\/es\/wp-content\/uploads\/2025\/05\/501071006_1234147085378039_1085996091038602639_n-300x182.jpg 300w, https:\/\/elmetropolitano.com.gt\/es\/wp-content\/uploads\/2025\/05\/501071006_1234147085378039_1085996091038602639_n-768x466.jpg 768w, https:\/\/elmetropolitano.com.gt\/es\/wp-content\/uploads\/2025\/05\/501071006_1234147085378039_1085996091038602639_n-1536x932.jpg 1536w, https:\/\/elmetropolitano.com.gt\/es\/wp-content\/uploads\/2025\/05\/501071006_1234147085378039_1085996091038602639_n.jpg 2048w\" sizes=\"auto, (max-width: 1024px) 100vw, 1024px\" \/><\/figure>\n\n\n\n<figure class=\"wp-block-image size-large\"><img loading=\"lazy\" decoding=\"async\" width=\"1024\" height=\"683\" data-id=\"103974\" src=\"https:\/\/elmetropolitano.com.gt\/es\/wp-content\/uploads\/2025\/05\/501143254_1234147298711351_7059813495994664449_n-1024x683.jpg\" alt=\"\" class=\"wp-image-103974\" srcset=\"https:\/\/elmetropolitano.com.gt\/es\/wp-content\/uploads\/2025\/05\/501143254_1234147298711351_7059813495994664449_n-1024x683.jpg 1024w, https:\/\/elmetropolitano.com.gt\/es\/wp-content\/uploads\/2025\/05\/501143254_1234147298711351_7059813495994664449_n-300x200.jpg 300w, https:\/\/elmetropolitano.com.gt\/es\/wp-content\/uploads\/2025\/05\/501143254_1234147298711351_7059813495994664449_n-768x512.jpg 768w, https:\/\/elmetropolitano.com.gt\/es\/wp-content\/uploads\/2025\/05\/501143254_1234147298711351_7059813495994664449_n-1536x1024.jpg 1536w, https:\/\/elmetropolitano.com.gt\/es\/wp-content\/uploads\/2025\/05\/501143254_1234147298711351_7059813495994664449_n.jpg 2048w\" sizes=\"auto, (max-width: 1024px) 100vw, 1024px\" \/><\/figure>\n<\/figure>\n","protected":false},"excerpt":{"rendered":"<p>C\u00e1mara de Industria de Guatemala (CIG) y la Gremial de L\u00e1cteos y Derivados (GRELAC) celebran hoy el VI Foro Guatemalteco de la Leche y Productos L\u00e1cteos, un espacio clave para fomentar el di\u00e1logo e intercambio entre los sectores p\u00fablico, privado y acad\u00e9mico. Este evento busca promover el consumo de leche y productos l\u00e1cteos, fortalecer la <a class=\"read-more\" href=\"https:\/\/elmetropolitano.com.gt\/es\/cig-y-la-grelac-unen-sectores-para-impulsar-las-industria-lactea\/\">Leer m\u00e1s<\/a><\/p>\n","protected":false},"author":1,"featured_media":103967,"comment_status":"open","ping_status":"closed","sticky":false,"template":"","format":"standard","meta":{"footnotes":""},"categories":[21],"tags":[20],"class_list":["post-103966","post","type-post","status-publish","format-standard","has-post-thumbnail","hentry","category-economia","tag-economia"],"_links":{"self":[{"href":"https:\/\/elmetropolitano.com.gt\/es\/wp-json\/wp\/v2\/posts\/103966","targetHints":{"allow":["GET"]}}],"collection":[{"href":"https:\/\/elmetropolitano.com.gt\/es\/wp-json\/wp\/v2\/posts"}],"about":[{"href":"https:\/\/elmetropolitano.com.gt\/es\/wp-json\/wp\/v2\/types\/post"}],"author":[{"embeddable":true,"href":"https:\/\/elmetropolitano.com.gt\/es\/wp-json\/wp\/v2\/users\/1"}],"replies":[{"embeddable":true,"href":"https:\/\/elmetropolitano.com.gt\/es\/wp-json\/wp\/v2\/comments?post=103966"}],"version-history":[{"count":1,"href":"https:\/\/elmetropolitano.com.gt\/es\/wp-json\/wp\/v2\/posts\/103966\/revisions"}],"predecessor-version":[{"id":103975,"href":"https:\/\/elmetropolitano.com.gt\/es\/wp-json\/wp\/v2\/posts\/103966\/revisions\/103975"}],"wp:featuredmedia":[{"embeddable":true,"href":"https:\/\/elmetropolitano.com.gt\/es\/wp-json\/wp\/v2\/media\/103967"}],"wp:attachment":[{"href":"https:\/\/elmetropolitano.com.gt\/es\/wp-json\/wp\/v2\/media?parent=103966"}],"wp:term":[{"taxonomy":"category","embeddable":true,"href":"https:\/\/elmetropolitano.com.gt\/es\/wp-json\/wp\/v2\/categories?post=103966"},{"taxonomy":"post_tag","embeddable":true,"href":"https:\/\/elmetropolitano.com.gt\/es\/wp-json\/wp\/v2\/tags?post=103966"}],"curies":[{"name":"wp","href":"https:\/\/api.w.org\/{rel}","templated":true}]}}