{"id":104159,"date":"2025-06-01T19:15:02","date_gmt":"2025-06-02T01:15:02","guid":{"rendered":"https:\/\/elmetropolitano.com.gt\/es\/?p=104159"},"modified":"2025-06-01T19:15:03","modified_gmt":"2025-06-02T01:15:03","slug":"san-juan-sacatepequez-se-viste-de-colores-con-su-primer-festival-de-flores","status":"publish","type":"post","link":"https:\/\/elmetropolitano.com.gt\/es\/san-juan-sacatepequez-se-viste-de-colores-con-su-primer-festival-de-flores\/","title":{"rendered":"San Juan Sacatep\u00e9quez se viste de colores con su Primer Festival de Flores"},"content":{"rendered":"\n<p><a><\/a>Con gran entusiasmo, el municipio de San Juan Sacatep\u00e9quez, Guatemala se viste de colores al abrir sus puertas del Primer Festival de las Flores, un evento \u00fanico que re\u00fane unos 20 productores de flores y emprendedores que van exhibir lo mejor de su trabajo.<\/p>\n\n\n\n<p>Este festival no solo destaca la riqueza floral de la regi\u00f3n, sino que tambi\u00e9n impulsa la econom\u00eda local y la proyecci\u00f3n internacional de sus productos. En el municipio la industria de las flores genera cientos de empleos directos e indirectos en una comunidad que est\u00e1 a 37 kil\u00f3metros de la capital.<\/p><div class=\"elmet-contenido\" id=\"elmet-3987082783\"><div class=\"elmet-adlabel\">Anuncios<\/div><div style=\"margin-top: 20px;margin-right: 20px;margin-bottom: 20px;margin-left: 20px;\" id=\"elmet-3837016918\"><a href=\"https:\/\/www.facebook.com\/arrincuanantigua\/\" aria-label=\"cintillo-arrin-cual\"><img loading=\"lazy\" decoding=\"async\" src=\"https:\/\/elmetropolitano.com.gt\/es\/wp-content\/uploads\/2021\/11\/cintillo-arrin-cual-1.jpg\" alt=\"\"  srcset=\"https:\/\/elmetropolitano.com.gt\/es\/wp-content\/uploads\/2021\/11\/cintillo-arrin-cual-1.jpg 750w, https:\/\/elmetropolitano.com.gt\/es\/wp-content\/uploads\/2021\/11\/cintillo-arrin-cual-1-300x36.jpg 300w, https:\/\/elmetropolitano.com.gt\/es\/wp-content\/uploads\/2021\/11\/cintillo-arrin-cual-1-600x72.jpg 600w\" sizes=\"(max-width: 750px) 100vw, 750px\" width=\"750\" height=\"90\"   \/><\/a><\/div><\/div>\n\n\n\n<p>La actividad es presidida por el alcalde, Juan Carlos Pellecer que se desarrolla en el coraz\u00f3n de San Juan Sacatep\u00e9quez con actividades culturales. \u201cEsta es una iniciativa que busca fortalecer el v\u00ednculo entre los productores y el p\u00fablico, ofrecemos un espacio para la apreciaci\u00f3n de la belleza natural\u201d, resalta el jefe edilicio qui\u00e9n es acompa\u00f1ado por el Consejo Municipal.<\/p>\n\n\n\n<p>El evento es un motor de desarrollo econ\u00f3mico que genera empleo directo e indirecto y consolida la presencia de productos en mercados internacionales. \u00abEl festival es una oportunidad para mostrar el esfuerzo y la dedicaci\u00f3n de nuestros productores, quienes han convertido a San Juan Sacatep\u00e9quez en un referente en la producci\u00f3n de flores\u00bb, asegura el jefe edilicio Juan Carlos Pellecer.<\/p>\n\n\n\n<p>El Primer Festival de las Flores promete una experiencia sensorial inolvidable, con exposiciones florales, catas de vino y una agenda cultural que incluir\u00e1 m\u00fasica, gastronom\u00eda y actividades interactivas para toda la familia. San Juan Sacatep\u00e9quez es conocido por su producci\u00f3n agr\u00edcola y artesanal.<\/p>\n\n\n\n<p>\u2022 Floricultura: Es una de las actividades m\u00e1s importantes del municipio, con una gran variedad de flores que se comercializan a nivel nacional e internacional.<\/p>\n\n\n\n<p>\u2022 Hortalizas: Cultivos como arveja china, arveja dulce y ejote franc\u00e9s son fundamentales para la econom\u00eda local.<\/p>\n\n\n\n<p>\u2022 Muebles: La fabricaci\u00f3n de muebles de sala es una actividad destacada en la regi\u00f3n.<\/p>\n\n\n\n<p>\u2022 Textiles y artesan\u00edas: Se producen tejidos tradicionales y otros productos artesanales.<\/p>\n\n\n\n<p>\u2022 Pirotecnia: Aunque en menor escala, tambi\u00e9n se fabrican productos pirot\u00e9cnicos.<\/p>\n\n\n\n<p>\u2022 Vinos artesanales: Algunos emprendedores han incursionado en la producci\u00f3n de vinos, complementando la oferta del municipio.<\/p>\n\n\n\n<p>La econom\u00eda de San Juan Sacatep\u00e9quez se beneficia de la venta de madera, la fabricaci\u00f3n de tejas y ladrillos, y el comercio de diversos art\u00edculos. Visita este municipio que esta lleno de la riqueza natural al norte de la capital guatemalteca.<\/p>\n\n\n\n<p><a href=\"https:\/\/www.facebook.com\/hashtag\/munisanjuansac?__eep__=6&amp;__cft__[0]=AZWT6sBTQdjZD2uYHOpPOZO27e2m3TPnqb71HYGI58IzOqsYWVoYUUKQ8Y0e8iFEk7rj1Zc__lHIEULS0fJ5BLbfiJyjy3r0eB6jJcoEOE-8WK0n5qQBASHrM7expztCenW9BWX5-9GVbFLzip7CQK5XeLBa5FoE5hQ91PsVXGrxYh9oR9psemg5Ejrj-GFwQpsS7LHr2Bq0-VUleD7D4yG1&amp;__tn__=*NK-R\">#munisanjuansac<\/a><a href=\"https:\/\/www.facebook.com\/hashtag\/tierradelasflores?__eep__=6&amp;__cft__[0]=AZWT6sBTQdjZD2uYHOpPOZO27e2m3TPnqb71HYGI58IzOqsYWVoYUUKQ8Y0e8iFEk7rj1Zc__lHIEULS0fJ5BLbfiJyjy3r0eB6jJcoEOE-8WK0n5qQBASHrM7expztCenW9BWX5-9GVbFLzip7CQK5XeLBa5FoE5hQ91PsVXGrxYh9oR9psemg5Ejrj-GFwQpsS7LHr2Bq0-VUleD7D4yG1&amp;__tn__=*NK-R\">#tierradelasflores<\/a><\/p>\n\n\n\n<figure class=\"wp-block-gallery has-nested-images columns-default is-cropped wp-block-gallery-1 is-layout-flex wp-block-gallery-is-layout-flex\">\n<figure class=\"wp-block-image size-large\"><img loading=\"lazy\" decoding=\"async\" width=\"1024\" height=\"768\" data-id=\"104161\" src=\"https:\/\/elmetropolitano.com.gt\/es\/wp-content\/uploads\/2025\/06\/503100048_1236643168461764_4906651235300236816_n-1024x768.jpg\" alt=\"\" class=\"wp-image-104161\" srcset=\"https:\/\/elmetropolitano.com.gt\/es\/wp-content\/uploads\/2025\/06\/503100048_1236643168461764_4906651235300236816_n-1024x768.jpg 1024w, https:\/\/elmetropolitano.com.gt\/es\/wp-content\/uploads\/2025\/06\/503100048_1236643168461764_4906651235300236816_n-300x225.jpg 300w, https:\/\/elmetropolitano.com.gt\/es\/wp-content\/uploads\/2025\/06\/503100048_1236643168461764_4906651235300236816_n-768x576.jpg 768w, https:\/\/elmetropolitano.com.gt\/es\/wp-content\/uploads\/2025\/06\/503100048_1236643168461764_4906651235300236816_n.jpg 1280w\" sizes=\"auto, (max-width: 1024px) 100vw, 1024px\" \/><\/figure>\n\n\n\n<figure class=\"wp-block-image size-large\"><img loading=\"lazy\" decoding=\"async\" width=\"768\" height=\"1024\" data-id=\"104167\" src=\"https:\/\/elmetropolitano.com.gt\/es\/wp-content\/uploads\/2025\/06\/503264941_1236643135128434_5792901638538216872_n-768x1024.jpg\" alt=\"\" class=\"wp-image-104167\" srcset=\"https:\/\/elmetropolitano.com.gt\/es\/wp-content\/uploads\/2025\/06\/503264941_1236643135128434_5792901638538216872_n-768x1024.jpg 768w, https:\/\/elmetropolitano.com.gt\/es\/wp-content\/uploads\/2025\/06\/503264941_1236643135128434_5792901638538216872_n-225x300.jpg 225w, https:\/\/elmetropolitano.com.gt\/es\/wp-content\/uploads\/2025\/06\/503264941_1236643135128434_5792901638538216872_n-1152x1536.jpg 1152w, https:\/\/elmetropolitano.com.gt\/es\/wp-content\/uploads\/2025\/06\/503264941_1236643135128434_5792901638538216872_n.jpg 1200w\" sizes=\"auto, (max-width: 768px) 100vw, 768px\" \/><\/figure>\n\n\n\n<figure class=\"wp-block-image size-large\"><img loading=\"lazy\" decoding=\"async\" width=\"1024\" height=\"768\" data-id=\"104162\" src=\"https:\/\/elmetropolitano.com.gt\/es\/wp-content\/uploads\/2025\/06\/503268917_1236643181795096_867795084282481520_n-1-1024x768.jpg\" alt=\"\" class=\"wp-image-104162\" srcset=\"https:\/\/elmetropolitano.com.gt\/es\/wp-content\/uploads\/2025\/06\/503268917_1236643181795096_867795084282481520_n-1-1024x768.jpg 1024w, https:\/\/elmetropolitano.com.gt\/es\/wp-content\/uploads\/2025\/06\/503268917_1236643181795096_867795084282481520_n-1-300x225.jpg 300w, https:\/\/elmetropolitano.com.gt\/es\/wp-content\/uploads\/2025\/06\/503268917_1236643181795096_867795084282481520_n-1-768x576.jpg 768w, https:\/\/elmetropolitano.com.gt\/es\/wp-content\/uploads\/2025\/06\/503268917_1236643181795096_867795084282481520_n-1-1536x1152.jpg 1536w, https:\/\/elmetropolitano.com.gt\/es\/wp-content\/uploads\/2025\/06\/503268917_1236643181795096_867795084282481520_n-1.jpg 1600w\" sizes=\"auto, (max-width: 1024px) 100vw, 1024px\" \/><\/figure>\n\n\n\n<figure class=\"wp-block-image size-large\"><img loading=\"lazy\" decoding=\"async\" width=\"768\" height=\"1024\" data-id=\"104166\" src=\"https:\/\/elmetropolitano.com.gt\/es\/wp-content\/uploads\/2025\/06\/503285110_1236642798461801_1132958907101600628_n-768x1024.jpg\" alt=\"\" class=\"wp-image-104166\" srcset=\"https:\/\/elmetropolitano.com.gt\/es\/wp-content\/uploads\/2025\/06\/503285110_1236642798461801_1132958907101600628_n-768x1024.jpg 768w, https:\/\/elmetropolitano.com.gt\/es\/wp-content\/uploads\/2025\/06\/503285110_1236642798461801_1132958907101600628_n-225x300.jpg 225w, https:\/\/elmetropolitano.com.gt\/es\/wp-content\/uploads\/2025\/06\/503285110_1236642798461801_1132958907101600628_n-1152x1536.jpg 1152w, https:\/\/elmetropolitano.com.gt\/es\/wp-content\/uploads\/2025\/06\/503285110_1236642798461801_1132958907101600628_n.jpg 1200w\" sizes=\"auto, (max-width: 768px) 100vw, 768px\" \/><\/figure>\n\n\n\n<figure class=\"wp-block-image size-large\"><img loading=\"lazy\" decoding=\"async\" width=\"732\" height=\"1024\" data-id=\"104165\" src=\"https:\/\/elmetropolitano.com.gt\/es\/wp-content\/uploads\/2025\/06\/503323488_1236643148461766_3309798765402186113_n-732x1024.jpg\" alt=\"\" class=\"wp-image-104165\" srcset=\"https:\/\/elmetropolitano.com.gt\/es\/wp-content\/uploads\/2025\/06\/503323488_1236643148461766_3309798765402186113_n-732x1024.jpg 732w, https:\/\/elmetropolitano.com.gt\/es\/wp-content\/uploads\/2025\/06\/503323488_1236643148461766_3309798765402186113_n-214x300.jpg 214w, https:\/\/elmetropolitano.com.gt\/es\/wp-content\/uploads\/2025\/06\/503323488_1236643148461766_3309798765402186113_n-768x1075.jpg 768w, https:\/\/elmetropolitano.com.gt\/es\/wp-content\/uploads\/2025\/06\/503323488_1236643148461766_3309798765402186113_n-1097x1536.jpg 1097w, https:\/\/elmetropolitano.com.gt\/es\/wp-content\/uploads\/2025\/06\/503323488_1236643148461766_3309798765402186113_n.jpg 1463w\" sizes=\"auto, (max-width: 732px) 100vw, 732px\" \/><\/figure>\n\n\n\n<figure class=\"wp-block-image size-large\"><img loading=\"lazy\" decoding=\"async\" width=\"1024\" height=\"768\" data-id=\"104164\" src=\"https:\/\/elmetropolitano.com.gt\/es\/wp-content\/uploads\/2025\/06\/503415515_1236643175128430_7401679149772708160_n-1024x768.jpg\" alt=\"\" class=\"wp-image-104164\" srcset=\"https:\/\/elmetropolitano.com.gt\/es\/wp-content\/uploads\/2025\/06\/503415515_1236643175128430_7401679149772708160_n-1024x768.jpg 1024w, https:\/\/elmetropolitano.com.gt\/es\/wp-content\/uploads\/2025\/06\/503415515_1236643175128430_7401679149772708160_n-300x225.jpg 300w, https:\/\/elmetropolitano.com.gt\/es\/wp-content\/uploads\/2025\/06\/503415515_1236643175128430_7401679149772708160_n-768x576.jpg 768w, https:\/\/elmetropolitano.com.gt\/es\/wp-content\/uploads\/2025\/06\/503415515_1236643175128430_7401679149772708160_n-1536x1152.jpg 1536w, https:\/\/elmetropolitano.com.gt\/es\/wp-content\/uploads\/2025\/06\/503415515_1236643175128430_7401679149772708160_n.jpg 1600w\" sizes=\"auto, (max-width: 1024px) 100vw, 1024px\" \/><\/figure>\n\n\n\n<figure class=\"wp-block-image size-large\"><img loading=\"lazy\" decoding=\"async\" width=\"1024\" height=\"768\" data-id=\"104163\" src=\"https:\/\/elmetropolitano.com.gt\/es\/wp-content\/uploads\/2025\/06\/503480069_1236642801795134_5066855084875471139_n-1024x768.jpg\" alt=\"\" class=\"wp-image-104163\" srcset=\"https:\/\/elmetropolitano.com.gt\/es\/wp-content\/uploads\/2025\/06\/503480069_1236642801795134_5066855084875471139_n-1024x768.jpg 1024w, https:\/\/elmetropolitano.com.gt\/es\/wp-content\/uploads\/2025\/06\/503480069_1236642801795134_5066855084875471139_n-300x225.jpg 300w, https:\/\/elmetropolitano.com.gt\/es\/wp-content\/uploads\/2025\/06\/503480069_1236642801795134_5066855084875471139_n-768x576.jpg 768w, https:\/\/elmetropolitano.com.gt\/es\/wp-content\/uploads\/2025\/06\/503480069_1236642801795134_5066855084875471139_n-1536x1152.jpg 1536w, https:\/\/elmetropolitano.com.gt\/es\/wp-content\/uploads\/2025\/06\/503480069_1236642801795134_5066855084875471139_n.jpg 1600w\" sizes=\"auto, (max-width: 1024px) 100vw, 1024px\" \/><\/figure>\n<\/figure>\n","protected":false},"excerpt":{"rendered":"<p>Con gran entusiasmo, el municipio de San Juan Sacatep\u00e9quez, Guatemala se viste de colores al abrir sus puertas del Primer Festival de las Flores, un evento \u00fanico que re\u00fane unos 20 productores de flores y emprendedores que van exhibir lo mejor de su trabajo. Este festival no solo destaca la riqueza floral de la regi\u00f3n, <a class=\"read-more\" href=\"https:\/\/elmetropolitano.com.gt\/es\/san-juan-sacatepequez-se-viste-de-colores-con-su-primer-festival-de-flores\/\">Leer m\u00e1s<\/a><\/p>\n","protected":false},"author":1,"featured_media":104160,"comment_status":"open","ping_status":"closed","sticky":false,"template":"","format":"standard","meta":{"footnotes":""},"categories":[119],"tags":[120],"class_list":["post-104159","post","type-post","status-publish","format-standard","has-post-thumbnail","hentry","category-municipales","tag-municipales"],"_links":{"self":[{"href":"https:\/\/elmetropolitano.com.gt\/es\/wp-json\/wp\/v2\/posts\/104159","targetHints":{"allow":["GET"]}}],"collection":[{"href":"https:\/\/elmetropolitano.com.gt\/es\/wp-json\/wp\/v2\/posts"}],"about":[{"href":"https:\/\/elmetropolitano.com.gt\/es\/wp-json\/wp\/v2\/types\/post"}],"author":[{"embeddable":true,"href":"https:\/\/elmetropolitano.com.gt\/es\/wp-json\/wp\/v2\/users\/1"}],"replies":[{"embeddable":true,"href":"https:\/\/elmetropolitano.com.gt\/es\/wp-json\/wp\/v2\/comments?post=104159"}],"version-history":[{"count":1,"href":"https:\/\/elmetropolitano.com.gt\/es\/wp-json\/wp\/v2\/posts\/104159\/revisions"}],"predecessor-version":[{"id":104168,"href":"https:\/\/elmetropolitano.com.gt\/es\/wp-json\/wp\/v2\/posts\/104159\/revisions\/104168"}],"wp:featuredmedia":[{"embeddable":true,"href":"https:\/\/elmetropolitano.com.gt\/es\/wp-json\/wp\/v2\/media\/104160"}],"wp:attachment":[{"href":"https:\/\/elmetropolitano.com.gt\/es\/wp-json\/wp\/v2\/media?parent=104159"}],"wp:term":[{"taxonomy":"category","embeddable":true,"href":"https:\/\/elmetropolitano.com.gt\/es\/wp-json\/wp\/v2\/categories?post=104159"},{"taxonomy":"post_tag","embeddable":true,"href":"https:\/\/elmetropolitano.com.gt\/es\/wp-json\/wp\/v2\/tags?post=104159"}],"curies":[{"name":"wp","href":"https:\/\/api.w.org\/{rel}","templated":true}]}}