{"id":104460,"date":"2025-06-05T19:42:47","date_gmt":"2025-06-06T01:42:47","guid":{"rendered":"https:\/\/elmetropolitano.com.gt\/es\/?p=104460"},"modified":"2025-06-05T19:42:48","modified_gmt":"2025-06-06T01:42:48","slug":"sorpresa-en-la-bicolor-nathaniel-mendez-laing-fuera-de-la-copa-de-oro-2025","status":"publish","type":"post","link":"https:\/\/elmetropolitano.com.gt\/es\/sorpresa-en-la-bicolor-nathaniel-mendez-laing-fuera-de-la-copa-de-oro-2025\/","title":{"rendered":"\u00a1Sorpresa en la Bicolor! Nathaniel M\u00e9ndez Laing fuera de la Copa de Oro 2025"},"content":{"rendered":"\n<p>La espera termin\u00f3 la Federaci\u00f3n de Futbol de Guatemala (Fedefut) oficializ\u00f3 la convocatoria para la Copa Oro 2025, el torneo m\u00e1s importante de selecciones de Concacaf.<\/p>\n\n\n\n<p>Con el objetivo de competir de t\u00fa a t\u00fa con los gigantes del \u00e1rea, el t\u00e9cnico Luis Fernando Tena apost\u00f3 por una mezcla de juventud, experiencia y caras nuevas que ilusionan a la afici\u00f3n chapina.<\/p><div class=\"elmet-contenido\" id=\"elmet-2378765226\"><div class=\"elmet-adlabel\">Anuncios<\/div><div style=\"margin-top: 20px;margin-right: 20px;margin-bottom: 20px;margin-left: 20px;\" id=\"elmet-621611514\"><a href=\"https:\/\/www.facebook.com\/arrincuanantigua\/\" aria-label=\"cintillo-arrin-cual\"><img loading=\"lazy\" decoding=\"async\" src=\"https:\/\/elmetropolitano.com.gt\/es\/wp-content\/uploads\/2021\/11\/cintillo-arrin-cual-1.jpg\" alt=\"\"  srcset=\"https:\/\/elmetropolitano.com.gt\/es\/wp-content\/uploads\/2021\/11\/cintillo-arrin-cual-1.jpg 750w, https:\/\/elmetropolitano.com.gt\/es\/wp-content\/uploads\/2021\/11\/cintillo-arrin-cual-1-300x36.jpg 300w, https:\/\/elmetropolitano.com.gt\/es\/wp-content\/uploads\/2021\/11\/cintillo-arrin-cual-1-600x72.jpg 600w\" sizes=\"(max-width: 750px) 100vw, 750px\" width=\"750\" height=\"90\"   \/><\/a><\/div><\/div>\n\n\n\n<p>Convocatoria de Guatemala para la Copa Oro 2025<\/p>\n\n\n\n<p>La gran sorpresa es la ausencia de Nathaniel M\u00e9ndez-Laing, el atacante del MK Dons no formar\u00e1 parte del plantel. La Fedefut no revel\u00f3 el motivo, pero su baja representa una noticia inesperada, ya que ven\u00eda siendo uno de los referentes ofensivos del combinado nacional y si disputar\u00e1 los partidos de eliminatoria mundialista ante Rep\u00fablica Dominicana y Jamaica.<\/p>\n\n\n\n<p>La lista qued\u00f3 de la siguiente forma:<\/p>\n\n\n\n<p>\uf0a7 Nicholas Hagen<\/p>\n\n\n\n<p>\uf0a7 Kenderson Navarro<\/p>\n\n\n\n<p>\uf0a7 Luis Mor\u00e1n<\/p>\n\n\n\n<p>\uf0a7 Jos\u00e9 Ard\u00f3n<\/p>\n\n\n\n<p>\uf0a7 Nicol\u00e1s Samayoa<\/p>\n\n\n\n<p>\uf0a7 Jos\u00e9 Pinto<\/p>\n\n\n\n<p>\uf0a7 Jos\u00e9 Rosales<\/p>\n\n\n\n<p>\uf0a7 Erick Lemus<\/p>\n\n\n\n<p>\uf0a7 Aar\u00f3n Herrera<\/p>\n\n\n\n<p>\uf0a7 Rodrigo Saravia<\/p>\n\n\n\n<p>\uf0a7 Rubio Rub\u00edn<\/p>\n\n\n\n<p>\uf0a7 Pedro Alt\u00e1n<\/p>\n\n\n\n<p>\uf0a7 Rudy Mu\u00f1oz<\/p>\n\n\n\n<p>\uf0a7 Stheven Robles<\/p>\n\n\n\n<p>\uf0a7 Darwin Lom<\/p>\n\n\n\n<p>\uf0a7 Dami\u00e1n Rivera<\/p>\n\n\n\n<p>\uf0a7 Jos\u00e9 Morales<\/p>\n\n\n\n<p>\uf0a7 \u00d3scar Castellanos<\/p>\n\n\n\n<p>\uf0a7 \u00d3scar Santis<\/p>\n\n\n\n<p>\uf0a7 Arqu\u00edmidez Ord\u00f3\u00f1ez<\/p>\n\n\n\n<p>\uf0a7 Olger Escobar<\/p>\n\n\n\n<p>\uf0a7 Jonathan Franco<\/p>\n\n\n\n<p>\uf0a7 Elmer Cardoza<\/p>\n\n\n\n<p>\uf0a7 Carlos Aguilar<\/p>\n\n\n\n<p>\uf0a7 Kevin Ram\u00edrez<\/p>\n\n\n\n<p>\uf0a7 Matthew Evans<\/p>\n\n\n\n<p>\uf0a7<\/p>\n\n\n\n<p>Director T\u00e9cnico: Luis Fernando Tena<\/p>\n\n\n\n<p>A los nuestros les tocar\u00e1 bailar en el grupo C ante<\/p>\n\n\n\n<p>\uf0a7 Panam\u00e1<\/p>\n\n\n\n<p>\uf0a7 Jamaica<\/p>\n\n\n\n<p>\uf0a7 Guadalupe<\/p>\n\n\n\n<p>\uf0a7 Guatemala<\/p>\n\n\n\n<p>Texto Josu\u00e9 David Acevedo Rivas<\/p>\n\n\n\n<p>#selecci\u00f3n #copadeoro2025 #metroredes www.elmetropolitano.com.gt www.metroredes.com www.elescuintleco.com<\/p>\n\n\n\n<figure class=\"wp-block-gallery has-nested-images columns-default is-cropped wp-block-gallery-1 is-layout-flex wp-block-gallery-is-layout-flex\">\n<figure class=\"wp-block-image size-large\"><img loading=\"lazy\" decoding=\"async\" width=\"1024\" height=\"512\" data-id=\"104464\" src=\"https:\/\/elmetropolitano.com.gt\/es\/wp-content\/uploads\/2025\/06\/Captura-de-pantalla-2023-06-28-161154-1140x570-2-1024x512.png\" alt=\"\" class=\"wp-image-104464\" srcset=\"https:\/\/elmetropolitano.com.gt\/es\/wp-content\/uploads\/2025\/06\/Captura-de-pantalla-2023-06-28-161154-1140x570-2-1024x512.png 1024w, https:\/\/elmetropolitano.com.gt\/es\/wp-content\/uploads\/2025\/06\/Captura-de-pantalla-2023-06-28-161154-1140x570-2-300x150.png 300w, https:\/\/elmetropolitano.com.gt\/es\/wp-content\/uploads\/2025\/06\/Captura-de-pantalla-2023-06-28-161154-1140x570-2-768x384.png 768w, https:\/\/elmetropolitano.com.gt\/es\/wp-content\/uploads\/2025\/06\/Captura-de-pantalla-2023-06-28-161154-1140x570-2.png 1140w\" sizes=\"auto, (max-width: 1024px) 100vw, 1024px\" \/><\/figure>\n\n\n\n<figure class=\"wp-block-image size-large\"><img loading=\"lazy\" decoding=\"async\" width=\"750\" height=\"375\" data-id=\"104463\" src=\"https:\/\/elmetropolitano.com.gt\/es\/wp-content\/uploads\/2025\/06\/Captura-de-pantalla-2025-04-11-140627-750x375-1.png\" alt=\"\" class=\"wp-image-104463\" srcset=\"https:\/\/elmetropolitano.com.gt\/es\/wp-content\/uploads\/2025\/06\/Captura-de-pantalla-2025-04-11-140627-750x375-1.png 750w, https:\/\/elmetropolitano.com.gt\/es\/wp-content\/uploads\/2025\/06\/Captura-de-pantalla-2025-04-11-140627-750x375-1-300x150.png 300w\" sizes=\"auto, (max-width: 750px) 100vw, 750px\" \/><\/figure>\n\n\n\n<figure class=\"wp-block-image size-large\"><img loading=\"lazy\" decoding=\"async\" width=\"712\" height=\"900\" data-id=\"104462\" src=\"https:\/\/elmetropolitano.com.gt\/es\/wp-content\/uploads\/2025\/06\/Gst_ERHWwAE0289.jpeg\" alt=\"\" class=\"wp-image-104462\" srcset=\"https:\/\/elmetropolitano.com.gt\/es\/wp-content\/uploads\/2025\/06\/Gst_ERHWwAE0289.jpeg 712w, https:\/\/elmetropolitano.com.gt\/es\/wp-content\/uploads\/2025\/06\/Gst_ERHWwAE0289-237x300.jpeg 237w\" sizes=\"auto, (max-width: 712px) 100vw, 712px\" \/><\/figure>\n<\/figure>\n","protected":false},"excerpt":{"rendered":"<p>La espera termin\u00f3 la Federaci\u00f3n de Futbol de Guatemala (Fedefut) oficializ\u00f3 la convocatoria para la Copa Oro 2025, el torneo m\u00e1s importante de selecciones de Concacaf. Con el objetivo de competir de t\u00fa a t\u00fa con los gigantes del \u00e1rea, el t\u00e9cnico Luis Fernando Tena apost\u00f3 por una mezcla de juventud, experiencia y caras nuevas <a class=\"read-more\" href=\"https:\/\/elmetropolitano.com.gt\/es\/sorpresa-en-la-bicolor-nathaniel-mendez-laing-fuera-de-la-copa-de-oro-2025\/\">Leer m\u00e1s<\/a><\/p>\n","protected":false},"author":1,"featured_media":104461,"comment_status":"open","ping_status":"closed","sticky":false,"template":"","format":"standard","meta":{"footnotes":""},"categories":[43],"tags":[44],"class_list":["post-104460","post","type-post","status-publish","format-standard","has-post-thumbnail","hentry","category-deportes","tag-deportes"],"_links":{"self":[{"href":"https:\/\/elmetropolitano.com.gt\/es\/wp-json\/wp\/v2\/posts\/104460","targetHints":{"allow":["GET"]}}],"collection":[{"href":"https:\/\/elmetropolitano.com.gt\/es\/wp-json\/wp\/v2\/posts"}],"about":[{"href":"https:\/\/elmetropolitano.com.gt\/es\/wp-json\/wp\/v2\/types\/post"}],"author":[{"embeddable":true,"href":"https:\/\/elmetropolitano.com.gt\/es\/wp-json\/wp\/v2\/users\/1"}],"replies":[{"embeddable":true,"href":"https:\/\/elmetropolitano.com.gt\/es\/wp-json\/wp\/v2\/comments?post=104460"}],"version-history":[{"count":1,"href":"https:\/\/elmetropolitano.com.gt\/es\/wp-json\/wp\/v2\/posts\/104460\/revisions"}],"predecessor-version":[{"id":104465,"href":"https:\/\/elmetropolitano.com.gt\/es\/wp-json\/wp\/v2\/posts\/104460\/revisions\/104465"}],"wp:featuredmedia":[{"embeddable":true,"href":"https:\/\/elmetropolitano.com.gt\/es\/wp-json\/wp\/v2\/media\/104461"}],"wp:attachment":[{"href":"https:\/\/elmetropolitano.com.gt\/es\/wp-json\/wp\/v2\/media?parent=104460"}],"wp:term":[{"taxonomy":"category","embeddable":true,"href":"https:\/\/elmetropolitano.com.gt\/es\/wp-json\/wp\/v2\/categories?post=104460"},{"taxonomy":"post_tag","embeddable":true,"href":"https:\/\/elmetropolitano.com.gt\/es\/wp-json\/wp\/v2\/tags?post=104460"}],"curies":[{"name":"wp","href":"https:\/\/api.w.org\/{rel}","templated":true}]}}