{"id":104581,"date":"2025-06-06T14:04:57","date_gmt":"2025-06-06T20:04:57","guid":{"rendered":"https:\/\/elmetropolitano.com.gt\/es\/?p=104581"},"modified":"2025-06-06T14:04:57","modified_gmt":"2025-06-06T20:04:57","slug":"ciclistas-guatemaltecos-en-campamento-de-alto-nivel-en-lima-peru","status":"publish","type":"post","link":"https:\/\/elmetropolitano.com.gt\/es\/ciclistas-guatemaltecos-en-campamento-de-alto-nivel-en-lima-peru\/","title":{"rendered":"Ciclistas guatemaltecos en campamento de alto nivel en Lima, Per\u00fa"},"content":{"rendered":"\n<p>Siguen las buenas noticias para el ciclismo guatemalteco, 2 atletas recibieron la invitaci\u00f3n de la Uni\u00f3n Ciclista Internacional para participar de un campamento de alto nivel en el Centro Continental Sat\u00e9lite de la UCI en Lima, Per\u00fa.&nbsp;<\/p>\n\n\n\n<p>Se trata de los atletas, Kevin Rojas originario de El Pet\u00e9n e integrante del equipo, Red Hook Guatemala y Hannia Puac, originaria de la cabecera Departamental de Solol\u00e1 e integrante de las Asociaci\u00f3n de Solol\u00e1-INTERCOP-Hospital Nueva Esperanza.<\/p><div class=\"elmet-contenido\" id=\"elmet-1472661487\"><div class=\"elmet-adlabel\">Anuncios<\/div><div style=\"margin-top: 20px;margin-right: 20px;margin-bottom: 20px;margin-left: 20px;\" id=\"elmet-570124050\"><a href=\"https:\/\/www.facebook.com\/arrincuanantigua\/\" aria-label=\"cintillo-arrin-cual\"><img loading=\"lazy\" decoding=\"async\" src=\"https:\/\/elmetropolitano.com.gt\/es\/wp-content\/uploads\/2021\/11\/cintillo-arrin-cual-1.jpg\" alt=\"\"  srcset=\"https:\/\/elmetropolitano.com.gt\/es\/wp-content\/uploads\/2021\/11\/cintillo-arrin-cual-1.jpg 750w, https:\/\/elmetropolitano.com.gt\/es\/wp-content\/uploads\/2021\/11\/cintillo-arrin-cual-1-300x36.jpg 300w, https:\/\/elmetropolitano.com.gt\/es\/wp-content\/uploads\/2021\/11\/cintillo-arrin-cual-1-600x72.jpg 600w\" sizes=\"(max-width: 750px) 100vw, 750px\" width=\"750\" height=\"90\"   \/><\/a><\/div><\/div>\n\n\n\n<p>La invitaci\u00f3n se da gracias a los resultados recientes de la corredora Hannia Puac en el pa\u00eds y a nivel internacional, igualmente el seguimiento del atleta Kevin Rojas y sus excelentes resultados en pruebas de pista.<\/p>\n\n\n\n<p>Los atletas viajar\u00e1n el 2 de julio para el campamento que ser\u00e1 del 3 al 6 de julio, posteriormente participar\u00e1n en el Campeonato Panamericano de Pista que se llevar\u00e1 a cabo del 17 al 22 julio 2025, en Lima, Per\u00fa.<\/p>\n\n\n\n<p>#federaciondeciclismo&nbsp; #ciclismo&nbsp; #metroredes&nbsp; <a href=\"http:\/\/www.elmetropolitano.com.gt\">www.elmetropolitano.com.gt<\/a>&nbsp; <a href=\"http:\/\/www.metroredes.com\">www.metroredes.com<\/a>&nbsp; <a href=\"http:\/\/www.elescuintleco.com\">www.elescuintleco.com<\/a>&nbsp;<\/p>\n\n\n\n<figure class=\"wp-block-gallery has-nested-images columns-default is-cropped wp-block-gallery-1 is-layout-flex wp-block-gallery-is-layout-flex\">\n<figure class=\"wp-block-image size-large\"><img loading=\"lazy\" decoding=\"async\" width=\"1024\" height=\"938\" data-id=\"104583\" src=\"https:\/\/elmetropolitano.com.gt\/es\/wp-content\/uploads\/2025\/06\/504747231_1127433152750395_441750581005013321_n-1-1024x938.jpg\" alt=\"\" class=\"wp-image-104583\" srcset=\"https:\/\/elmetropolitano.com.gt\/es\/wp-content\/uploads\/2025\/06\/504747231_1127433152750395_441750581005013321_n-1-1024x938.jpg 1024w, https:\/\/elmetropolitano.com.gt\/es\/wp-content\/uploads\/2025\/06\/504747231_1127433152750395_441750581005013321_n-1-300x275.jpg 300w, https:\/\/elmetropolitano.com.gt\/es\/wp-content\/uploads\/2025\/06\/504747231_1127433152750395_441750581005013321_n-1-768x704.jpg 768w, https:\/\/elmetropolitano.com.gt\/es\/wp-content\/uploads\/2025\/06\/504747231_1127433152750395_441750581005013321_n-1.jpg 1490w\" sizes=\"auto, (max-width: 1024px) 100vw, 1024px\" \/><\/figure>\n\n\n\n<figure class=\"wp-block-image size-large\"><img loading=\"lazy\" decoding=\"async\" width=\"1024\" height=\"535\" data-id=\"104584\" src=\"https:\/\/elmetropolitano.com.gt\/es\/wp-content\/uploads\/2025\/06\/504815459_1127433196083724_4792050758958089991_n-1024x535.jpg\" alt=\"\" class=\"wp-image-104584\" srcset=\"https:\/\/elmetropolitano.com.gt\/es\/wp-content\/uploads\/2025\/06\/504815459_1127433196083724_4792050758958089991_n-1024x535.jpg 1024w, https:\/\/elmetropolitano.com.gt\/es\/wp-content\/uploads\/2025\/06\/504815459_1127433196083724_4792050758958089991_n-300x157.jpg 300w, https:\/\/elmetropolitano.com.gt\/es\/wp-content\/uploads\/2025\/06\/504815459_1127433196083724_4792050758958089991_n-768x401.jpg 768w, https:\/\/elmetropolitano.com.gt\/es\/wp-content\/uploads\/2025\/06\/504815459_1127433196083724_4792050758958089991_n-1536x802.jpg 1536w, https:\/\/elmetropolitano.com.gt\/es\/wp-content\/uploads\/2025\/06\/504815459_1127433196083724_4792050758958089991_n.jpg 2048w\" sizes=\"auto, (max-width: 1024px) 100vw, 1024px\" \/><\/figure>\n<\/figure>\n","protected":false},"excerpt":{"rendered":"<p>Siguen las buenas noticias para el ciclismo guatemalteco, 2 atletas recibieron la invitaci\u00f3n de la Uni\u00f3n Ciclista Internacional para participar de un campamento de alto nivel en el Centro Continental Sat\u00e9lite de la UCI en Lima, Per\u00fa.&nbsp; Se trata de los atletas, Kevin Rojas originario de El Pet\u00e9n e integrante del equipo, Red Hook Guatemala <a class=\"read-more\" href=\"https:\/\/elmetropolitano.com.gt\/es\/ciclistas-guatemaltecos-en-campamento-de-alto-nivel-en-lima-peru\/\">Leer m\u00e1s<\/a><\/p>\n","protected":false},"author":1,"featured_media":104582,"comment_status":"open","ping_status":"closed","sticky":false,"template":"","format":"standard","meta":{"footnotes":""},"categories":[43],"tags":[44],"class_list":["post-104581","post","type-post","status-publish","format-standard","has-post-thumbnail","hentry","category-deportes","tag-deportes"],"_links":{"self":[{"href":"https:\/\/elmetropolitano.com.gt\/es\/wp-json\/wp\/v2\/posts\/104581","targetHints":{"allow":["GET"]}}],"collection":[{"href":"https:\/\/elmetropolitano.com.gt\/es\/wp-json\/wp\/v2\/posts"}],"about":[{"href":"https:\/\/elmetropolitano.com.gt\/es\/wp-json\/wp\/v2\/types\/post"}],"author":[{"embeddable":true,"href":"https:\/\/elmetropolitano.com.gt\/es\/wp-json\/wp\/v2\/users\/1"}],"replies":[{"embeddable":true,"href":"https:\/\/elmetropolitano.com.gt\/es\/wp-json\/wp\/v2\/comments?post=104581"}],"version-history":[{"count":1,"href":"https:\/\/elmetropolitano.com.gt\/es\/wp-json\/wp\/v2\/posts\/104581\/revisions"}],"predecessor-version":[{"id":104585,"href":"https:\/\/elmetropolitano.com.gt\/es\/wp-json\/wp\/v2\/posts\/104581\/revisions\/104585"}],"wp:featuredmedia":[{"embeddable":true,"href":"https:\/\/elmetropolitano.com.gt\/es\/wp-json\/wp\/v2\/media\/104582"}],"wp:attachment":[{"href":"https:\/\/elmetropolitano.com.gt\/es\/wp-json\/wp\/v2\/media?parent=104581"}],"wp:term":[{"taxonomy":"category","embeddable":true,"href":"https:\/\/elmetropolitano.com.gt\/es\/wp-json\/wp\/v2\/categories?post=104581"},{"taxonomy":"post_tag","embeddable":true,"href":"https:\/\/elmetropolitano.com.gt\/es\/wp-json\/wp\/v2\/tags?post=104581"}],"curies":[{"name":"wp","href":"https:\/\/api.w.org\/{rel}","templated":true}]}}