{"id":104679,"date":"2025-06-08T15:21:43","date_gmt":"2025-06-08T21:21:43","guid":{"rendered":"https:\/\/elmetropolitano.com.gt\/es\/?p=104679"},"modified":"2025-06-08T15:21:43","modified_gmt":"2025-06-08T21:21:43","slug":"ligado-a-proceso-penal-distribuidor-de-metanfetamina-en-ayutla-san-marcos","status":"publish","type":"post","link":"https:\/\/elmetropolitano.com.gt\/es\/ligado-a-proceso-penal-distribuidor-de-metanfetamina-en-ayutla-san-marcos\/","title":{"rendered":"Ligado a proceso penal distribuidor de Metanfetamina en Ayutla San Marcos"},"content":{"rendered":"\n<p><a><\/a>La Fiscal\u00eda de Delitos de Narcoactividad logr\u00f3 que, con base en los indicios presentados, Jorge Nolberto Chilel Ch\u00e1vez fuera ligado a proceso penal y enviado a prisi\u00f3n preventiva.<\/p>\n\n\n\n<p>El se\u00f1alado fue aprehendido el 7 de junio de 2025 en una carretera de terracer\u00eda que conduce de la aldea Zanj\u00f3n El Tiesto hacia la aldea El Triunfo, en el municipio de Ayutla, San Marcos, durante un procedimiento policial realizado por personal de la SGAIA, en coordinaci\u00f3n con la Fiscal\u00eda de Delitos de Narcoactividad.<\/p><div class=\"elmet-contenido\" id=\"elmet-2123297358\"><div class=\"elmet-adlabel\">Anuncios<\/div><div style=\"margin-top: 20px;margin-right: 20px;margin-bottom: 20px;margin-left: 20px;\" id=\"elmet-601271873\"><a href=\"https:\/\/www.facebook.com\/arrincuanantigua\/\" aria-label=\"cintillo-arrin-cual\"><img loading=\"lazy\" decoding=\"async\" src=\"https:\/\/elmetropolitano.com.gt\/es\/wp-content\/uploads\/2021\/11\/cintillo-arrin-cual-1.jpg\" alt=\"\"  srcset=\"https:\/\/elmetropolitano.com.gt\/es\/wp-content\/uploads\/2021\/11\/cintillo-arrin-cual-1.jpg 750w, https:\/\/elmetropolitano.com.gt\/es\/wp-content\/uploads\/2021\/11\/cintillo-arrin-cual-1-300x36.jpg 300w, https:\/\/elmetropolitano.com.gt\/es\/wp-content\/uploads\/2021\/11\/cintillo-arrin-cual-1-600x72.jpg 600w\" sizes=\"(max-width: 750px) 100vw, 750px\" width=\"750\" height=\"90\"   \/><\/a><\/div><\/div>\n\n\n\n<p>La aprehensi\u00f3n se produjo luego de que, durante un registro efectuado en el lugar, se le incautaran varias bolsitas con posible metanfetamina. Tras las diligencias correspondientes y un an\u00e1lisis preliminar positivo, se procedi\u00f3 con su detenci\u00f3n y puesta a disposici\u00f3n del \u00f3rgano jurisdiccional competente.<\/p>\n\n\n\n<p><a href=\"https:\/\/www.facebook.com\/hashtag\/mpfuerteyfirme?__eep__=6&amp;__cft__[0]=AZUGFPPCll_uGvq__KKZbHjBmoYY9Btdw37XHCeSm4lZ-q2zXwc6l2IsUHVodSrYb6pJvhE2qvhCC7zvKIg6XMbXn7U-2dRDylVLkjWAQldP_v4rthwmq6FrmXb-s5ZoinKWspEgZE9H6gifcj9rxxorxA_uR2rxkxzGt8W6V0TMAFPnsem5gTPt7eMS6nJO6FpHQDVAw1uF09xDt8jaBp2eDgv7b9VShs7Sa5mfGuGI-w&amp;__tn__=*NK-y-R\">#MPfuerteYfirme<\/a><\/p>\n\n\n\n<figure class=\"wp-block-gallery has-nested-images columns-default is-cropped wp-block-gallery-1 is-layout-flex wp-block-gallery-is-layout-flex\">\n<figure class=\"wp-block-image size-large\"><img loading=\"lazy\" decoding=\"async\" width=\"576\" height=\"1024\" data-id=\"104683\" src=\"https:\/\/elmetropolitano.com.gt\/es\/wp-content\/uploads\/2025\/06\/500547430_122172792470498726_4400975993506903104_n-576x1024.jpg\" alt=\"\" class=\"wp-image-104683\" srcset=\"https:\/\/elmetropolitano.com.gt\/es\/wp-content\/uploads\/2025\/06\/500547430_122172792470498726_4400975993506903104_n-576x1024.jpg 576w, https:\/\/elmetropolitano.com.gt\/es\/wp-content\/uploads\/2025\/06\/500547430_122172792470498726_4400975993506903104_n-169x300.jpg 169w, https:\/\/elmetropolitano.com.gt\/es\/wp-content\/uploads\/2025\/06\/500547430_122172792470498726_4400975993506903104_n-768x1365.jpg 768w, https:\/\/elmetropolitano.com.gt\/es\/wp-content\/uploads\/2025\/06\/500547430_122172792470498726_4400975993506903104_n-864x1536.jpg 864w, https:\/\/elmetropolitano.com.gt\/es\/wp-content\/uploads\/2025\/06\/500547430_122172792470498726_4400975993506903104_n.jpg 900w\" sizes=\"auto, (max-width: 576px) 100vw, 576px\" \/><\/figure>\n\n\n\n<figure class=\"wp-block-image size-large\"><img loading=\"lazy\" decoding=\"async\" width=\"771\" height=\"1024\" data-id=\"104682\" src=\"https:\/\/elmetropolitano.com.gt\/es\/wp-content\/uploads\/2025\/06\/500569509_122172792446498726_3348854255788504966_n-771x1024.jpg\" alt=\"\" class=\"wp-image-104682\" srcset=\"https:\/\/elmetropolitano.com.gt\/es\/wp-content\/uploads\/2025\/06\/500569509_122172792446498726_3348854255788504966_n-771x1024.jpg 771w, https:\/\/elmetropolitano.com.gt\/es\/wp-content\/uploads\/2025\/06\/500569509_122172792446498726_3348854255788504966_n-226x300.jpg 226w, https:\/\/elmetropolitano.com.gt\/es\/wp-content\/uploads\/2025\/06\/500569509_122172792446498726_3348854255788504966_n-768x1021.jpg 768w, https:\/\/elmetropolitano.com.gt\/es\/wp-content\/uploads\/2025\/06\/500569509_122172792446498726_3348854255788504966_n-1156x1536.jpg 1156w, https:\/\/elmetropolitano.com.gt\/es\/wp-content\/uploads\/2025\/06\/500569509_122172792446498726_3348854255788504966_n.jpg 1204w\" sizes=\"auto, (max-width: 771px) 100vw, 771px\" \/><\/figure>\n\n\n\n<figure class=\"wp-block-image size-large\"><img loading=\"lazy\" decoding=\"async\" width=\"1024\" height=\"771\" data-id=\"104684\" src=\"https:\/\/elmetropolitano.com.gt\/es\/wp-content\/uploads\/2025\/06\/502538523_122172792374498726_8514544600682705113_n-1024x771.jpg\" alt=\"\" class=\"wp-image-104684\" srcset=\"https:\/\/elmetropolitano.com.gt\/es\/wp-content\/uploads\/2025\/06\/502538523_122172792374498726_8514544600682705113_n-1024x771.jpg 1024w, https:\/\/elmetropolitano.com.gt\/es\/wp-content\/uploads\/2025\/06\/502538523_122172792374498726_8514544600682705113_n-300x226.jpg 300w, https:\/\/elmetropolitano.com.gt\/es\/wp-content\/uploads\/2025\/06\/502538523_122172792374498726_8514544600682705113_n-768x578.jpg 768w, https:\/\/elmetropolitano.com.gt\/es\/wp-content\/uploads\/2025\/06\/502538523_122172792374498726_8514544600682705113_n.jpg 1500w\" sizes=\"auto, (max-width: 1024px) 100vw, 1024px\" \/><\/figure>\n\n\n\n<figure class=\"wp-block-image size-large\"><img loading=\"lazy\" decoding=\"async\" width=\"771\" height=\"1024\" data-id=\"104681\" src=\"https:\/\/elmetropolitano.com.gt\/es\/wp-content\/uploads\/2025\/06\/502733999_122172792440498726_7076020345174636776_n-771x1024.jpg\" alt=\"\" class=\"wp-image-104681\" srcset=\"https:\/\/elmetropolitano.com.gt\/es\/wp-content\/uploads\/2025\/06\/502733999_122172792440498726_7076020345174636776_n-771x1024.jpg 771w, https:\/\/elmetropolitano.com.gt\/es\/wp-content\/uploads\/2025\/06\/502733999_122172792440498726_7076020345174636776_n-226x300.jpg 226w, https:\/\/elmetropolitano.com.gt\/es\/wp-content\/uploads\/2025\/06\/502733999_122172792440498726_7076020345174636776_n-768x1021.jpg 768w, https:\/\/elmetropolitano.com.gt\/es\/wp-content\/uploads\/2025\/06\/502733999_122172792440498726_7076020345174636776_n-1156x1536.jpg 1156w, https:\/\/elmetropolitano.com.gt\/es\/wp-content\/uploads\/2025\/06\/502733999_122172792440498726_7076020345174636776_n.jpg 1204w\" sizes=\"auto, (max-width: 771px) 100vw, 771px\" \/><\/figure>\n<\/figure>\n","protected":false},"excerpt":{"rendered":"<p>La Fiscal\u00eda de Delitos de Narcoactividad logr\u00f3 que, con base en los indicios presentados, Jorge Nolberto Chilel Ch\u00e1vez fuera ligado a proceso penal y enviado a prisi\u00f3n preventiva. El se\u00f1alado fue aprehendido el 7 de junio de 2025 en una carretera de terracer\u00eda que conduce de la aldea Zanj\u00f3n El Tiesto hacia la aldea El <a class=\"read-more\" href=\"https:\/\/elmetropolitano.com.gt\/es\/ligado-a-proceso-penal-distribuidor-de-metanfetamina-en-ayutla-san-marcos\/\">Leer m\u00e1s<\/a><\/p>\n","protected":false},"author":1,"featured_media":104680,"comment_status":"open","ping_status":"closed","sticky":false,"template":"","format":"standard","meta":{"footnotes":""},"categories":[4],"tags":[13],"class_list":["post-104679","post","type-post","status-publish","format-standard","has-post-thumbnail","hentry","category-departamentales","tag-departamentales"],"_links":{"self":[{"href":"https:\/\/elmetropolitano.com.gt\/es\/wp-json\/wp\/v2\/posts\/104679","targetHints":{"allow":["GET"]}}],"collection":[{"href":"https:\/\/elmetropolitano.com.gt\/es\/wp-json\/wp\/v2\/posts"}],"about":[{"href":"https:\/\/elmetropolitano.com.gt\/es\/wp-json\/wp\/v2\/types\/post"}],"author":[{"embeddable":true,"href":"https:\/\/elmetropolitano.com.gt\/es\/wp-json\/wp\/v2\/users\/1"}],"replies":[{"embeddable":true,"href":"https:\/\/elmetropolitano.com.gt\/es\/wp-json\/wp\/v2\/comments?post=104679"}],"version-history":[{"count":1,"href":"https:\/\/elmetropolitano.com.gt\/es\/wp-json\/wp\/v2\/posts\/104679\/revisions"}],"predecessor-version":[{"id":104685,"href":"https:\/\/elmetropolitano.com.gt\/es\/wp-json\/wp\/v2\/posts\/104679\/revisions\/104685"}],"wp:featuredmedia":[{"embeddable":true,"href":"https:\/\/elmetropolitano.com.gt\/es\/wp-json\/wp\/v2\/media\/104680"}],"wp:attachment":[{"href":"https:\/\/elmetropolitano.com.gt\/es\/wp-json\/wp\/v2\/media?parent=104679"}],"wp:term":[{"taxonomy":"category","embeddable":true,"href":"https:\/\/elmetropolitano.com.gt\/es\/wp-json\/wp\/v2\/categories?post=104679"},{"taxonomy":"post_tag","embeddable":true,"href":"https:\/\/elmetropolitano.com.gt\/es\/wp-json\/wp\/v2\/tags?post=104679"}],"curies":[{"name":"wp","href":"https:\/\/api.w.org\/{rel}","templated":true}]}}