{"id":104699,"date":"2025-06-08T18:31:47","date_gmt":"2025-06-09T00:31:47","guid":{"rendered":"https:\/\/elmetropolitano.com.gt\/es\/?p=104699"},"modified":"2025-06-08T18:31:48","modified_gmt":"2025-06-09T00:31:48","slug":"tres-muertos-en-enfrentamiento-armado-entre-narcos-y-autoridades-en-frontera-mexico-guatemala","status":"publish","type":"post","link":"https:\/\/elmetropolitano.com.gt\/es\/tres-muertos-en-enfrentamiento-armado-entre-narcos-y-autoridades-en-frontera-mexico-guatemala\/","title":{"rendered":"Tres muertos en enfrentamiento armado entre narcos y autoridades en frontera M\u00e9xico-Guatemala"},"content":{"rendered":"\n<p>Tres muertos hasta el momento son los reportados luego de una tremenda balacera entre el narcotraficante El Teniente, l\u00edder del cartel de Chiapas-Guatemala provocando la movilizaci\u00f3n del ej\u00e9rcito guatemalteco y Polic\u00eda Nacional Civil a la Mesilla, Huehuetenango.<\/p>\n\n\n\n<p>La balacera fue entre el presunto narcotraficante y autoridades mexicanas, misma que se inicio en Comalapa, M\u00e9xico y se traslado a Guatemala, por la Mesilla, Huehuetenango, donde se vivi\u00f3 momento de terror entre los comerciantes que se ubicaban en las calles de esta localidad guatemalteca.<\/p><div class=\"elmet-contenido\" id=\"elmet-1264272271\"><div class=\"elmet-adlabel\">Anuncios<\/div><div style=\"margin-top: 20px;margin-right: 20px;margin-bottom: 20px;margin-left: 20px;\" id=\"elmet-1979731067\"><a href=\"https:\/\/www.facebook.com\/arrincuanantigua\/\" aria-label=\"cintillo-arrin-cual\"><img loading=\"lazy\" decoding=\"async\" src=\"https:\/\/elmetropolitano.com.gt\/es\/wp-content\/uploads\/2021\/11\/cintillo-arrin-cual-1.jpg\" alt=\"\"  srcset=\"https:\/\/elmetropolitano.com.gt\/es\/wp-content\/uploads\/2021\/11\/cintillo-arrin-cual-1.jpg 750w, https:\/\/elmetropolitano.com.gt\/es\/wp-content\/uploads\/2021\/11\/cintillo-arrin-cual-1-300x36.jpg 300w, https:\/\/elmetropolitano.com.gt\/es\/wp-content\/uploads\/2021\/11\/cintillo-arrin-cual-1-600x72.jpg 600w\" sizes=\"(max-width: 750px) 100vw, 750px\" width=\"750\" height=\"90\"   \/><\/a><\/div><\/div>\n\n\n\n<p>La Gobernaci\u00f3n Departamental de Huehuetenango emiti\u00f3 un comunicado en el que se\u00f1alan que la situaci\u00f3n en el lugar ya se encuentra bajo control y unidades J8 del Ej\u00e9rcito de Guatemala y Polic\u00eda Nacional Civil fueron movilizados para evitar mayores incidentes.<\/p>\n\n\n\n<p>#narcos #balacera&nbsp; #enfrentamiento&nbsp; #metroredes&nbsp; <a href=\"http:\/\/www.elmetropolitano.com.gt\">www.elmetropolitano.com.gt<\/a>&nbsp; <a href=\"http:\/\/www.metroredes.com\">www.metroredes.com<\/a>&nbsp; <a href=\"http:\/\/www.elescuintleco.com\">www.elescuintleco.com<\/a> &nbsp;<\/p>\n\n\n\n<figure class=\"wp-block-gallery has-nested-images columns-default is-cropped wp-block-gallery-1 is-layout-flex wp-block-gallery-is-layout-flex\">\n<figure class=\"wp-block-image size-large\"><img loading=\"lazy\" decoding=\"async\" width=\"906\" height=\"715\" data-id=\"104701\" src=\"https:\/\/elmetropolitano.com.gt\/es\/wp-content\/uploads\/2025\/06\/6d0756b8-3c10-4e1e-bd5e-5961a0618be7.jpeg\" alt=\"\" class=\"wp-image-104701\" srcset=\"https:\/\/elmetropolitano.com.gt\/es\/wp-content\/uploads\/2025\/06\/6d0756b8-3c10-4e1e-bd5e-5961a0618be7.jpeg 906w, https:\/\/elmetropolitano.com.gt\/es\/wp-content\/uploads\/2025\/06\/6d0756b8-3c10-4e1e-bd5e-5961a0618be7-300x237.jpeg 300w, https:\/\/elmetropolitano.com.gt\/es\/wp-content\/uploads\/2025\/06\/6d0756b8-3c10-4e1e-bd5e-5961a0618be7-768x606.jpeg 768w\" sizes=\"auto, (max-width: 906px) 100vw, 906px\" \/><\/figure>\n\n\n\n<figure class=\"wp-block-image size-large\"><img loading=\"lazy\" decoding=\"async\" width=\"960\" height=\"720\" data-id=\"104703\" src=\"https:\/\/elmetropolitano.com.gt\/es\/wp-content\/uploads\/2025\/06\/8b23a250-ee5f-46d5-b817-0804466846c9.jpeg\" alt=\"\" class=\"wp-image-104703\" srcset=\"https:\/\/elmetropolitano.com.gt\/es\/wp-content\/uploads\/2025\/06\/8b23a250-ee5f-46d5-b817-0804466846c9.jpeg 960w, https:\/\/elmetropolitano.com.gt\/es\/wp-content\/uploads\/2025\/06\/8b23a250-ee5f-46d5-b817-0804466846c9-300x225.jpeg 300w, https:\/\/elmetropolitano.com.gt\/es\/wp-content\/uploads\/2025\/06\/8b23a250-ee5f-46d5-b817-0804466846c9-768x576.jpeg 768w\" sizes=\"auto, (max-width: 960px) 100vw, 960px\" \/><\/figure>\n\n\n\n<figure class=\"wp-block-image size-large\"><img loading=\"lazy\" decoding=\"async\" width=\"960\" height=\"808\" data-id=\"104705\" src=\"https:\/\/elmetropolitano.com.gt\/es\/wp-content\/uploads\/2025\/06\/10c8a50b-3edd-462e-b680-3d5218e06c68-1.jpeg\" alt=\"\" class=\"wp-image-104705\" srcset=\"https:\/\/elmetropolitano.com.gt\/es\/wp-content\/uploads\/2025\/06\/10c8a50b-3edd-462e-b680-3d5218e06c68-1.jpeg 960w, https:\/\/elmetropolitano.com.gt\/es\/wp-content\/uploads\/2025\/06\/10c8a50b-3edd-462e-b680-3d5218e06c68-1-300x253.jpeg 300w, https:\/\/elmetropolitano.com.gt\/es\/wp-content\/uploads\/2025\/06\/10c8a50b-3edd-462e-b680-3d5218e06c68-1-768x646.jpeg 768w\" sizes=\"auto, (max-width: 960px) 100vw, 960px\" \/><\/figure>\n\n\n\n<figure class=\"wp-block-image size-large\"><img loading=\"lazy\" decoding=\"async\" width=\"615\" height=\"616\" data-id=\"104702\" src=\"https:\/\/elmetropolitano.com.gt\/es\/wp-content\/uploads\/2025\/06\/51005d55-289c-489b-9338-1d78f141fbec.jpeg\" alt=\"\" class=\"wp-image-104702\" srcset=\"https:\/\/elmetropolitano.com.gt\/es\/wp-content\/uploads\/2025\/06\/51005d55-289c-489b-9338-1d78f141fbec.jpeg 615w, https:\/\/elmetropolitano.com.gt\/es\/wp-content\/uploads\/2025\/06\/51005d55-289c-489b-9338-1d78f141fbec-300x300.jpeg 300w, https:\/\/elmetropolitano.com.gt\/es\/wp-content\/uploads\/2025\/06\/51005d55-289c-489b-9338-1d78f141fbec-150x150.jpeg 150w\" sizes=\"auto, (max-width: 615px) 100vw, 615px\" \/><\/figure>\n\n\n\n<figure class=\"wp-block-image size-large\"><img loading=\"lazy\" decoding=\"async\" width=\"720\" height=\"540\" data-id=\"104704\" src=\"https:\/\/elmetropolitano.com.gt\/es\/wp-content\/uploads\/2025\/06\/da3154b3-4993-48da-9eb6-c5832e8572ba.jpeg\" alt=\"\" class=\"wp-image-104704\" srcset=\"https:\/\/elmetropolitano.com.gt\/es\/wp-content\/uploads\/2025\/06\/da3154b3-4993-48da-9eb6-c5832e8572ba.jpeg 720w, https:\/\/elmetropolitano.com.gt\/es\/wp-content\/uploads\/2025\/06\/da3154b3-4993-48da-9eb6-c5832e8572ba-300x225.jpeg 300w\" sizes=\"auto, (max-width: 720px) 100vw, 720px\" \/><\/figure>\n\n\n\n<figure class=\"wp-block-image size-large\"><img loading=\"lazy\" decoding=\"async\" width=\"720\" height=\"492\" data-id=\"104706\" src=\"https:\/\/elmetropolitano.com.gt\/es\/wp-content\/uploads\/2025\/06\/Gs9DzlOXYAAdvHo.jpeg\" alt=\"\" class=\"wp-image-104706\" srcset=\"https:\/\/elmetropolitano.com.gt\/es\/wp-content\/uploads\/2025\/06\/Gs9DzlOXYAAdvHo.jpeg 720w, https:\/\/elmetropolitano.com.gt\/es\/wp-content\/uploads\/2025\/06\/Gs9DzlOXYAAdvHo-300x205.jpeg 300w\" sizes=\"auto, (max-width: 720px) 100vw, 720px\" \/><\/figure>\n\n\n\n<figure class=\"wp-block-image size-large\"><img loading=\"lazy\" decoding=\"async\" width=\"1024\" height=\"576\" data-id=\"104707\" src=\"https:\/\/elmetropolitano.com.gt\/es\/wp-content\/uploads\/2025\/06\/Gs9Dzs-XoAApjKH-1024x576.jpeg\" alt=\"\" class=\"wp-image-104707\" srcset=\"https:\/\/elmetropolitano.com.gt\/es\/wp-content\/uploads\/2025\/06\/Gs9Dzs-XoAApjKH-1024x576.jpeg 1024w, https:\/\/elmetropolitano.com.gt\/es\/wp-content\/uploads\/2025\/06\/Gs9Dzs-XoAApjKH-300x169.jpeg 300w, https:\/\/elmetropolitano.com.gt\/es\/wp-content\/uploads\/2025\/06\/Gs9Dzs-XoAApjKH-768x432.jpeg 768w, https:\/\/elmetropolitano.com.gt\/es\/wp-content\/uploads\/2025\/06\/Gs9Dzs-XoAApjKH.jpeg 1440w\" sizes=\"auto, (max-width: 1024px) 100vw, 1024px\" \/><\/figure>\n<\/figure>\n","protected":false},"excerpt":{"rendered":"<p>Tres muertos hasta el momento son los reportados luego de una tremenda balacera entre el narcotraficante El Teniente, l\u00edder del cartel de Chiapas-Guatemala provocando la movilizaci\u00f3n del ej\u00e9rcito guatemalteco y Polic\u00eda Nacional Civil a la Mesilla, Huehuetenango. La balacera fue entre el presunto narcotraficante y autoridades mexicanas, misma que se inicio en Comalapa, M\u00e9xico y <a class=\"read-more\" href=\"https:\/\/elmetropolitano.com.gt\/es\/tres-muertos-en-enfrentamiento-armado-entre-narcos-y-autoridades-en-frontera-mexico-guatemala\/\">Leer m\u00e1s<\/a><\/p>\n","protected":false},"author":1,"featured_media":104700,"comment_status":"open","ping_status":"closed","sticky":false,"template":"","format":"standard","meta":{"footnotes":""},"categories":[4],"tags":[13],"class_list":["post-104699","post","type-post","status-publish","format-standard","has-post-thumbnail","hentry","category-departamentales","tag-departamentales"],"_links":{"self":[{"href":"https:\/\/elmetropolitano.com.gt\/es\/wp-json\/wp\/v2\/posts\/104699","targetHints":{"allow":["GET"]}}],"collection":[{"href":"https:\/\/elmetropolitano.com.gt\/es\/wp-json\/wp\/v2\/posts"}],"about":[{"href":"https:\/\/elmetropolitano.com.gt\/es\/wp-json\/wp\/v2\/types\/post"}],"author":[{"embeddable":true,"href":"https:\/\/elmetropolitano.com.gt\/es\/wp-json\/wp\/v2\/users\/1"}],"replies":[{"embeddable":true,"href":"https:\/\/elmetropolitano.com.gt\/es\/wp-json\/wp\/v2\/comments?post=104699"}],"version-history":[{"count":1,"href":"https:\/\/elmetropolitano.com.gt\/es\/wp-json\/wp\/v2\/posts\/104699\/revisions"}],"predecessor-version":[{"id":104708,"href":"https:\/\/elmetropolitano.com.gt\/es\/wp-json\/wp\/v2\/posts\/104699\/revisions\/104708"}],"wp:featuredmedia":[{"embeddable":true,"href":"https:\/\/elmetropolitano.com.gt\/es\/wp-json\/wp\/v2\/media\/104700"}],"wp:attachment":[{"href":"https:\/\/elmetropolitano.com.gt\/es\/wp-json\/wp\/v2\/media?parent=104699"}],"wp:term":[{"taxonomy":"category","embeddable":true,"href":"https:\/\/elmetropolitano.com.gt\/es\/wp-json\/wp\/v2\/categories?post=104699"},{"taxonomy":"post_tag","embeddable":true,"href":"https:\/\/elmetropolitano.com.gt\/es\/wp-json\/wp\/v2\/tags?post=104699"}],"curies":[{"name":"wp","href":"https:\/\/api.w.org\/{rel}","templated":true}]}}