{"id":105122,"date":"2025-06-15T17:55:59","date_gmt":"2025-06-15T23:55:59","guid":{"rendered":"https:\/\/elmetropolitano.com.gt\/es\/?p=105122"},"modified":"2025-06-15T17:56:00","modified_gmt":"2025-06-15T23:56:00","slug":"embajador-de-la-republica-de-corea-visito-al-alcalde-de-mixco-neto-bran","status":"publish","type":"post","link":"https:\/\/elmetropolitano.com.gt\/es\/embajador-de-la-republica-de-corea-visito-al-alcalde-de-mixco-neto-bran\/","title":{"rendered":"Embajador de La Rep\u00fablica de Corea visit\u00f3 al alcalde de Mixco Neto Bran"},"content":{"rendered":"\n<p><a><\/a>Neto Bran, el alcalde del municipio de Mixco, recibi\u00f3 en su despacho, en d\u00edas recientes, la grata e importante visita del embajador, de La Rep\u00fablica De Corea, Deuk Hwan Kin, con quien el jefe edil de los misque\u00f1os, abordo diferentes temas de cooperaci\u00f3n entre el municipio de Mixco y Corea.<\/p>\n\n\n\n<p>Ambos funcionarios conversaron de muchos futuros proyectos, entre ellos se toc\u00f3 el tema de los 500 a\u00f1os que est\u00e1 por cumplir el municipio de Mixco, y de c\u00f3mo Corea podr\u00eda ayudar y contribuir en la visi\u00f3n para enfrentar el futuro y los pr\u00f3ximos 500 a\u00f1os para Mixco.<\/p><div class=\"elmet-contenido\" id=\"elmet-2546112007\"><div class=\"elmet-adlabel\">Anuncios<\/div><div style=\"margin-top: 20px;margin-right: 20px;margin-bottom: 20px;margin-left: 20px;\" id=\"elmet-195537217\"><a href=\"https:\/\/www.facebook.com\/arrincuanantigua\/\" aria-label=\"cintillo-arrin-cual\"><img loading=\"lazy\" decoding=\"async\" src=\"https:\/\/elmetropolitano.com.gt\/es\/wp-content\/uploads\/2021\/11\/cintillo-arrin-cual-1.jpg\" alt=\"\"  srcset=\"https:\/\/elmetropolitano.com.gt\/es\/wp-content\/uploads\/2021\/11\/cintillo-arrin-cual-1.jpg 750w, https:\/\/elmetropolitano.com.gt\/es\/wp-content\/uploads\/2021\/11\/cintillo-arrin-cual-1-300x36.jpg 300w, https:\/\/elmetropolitano.com.gt\/es\/wp-content\/uploads\/2021\/11\/cintillo-arrin-cual-1-600x72.jpg 600w\" sizes=\"(max-width: 750px) 100vw, 750px\" width=\"750\" height=\"90\"   \/><\/a><\/div><\/div>\n\n\n\n<p>Estos temas y visitas de personalidades y diplom\u00e1ticos internacionales, no ser\u00edan posibles sin el gran apoyo y el trabajo de la nueva Direcci\u00f3n Municipal de Relaciones internacionales y a todo su equipo, en especial al Concejal Herrera, para quien Neto, expreso unas merecidas felicitaciones, as\u00ed lo comento el alcalde Bran en sus redes sociales.<\/p>\n\n\n\n<p>La comuna misque\u00f1a, espera para el futuro, que esta nueva etapa de intercambio internacional, deje para el municipio mucho desarrollo, muchas importantes obras, de la mano de la modernidad y as\u00ed una mejor calidad de vida para todos los vecinos de La Tierra De Campeones.<\/p>\n\n\n\n<p>Texto: Oscar Estuardo Villalobos Roca<\/p>\n\n\n\n<p><a href=\"https:\/\/www.facebook.com\/hashtag\/munimixco?__eep__=6&amp;__cft__[0]=AZXTi4TJHXM6r2EzliU_od6CAFP-SmR2_3QpkL3g71SAyZ6WondWD_v21wzgBsdu85smo0nRRtgAfl6eiL0VGV3J4v8gRul94DnSV7G_eGn-g6F_h6DS0YKGQOALpFevWhkXyjIJtSQVr80Mrfg5OAAzhm5Atu2J5B1yLRDGRiNtYkepFAZG6by3A7V41NeBkWv_VP0aBG_ve8z3Js4WBXDM&amp;__tn__=*NK-R\">#MuniMixco<\/a><a href=\"https:\/\/www.facebook.com\/hashtag\/corea?__eep__=6&amp;__cft__[0]=AZXTi4TJHXM6r2EzliU_od6CAFP-SmR2_3QpkL3g71SAyZ6WondWD_v21wzgBsdu85smo0nRRtgAfl6eiL0VGV3J4v8gRul94DnSV7G_eGn-g6F_h6DS0YKGQOALpFevWhkXyjIJtSQVr80Mrfg5OAAzhm5Atu2J5B1yLRDGRiNtYkepFAZG6by3A7V41NeBkWv_VP0aBG_ve8z3Js4WBXDM&amp;__tn__=*NK-R\">#Corea<\/a><a href=\"https:\/\/www.facebook.com\/hashtag\/metroredes?__eep__=6&amp;__cft__[0]=AZXTi4TJHXM6r2EzliU_od6CAFP-SmR2_3QpkL3g71SAyZ6WondWD_v21wzgBsdu85smo0nRRtgAfl6eiL0VGV3J4v8gRul94DnSV7G_eGn-g6F_h6DS0YKGQOALpFevWhkXyjIJtSQVr80Mrfg5OAAzhm5Atu2J5B1yLRDGRiNtYkepFAZG6by3A7V41NeBkWv_VP0aBG_ve8z3Js4WBXDM&amp;__tn__=*NK-R\">#metroredes<\/a><\/p>\n\n\n\n<figure class=\"wp-block-gallery has-nested-images columns-default is-cropped wp-block-gallery-1 is-layout-flex wp-block-gallery-is-layout-flex\">\n<figure class=\"wp-block-image size-large\"><img loading=\"lazy\" decoding=\"async\" width=\"1024\" height=\"937\" data-id=\"105124\" src=\"https:\/\/elmetropolitano.com.gt\/es\/wp-content\/uploads\/2025\/06\/508092198_1247796727346408_6733601785684668061_n-1024x937.jpg\" alt=\"\" class=\"wp-image-105124\" srcset=\"https:\/\/elmetropolitano.com.gt\/es\/wp-content\/uploads\/2025\/06\/508092198_1247796727346408_6733601785684668061_n-1024x937.jpg 1024w, https:\/\/elmetropolitano.com.gt\/es\/wp-content\/uploads\/2025\/06\/508092198_1247796727346408_6733601785684668061_n-300x275.jpg 300w, https:\/\/elmetropolitano.com.gt\/es\/wp-content\/uploads\/2025\/06\/508092198_1247796727346408_6733601785684668061_n-768x703.jpg 768w, https:\/\/elmetropolitano.com.gt\/es\/wp-content\/uploads\/2025\/06\/508092198_1247796727346408_6733601785684668061_n-1536x1406.jpg 1536w, https:\/\/elmetropolitano.com.gt\/es\/wp-content\/uploads\/2025\/06\/508092198_1247796727346408_6733601785684668061_n.jpg 2048w\" sizes=\"auto, (max-width: 1024px) 100vw, 1024px\" \/><\/figure>\n\n\n\n<figure class=\"wp-block-image size-large\"><img loading=\"lazy\" decoding=\"async\" width=\"1024\" height=\"847\" data-id=\"105127\" src=\"https:\/\/elmetropolitano.com.gt\/es\/wp-content\/uploads\/2025\/06\/508197598_1247796597346421_2612997675947129276_n-1024x847.jpg\" alt=\"\" class=\"wp-image-105127\" srcset=\"https:\/\/elmetropolitano.com.gt\/es\/wp-content\/uploads\/2025\/06\/508197598_1247796597346421_2612997675947129276_n-1024x847.jpg 1024w, https:\/\/elmetropolitano.com.gt\/es\/wp-content\/uploads\/2025\/06\/508197598_1247796597346421_2612997675947129276_n-300x248.jpg 300w, https:\/\/elmetropolitano.com.gt\/es\/wp-content\/uploads\/2025\/06\/508197598_1247796597346421_2612997675947129276_n-768x635.jpg 768w, https:\/\/elmetropolitano.com.gt\/es\/wp-content\/uploads\/2025\/06\/508197598_1247796597346421_2612997675947129276_n-1536x1271.jpg 1536w, https:\/\/elmetropolitano.com.gt\/es\/wp-content\/uploads\/2025\/06\/508197598_1247796597346421_2612997675947129276_n.jpg 2048w\" sizes=\"auto, (max-width: 1024px) 100vw, 1024px\" \/><\/figure>\n\n\n\n<figure class=\"wp-block-image size-large\"><img loading=\"lazy\" decoding=\"async\" width=\"1024\" height=\"768\" data-id=\"105126\" src=\"https:\/\/elmetropolitano.com.gt\/es\/wp-content\/uploads\/2025\/06\/508402168_1247796580679756_1055299591453552681_n-1-1024x768.jpg\" alt=\"\" class=\"wp-image-105126\" srcset=\"https:\/\/elmetropolitano.com.gt\/es\/wp-content\/uploads\/2025\/06\/508402168_1247796580679756_1055299591453552681_n-1-1024x768.jpg 1024w, https:\/\/elmetropolitano.com.gt\/es\/wp-content\/uploads\/2025\/06\/508402168_1247796580679756_1055299591453552681_n-1-300x225.jpg 300w, https:\/\/elmetropolitano.com.gt\/es\/wp-content\/uploads\/2025\/06\/508402168_1247796580679756_1055299591453552681_n-1-768x576.jpg 768w, https:\/\/elmetropolitano.com.gt\/es\/wp-content\/uploads\/2025\/06\/508402168_1247796580679756_1055299591453552681_n-1-1536x1152.jpg 1536w, https:\/\/elmetropolitano.com.gt\/es\/wp-content\/uploads\/2025\/06\/508402168_1247796580679756_1055299591453552681_n-1.jpg 2048w\" sizes=\"auto, (max-width: 1024px) 100vw, 1024px\" \/><\/figure>\n\n\n\n<figure class=\"wp-block-image size-large\"><img loading=\"lazy\" decoding=\"async\" width=\"1024\" height=\"768\" data-id=\"105125\" src=\"https:\/\/elmetropolitano.com.gt\/es\/wp-content\/uploads\/2025\/06\/508419786_1247796687346412_2724341248597718110_n-1024x768.jpg\" alt=\"\" class=\"wp-image-105125\" srcset=\"https:\/\/elmetropolitano.com.gt\/es\/wp-content\/uploads\/2025\/06\/508419786_1247796687346412_2724341248597718110_n-1024x768.jpg 1024w, https:\/\/elmetropolitano.com.gt\/es\/wp-content\/uploads\/2025\/06\/508419786_1247796687346412_2724341248597718110_n-300x225.jpg 300w, https:\/\/elmetropolitano.com.gt\/es\/wp-content\/uploads\/2025\/06\/508419786_1247796687346412_2724341248597718110_n-768x576.jpg 768w, https:\/\/elmetropolitano.com.gt\/es\/wp-content\/uploads\/2025\/06\/508419786_1247796687346412_2724341248597718110_n-1536x1152.jpg 1536w, https:\/\/elmetropolitano.com.gt\/es\/wp-content\/uploads\/2025\/06\/508419786_1247796687346412_2724341248597718110_n.jpg 2048w\" sizes=\"auto, (max-width: 1024px) 100vw, 1024px\" \/><\/figure>\n<\/figure>\n","protected":false},"excerpt":{"rendered":"<p>Neto Bran, el alcalde del municipio de Mixco, recibi\u00f3 en su despacho, en d\u00edas recientes, la grata e importante visita del embajador, de La Rep\u00fablica De Corea, Deuk Hwan Kin, con quien el jefe edil de los misque\u00f1os, abordo diferentes temas de cooperaci\u00f3n entre el municipio de Mixco y Corea. Ambos funcionarios conversaron de muchos <a class=\"read-more\" href=\"https:\/\/elmetropolitano.com.gt\/es\/embajador-de-la-republica-de-corea-visito-al-alcalde-de-mixco-neto-bran\/\">Leer m\u00e1s<\/a><\/p>\n","protected":false},"author":1,"featured_media":105123,"comment_status":"open","ping_status":"closed","sticky":false,"template":"","format":"standard","meta":{"footnotes":""},"categories":[3],"tags":[10],"class_list":["post-105122","post","type-post","status-publish","format-standard","has-post-thumbnail","hentry","category-locales","tag-locales"],"_links":{"self":[{"href":"https:\/\/elmetropolitano.com.gt\/es\/wp-json\/wp\/v2\/posts\/105122","targetHints":{"allow":["GET"]}}],"collection":[{"href":"https:\/\/elmetropolitano.com.gt\/es\/wp-json\/wp\/v2\/posts"}],"about":[{"href":"https:\/\/elmetropolitano.com.gt\/es\/wp-json\/wp\/v2\/types\/post"}],"author":[{"embeddable":true,"href":"https:\/\/elmetropolitano.com.gt\/es\/wp-json\/wp\/v2\/users\/1"}],"replies":[{"embeddable":true,"href":"https:\/\/elmetropolitano.com.gt\/es\/wp-json\/wp\/v2\/comments?post=105122"}],"version-history":[{"count":1,"href":"https:\/\/elmetropolitano.com.gt\/es\/wp-json\/wp\/v2\/posts\/105122\/revisions"}],"predecessor-version":[{"id":105128,"href":"https:\/\/elmetropolitano.com.gt\/es\/wp-json\/wp\/v2\/posts\/105122\/revisions\/105128"}],"wp:featuredmedia":[{"embeddable":true,"href":"https:\/\/elmetropolitano.com.gt\/es\/wp-json\/wp\/v2\/media\/105123"}],"wp:attachment":[{"href":"https:\/\/elmetropolitano.com.gt\/es\/wp-json\/wp\/v2\/media?parent=105122"}],"wp:term":[{"taxonomy":"category","embeddable":true,"href":"https:\/\/elmetropolitano.com.gt\/es\/wp-json\/wp\/v2\/categories?post=105122"},{"taxonomy":"post_tag","embeddable":true,"href":"https:\/\/elmetropolitano.com.gt\/es\/wp-json\/wp\/v2\/tags?post=105122"}],"curies":[{"name":"wp","href":"https:\/\/api.w.org\/{rel}","templated":true}]}}