{"id":105197,"date":"2025-06-16T11:28:30","date_gmt":"2025-06-16T17:28:30","guid":{"rendered":"https:\/\/elmetropolitano.com.gt\/es\/?p=105197"},"modified":"2025-06-16T11:28:31","modified_gmt":"2025-06-16T17:28:31","slug":"israel-e-iran-recrudecen-sus-ataques-y-advierten-a-los-civiles-que-huyan-para-salvar-su-vida","status":"publish","type":"post","link":"https:\/\/elmetropolitano.com.gt\/es\/israel-e-iran-recrudecen-sus-ataques-y-advierten-a-los-civiles-que-huyan-para-salvar-su-vida\/","title":{"rendered":"Israel e Ir\u00e1n recrudecen sus ataques y advierten a los civiles que huyan para \u00absalvar su vida\u00bb"},"content":{"rendered":"\n<p><a><\/a>Israel e Ir\u00e1n se niegan a ceder y lanzaron nuevos ataques mutuos el domingo y hoy lunes, matando a cientos de civiles y aumentando los temores de una guerra.<\/p>\n\n\n\n<p>Ir\u00e1n emprendi\u00f3 una nueva ofensiva en la madrugada del lunes que impact\u00f3, seg\u00fan fuentes de seguridad mar\u00edtima, la infraestructura energ\u00e9tica de la ciudad portuaria de Haifa, provocando incendios. La nueva oleada tambi\u00e9n apunt\u00f3 a Tel Aviv y Jerusal\u00e9n, seg\u00fan la agencia Reuters.<\/p><div class=\"elmet-contenido\" id=\"elmet-3966329519\"><div class=\"elmet-adlabel\">Anuncios<\/div><div style=\"margin-top: 20px;margin-right: 20px;margin-bottom: 20px;margin-left: 20px;\" id=\"elmet-2563143529\"><a href=\"https:\/\/www.facebook.com\/arrincuanantigua\/\" aria-label=\"cintillo-arrin-cual\"><img loading=\"lazy\" decoding=\"async\" src=\"https:\/\/elmetropolitano.com.gt\/es\/wp-content\/uploads\/2021\/11\/cintillo-arrin-cual-1.jpg\" alt=\"\"  srcset=\"https:\/\/elmetropolitano.com.gt\/es\/wp-content\/uploads\/2021\/11\/cintillo-arrin-cual-1.jpg 750w, https:\/\/elmetropolitano.com.gt\/es\/wp-content\/uploads\/2021\/11\/cintillo-arrin-cual-1-300x36.jpg 300w, https:\/\/elmetropolitano.com.gt\/es\/wp-content\/uploads\/2021\/11\/cintillo-arrin-cual-1-600x72.jpg 600w\" sizes=\"(max-width: 750px) 100vw, 750px\" width=\"750\" height=\"90\"   \/><\/a><\/div><\/div>\n\n\n\n<p>Los constantes intercambios de fuego se producen tras informes de que el presidente estadounidense, Donald Trump, bloque\u00f3 un supuesto plan israel\u00ed para asesinar al l\u00edder supremo iran\u00ed, el ayatol\u00e1 Al\u00ed Jamenei, seg\u00fan reportes de Reuters y la agencia AP que citan a funcionarios estadonidenses.<\/p>\n\n\n\n<p>Donald Trump, por su parte, sostuvo que podr\u00eda terminar f\u00e1cilmente el conflicto, al tiempo que advirti\u00f3 a Teher\u00e1n que no ataque ning\u00fan objetivo estadounidense.<\/p>\n\n\n\n<p>Israel lanz\u00f3 la \u00abOperaci\u00f3n Le\u00f3n Ascendente\u00bb<\/p>\n\n\n\n<p>con un ataque sorpresa el viernes por la ma\u00f1ana que elimin\u00f3 la c\u00fapula del comando militar de Ir\u00e1n y da\u00f1\u00f3 sus instalaciones nucleares, y dice que la campa\u00f1a continuar\u00e1 intensific\u00e1ndose en los pr\u00f3ximos d\u00edas. Ir\u00e1n respondi\u00f3 con una andana de misiles que han dejado m\u00e1s de 10 muertos en territorio israel\u00ed.<\/p>\n\n\n\n<p>Este domingo 15 de junio y la madrugada del lunes no solo se mantuvieron las sucesivas oleadas de misiles entre Ir\u00e1n e Israel, sino que se a\u00f1adieron serias advertencias de que ninguna parte va a ceder y de que la poblaci\u00f3n civil de ambos pa\u00edses es la que est\u00e1 en mayor riesgo.<\/p>\n\n\n\n<p>Por un lado, las Fuerzas Armadas iran\u00edes aconsejaron a los israel\u00edes que \u00ababandonen los territorios ocupados (Israel)\u00bb para salvar su vida:<\/p>\n\n\n\n<p>\u00abNo dejen que el r\u00e9gimen los use como escudos humanos\u201d.<\/p>\n\n\n\n<p>Mientras, el Ej\u00e9rcito israel\u00ed inst\u00f3 a los iran\u00edes que se encuentren cerca de plantas de fabricaci\u00f3n de armamento que huyan de la zona y no regresen hasta nuevo aviso.<\/p>\n\n\n\n<p>\u00abIr\u00e1n pagar\u00e1 un alto precio por matar a civiles, mujeres y ni\u00f1os intencionadamente. Lograremos nuestro objetivo de un solo golpe\u00bb, asegur\u00f3 el primer ministro de Israel, Benjam\u00edn Netanyahu.<\/p>\n\n\n\n<p>Bajas militares y muerte de civiles<\/p>\n\n\n\n<p>Netanyahu confirm\u00f3 este domingo la muerte del jefe de inteligencia de la Guardia Revolucionaria iran\u00ed, Mohamad Kazemi, y de su n\u00famero dos, Has\u00e1n Mohaqeq, en Teher\u00e1n.<\/p>\n\n\n\n<p>Israel comenz\u00f3 a bombardear Ir\u00e1n en la madrugada del viernes se\u00f1alando los avances en el programa nuclear de la rep\u00fablica isl\u00e1mica y la amenaza que supone para el pa\u00eds su manufactura de misiles bal\u00edsticos.<\/p>\n\n\n\n<p>En ese marco, Teher\u00e1n sufri\u00f3 este domingo nuevos ataques israel\u00edes, que alcanzaron el cuartel la sede del Ministerio de Exteriores, del Comando de la Polic\u00eda capitalina y varias zonas residenciales, con varios heridos seg\u00fan fuentes oficiales.<\/p>\n\n\n\n<p>Medios iran\u00edes informaron de explosiones en varias zonas de la capital.<\/p>\n\n\n\n<p>El viceministro de Asuntos Exteriores de Ir\u00e1n, Saeed Khatibzadeh, asegur\u00f3 a la agencia iran\u00ed Mehr que el Ej\u00e9rcito israel\u00ed lanz\u00f3 un \u00abbrutal\u00bb ataque contra uno de los edificios del ministerio.<\/p>\n\n\n\n<p>\u00abVarios civiles resultaron heridos en el ataque, incluidos algunos de mis compa\u00f1eros, que fueron llevados al hospital\u00bb, dijo.<\/p>\n\n\n\n<p>La agencia Tasnim inform\u00f3 que el Cuartel General de la Polic\u00eda de Teher\u00e1n fue alcanzado por un dron, que provoc\u00f3 \u201cda\u00f1os menores\u201d e hiri\u00f3 a \u201cvarios agentes\u201d.<\/p>\n\n\n\n<p>Adem\u00e1s, cinco coches bomba explotaron este domingo en Teher\u00e1n, inform\u00f3 la agencia estatal IRNA.<\/p>\n\n\n\n<p>\u201cEl r\u00e9gimen israel\u00ed est\u00e1 detonando coches bomba en Teher\u00e1n despu\u00e9s de que las sistemas de defensa antia\u00e9rea repeliesen con \u00e9xito una ola de bombardeos\u201d, indic\u00f3 el medio oficial.<\/p>\n\n\n\n<p>Al menos cuatro efectivos de la Guardia Revolucionaria iran\u00ed murieron en un ataque de Israel en la provincia de Joras\u00e1n del Sur, inform\u00f3 la agencia Tasnim.<\/p>\n\n\n\n<p>El ministro iran\u00ed de Exteriores, Ab\u00e1s Araqch\u00ed, afirm\u00f3 que si Israel detiene los ataques, Teher\u00e1n dejar\u00e1 de bombardearlo.<\/p>\n\n\n\n<p>\u201cNuestra intenci\u00f3n al atacar los territorios ocupados (Israel) es puramente de defensa propia\u201d, asegur\u00f3.<\/p>\n\n\n\n<p>Ir\u00e1n confirm\u00f3 que m\u00e1s de 200 personas han muerto desde el inicio de la escalada el viernes, incluyendo en un solo ataque que mat\u00f3 a 60 el s\u00e1bado, la mitad de ellos ni\u00f1os, en un bloque de apartamentos de 14 pisos derribado en Teher\u00e1n.<\/p>\n\n\n\n<p>En Israel, los equipos de rescate peinaron los escombros de edificios residenciales destruidos por misiles iran\u00edes, utilizando perros rastreadores y excavadoras pesadas para buscar sobrevivientes despu\u00e9s de que al menos 10 personas, incluidos ni\u00f1os, murieran en las \u00faltimas horas, lo que elev\u00f3 el saldo de dos d\u00edas a 13 v\u00edctimas mortales.<\/p>\n\n\n\n<p>Trump habla de paz<\/p>\n\n\n\n<p>En medio de esta ofensiva que parece no parar, el presidente estadounidense, Donald Trump, asegur\u00f3 \u00abpronto habr\u00e1 paz entre Israel e Ir\u00e1n\u00bb y que los dos pa\u00edses \u00abllegar\u00e1n a un acuerdo\u00bb.<\/p>\n\n\n\n<p>\u00ab\u00a1Pronto habr\u00e1 paz entre Israel e Ir\u00e1n! Muchas llamadas y reuniones est\u00e1n teniendo lugar ahora\u00bb, escribi\u00f3 en su red Truth Social.<\/p>\n\n\n\n<p>En Washington, dos funcionarios estadounidenses afirmaron a la agencias Reuters que Trump hab\u00eda vetado en los \u00faltimos d\u00edas un plan de Israel para matar al l\u00edder supremo de Ir\u00e1n, el ayatol\u00e1 Ali Jamenei.<\/p>\n\n\n\n<p>Pero, Araqch\u00ed afirm\u00f3 que tiene \u201cpruebas s\u00f3lidas\u201d de que fuerzas de Estados Unidos apoyaron a Israel en su ofensiva militar contra Ir\u00e1n.<\/p>\n\n\n\n<p>Ir\u00e1n y EE.UU. mantienen unas negociaciones acerca del programa nuclear iran\u00ed, que comenzaron el 12 de abril. Aunque hab\u00eda otra reuni\u00f3n prevista para hoy, Ir\u00e1n rechaz\u00f3 participar por los ataques israel\u00edes.<\/p>\n\n\n\n<p>El ministro de Exteriores ruso, Sergu\u00e9i Lavrov; su hom\u00f3logo turco, Hakan Fidan; el canciller alem\u00e1n, Friedrich Merz, y el presidente de Turqu\u00eda, Recep Tayyip Erdogan, se sumaron a las voces en pro del fin de una escalada que amenaza con incendiar a\u00fan m\u00e1s toda la regi\u00f3n.<\/p>\n\n\n\n<p>Israel ha atacado infraestructuras militares, plantas nucleares, a altos cargos de la Guardia Revolucionaria iran\u00ed o a cient\u00edficos nucleares, en unos ataques con cientos de muertos, aunque el dato no es confirmado por las autoridades.<\/p>\n\n\n\n<p>Texto: France 24<\/p>\n\n\n\n<p><a href=\"https:\/\/www.facebook.com\/hashtag\/analisis?__eep__=6&amp;__cft__[0]=AZW8xYrS-q1Rzo4JpdL2Ae3Rtg2xF9dB6Mh0bYLE0ThDAxDbsf5FtGgiY0lGFrXeaK7WsQcxkB9LoPunf2a4-9mdY02NKcAziQNNZ9EFdnie5Z7wVvTQmAsAVJSBdSdZ5b2jUQ5btuVHvqGWXm-96gbjxa8mCcX4qqbPIXPO1HizczBUYkhRNfQ9a-O_83rHizLcRjfdbfICtuxEAuXS9Fim&amp;__tn__=*NK-R\">#analisis<\/a><a href=\"https:\/\/www.facebook.com\/hashtag\/conflictoisraeliran?__eep__=6&amp;__cft__[0]=AZW8xYrS-q1Rzo4JpdL2Ae3Rtg2xF9dB6Mh0bYLE0ThDAxDbsf5FtGgiY0lGFrXeaK7WsQcxkB9LoPunf2a4-9mdY02NKcAziQNNZ9EFdnie5Z7wVvTQmAsAVJSBdSdZ5b2jUQ5btuVHvqGWXm-96gbjxa8mCcX4qqbPIXPO1HizczBUYkhRNfQ9a-O_83rHizLcRjfdbfICtuxEAuXS9Fim&amp;__tn__=*NK-R\">#conflictoisraeliran<\/a><a href=\"https:\/\/www.facebook.com\/hashtag\/metroredes?__eep__=6&amp;__cft__[0]=AZW8xYrS-q1Rzo4JpdL2Ae3Rtg2xF9dB6Mh0bYLE0ThDAxDbsf5FtGgiY0lGFrXeaK7WsQcxkB9LoPunf2a4-9mdY02NKcAziQNNZ9EFdnie5Z7wVvTQmAsAVJSBdSdZ5b2jUQ5btuVHvqGWXm-96gbjxa8mCcX4qqbPIXPO1HizczBUYkhRNfQ9a-O_83rHizLcRjfdbfICtuxEAuXS9Fim&amp;__tn__=*NK-R\">#metroredes<\/a><\/p>\n\n\n\n<figure class=\"wp-block-gallery has-nested-images columns-default is-cropped wp-block-gallery-1 is-layout-flex wp-block-gallery-is-layout-flex\">\n<figure class=\"wp-block-image size-large\"><img loading=\"lazy\" decoding=\"async\" width=\"906\" height=\"1024\" data-id=\"105203\" src=\"https:\/\/elmetropolitano.com.gt\/es\/wp-content\/uploads\/2025\/06\/492893892_1248599597266121_3263191828222019716_n-906x1024.jpg\" alt=\"\" class=\"wp-image-105203\" srcset=\"https:\/\/elmetropolitano.com.gt\/es\/wp-content\/uploads\/2025\/06\/492893892_1248599597266121_3263191828222019716_n-906x1024.jpg 906w, https:\/\/elmetropolitano.com.gt\/es\/wp-content\/uploads\/2025\/06\/492893892_1248599597266121_3263191828222019716_n-265x300.jpg 265w, https:\/\/elmetropolitano.com.gt\/es\/wp-content\/uploads\/2025\/06\/492893892_1248599597266121_3263191828222019716_n-768x868.jpg 768w, https:\/\/elmetropolitano.com.gt\/es\/wp-content\/uploads\/2025\/06\/492893892_1248599597266121_3263191828222019716_n-1358x1536.jpg 1358w, https:\/\/elmetropolitano.com.gt\/es\/wp-content\/uploads\/2025\/06\/492893892_1248599597266121_3263191828222019716_n.jpg 1500w\" sizes=\"auto, (max-width: 906px) 100vw, 906px\" \/><\/figure>\n\n\n\n<figure class=\"wp-block-image size-large\"><img loading=\"lazy\" decoding=\"async\" width=\"960\" height=\"790\" data-id=\"105199\" src=\"https:\/\/elmetropolitano.com.gt\/es\/wp-content\/uploads\/2025\/06\/497730647_1248599357266145_2560939440118377305_n.jpg\" alt=\"\" class=\"wp-image-105199\" srcset=\"https:\/\/elmetropolitano.com.gt\/es\/wp-content\/uploads\/2025\/06\/497730647_1248599357266145_2560939440118377305_n.jpg 960w, https:\/\/elmetropolitano.com.gt\/es\/wp-content\/uploads\/2025\/06\/497730647_1248599357266145_2560939440118377305_n-300x247.jpg 300w, https:\/\/elmetropolitano.com.gt\/es\/wp-content\/uploads\/2025\/06\/497730647_1248599357266145_2560939440118377305_n-768x632.jpg 768w\" sizes=\"auto, (max-width: 960px) 100vw, 960px\" \/><\/figure>\n\n\n\n<figure class=\"wp-block-image size-large\"><img loading=\"lazy\" decoding=\"async\" width=\"800\" height=\"557\" data-id=\"105201\" src=\"https:\/\/elmetropolitano.com.gt\/es\/wp-content\/uploads\/2025\/06\/500130984_1248599443932803_8490727892906209343_n.jpg\" alt=\"\" class=\"wp-image-105201\" srcset=\"https:\/\/elmetropolitano.com.gt\/es\/wp-content\/uploads\/2025\/06\/500130984_1248599443932803_8490727892906209343_n.jpg 800w, https:\/\/elmetropolitano.com.gt\/es\/wp-content\/uploads\/2025\/06\/500130984_1248599443932803_8490727892906209343_n-300x209.jpg 300w, https:\/\/elmetropolitano.com.gt\/es\/wp-content\/uploads\/2025\/06\/500130984_1248599443932803_8490727892906209343_n-768x535.jpg 768w\" sizes=\"auto, (max-width: 800px) 100vw, 800px\" \/><\/figure>\n\n\n\n<figure class=\"wp-block-image size-large\"><img loading=\"lazy\" decoding=\"async\" width=\"1024\" height=\"577\" data-id=\"105200\" src=\"https:\/\/elmetropolitano.com.gt\/es\/wp-content\/uploads\/2025\/06\/504212583_1248599553932792_4545810604851319841_n-1024x577.jpg\" alt=\"\" class=\"wp-image-105200\" srcset=\"https:\/\/elmetropolitano.com.gt\/es\/wp-content\/uploads\/2025\/06\/504212583_1248599553932792_4545810604851319841_n-1024x577.jpg 1024w, https:\/\/elmetropolitano.com.gt\/es\/wp-content\/uploads\/2025\/06\/504212583_1248599553932792_4545810604851319841_n-300x169.jpg 300w, https:\/\/elmetropolitano.com.gt\/es\/wp-content\/uploads\/2025\/06\/504212583_1248599553932792_4545810604851319841_n-768x433.jpg 768w, https:\/\/elmetropolitano.com.gt\/es\/wp-content\/uploads\/2025\/06\/504212583_1248599553932792_4545810604851319841_n.jpg 1047w\" sizes=\"auto, (max-width: 1024px) 100vw, 1024px\" \/><\/figure>\n\n\n\n<figure class=\"wp-block-image size-large\"><img loading=\"lazy\" decoding=\"async\" width=\"1024\" height=\"577\" data-id=\"105202\" src=\"https:\/\/elmetropolitano.com.gt\/es\/wp-content\/uploads\/2025\/06\/505111770_1248599563932791_6636495135647107065_n-1-1024x577.jpg\" alt=\"\" class=\"wp-image-105202\" srcset=\"https:\/\/elmetropolitano.com.gt\/es\/wp-content\/uploads\/2025\/06\/505111770_1248599563932791_6636495135647107065_n-1-1024x577.jpg 1024w, https:\/\/elmetropolitano.com.gt\/es\/wp-content\/uploads\/2025\/06\/505111770_1248599563932791_6636495135647107065_n-1-300x169.jpg 300w, https:\/\/elmetropolitano.com.gt\/es\/wp-content\/uploads\/2025\/06\/505111770_1248599563932791_6636495135647107065_n-1-768x433.jpg 768w, https:\/\/elmetropolitano.com.gt\/es\/wp-content\/uploads\/2025\/06\/505111770_1248599563932791_6636495135647107065_n-1.jpg 1104w\" sizes=\"auto, (max-width: 1024px) 100vw, 1024px\" \/><\/figure>\n<\/figure>\n","protected":false},"excerpt":{"rendered":"<p>Israel e Ir\u00e1n se niegan a ceder y lanzaron nuevos ataques mutuos el domingo y hoy lunes, matando a cientos de civiles y aumentando los temores de una guerra. Ir\u00e1n emprendi\u00f3 una nueva ofensiva en la madrugada del lunes que impact\u00f3, seg\u00fan fuentes de seguridad mar\u00edtima, la infraestructura energ\u00e9tica de la ciudad portuaria de Haifa, <a class=\"read-more\" href=\"https:\/\/elmetropolitano.com.gt\/es\/israel-e-iran-recrudecen-sus-ataques-y-advierten-a-los-civiles-que-huyan-para-salvar-su-vida\/\">Leer m\u00e1s<\/a><\/p>\n","protected":false},"author":1,"featured_media":105198,"comment_status":"open","ping_status":"closed","sticky":false,"template":"","format":"standard","meta":{"footnotes":""},"categories":[14],"tags":[15],"class_list":["post-105197","post","type-post","status-publish","format-standard","has-post-thumbnail","hentry","category-internacionales","tag-internacionales"],"_links":{"self":[{"href":"https:\/\/elmetropolitano.com.gt\/es\/wp-json\/wp\/v2\/posts\/105197","targetHints":{"allow":["GET"]}}],"collection":[{"href":"https:\/\/elmetropolitano.com.gt\/es\/wp-json\/wp\/v2\/posts"}],"about":[{"href":"https:\/\/elmetropolitano.com.gt\/es\/wp-json\/wp\/v2\/types\/post"}],"author":[{"embeddable":true,"href":"https:\/\/elmetropolitano.com.gt\/es\/wp-json\/wp\/v2\/users\/1"}],"replies":[{"embeddable":true,"href":"https:\/\/elmetropolitano.com.gt\/es\/wp-json\/wp\/v2\/comments?post=105197"}],"version-history":[{"count":1,"href":"https:\/\/elmetropolitano.com.gt\/es\/wp-json\/wp\/v2\/posts\/105197\/revisions"}],"predecessor-version":[{"id":105204,"href":"https:\/\/elmetropolitano.com.gt\/es\/wp-json\/wp\/v2\/posts\/105197\/revisions\/105204"}],"wp:featuredmedia":[{"embeddable":true,"href":"https:\/\/elmetropolitano.com.gt\/es\/wp-json\/wp\/v2\/media\/105198"}],"wp:attachment":[{"href":"https:\/\/elmetropolitano.com.gt\/es\/wp-json\/wp\/v2\/media?parent=105197"}],"wp:term":[{"taxonomy":"category","embeddable":true,"href":"https:\/\/elmetropolitano.com.gt\/es\/wp-json\/wp\/v2\/categories?post=105197"},{"taxonomy":"post_tag","embeddable":true,"href":"https:\/\/elmetropolitano.com.gt\/es\/wp-json\/wp\/v2\/tags?post=105197"}],"curies":[{"name":"wp","href":"https:\/\/api.w.org\/{rel}","templated":true}]}}