{"id":105485,"date":"2025-06-19T14:04:33","date_gmt":"2025-06-19T20:04:33","guid":{"rendered":"https:\/\/elmetropolitano.com.gt\/es\/?p=105485"},"modified":"2025-06-19T14:04:34","modified_gmt":"2025-06-19T20:04:34","slug":"comuna-sanluquena-trabaja-emergencias-que-dejaron-las-lluvias","status":"publish","type":"post","link":"https:\/\/elmetropolitano.com.gt\/es\/comuna-sanluquena-trabaja-emergencias-que-dejaron-las-lluvias\/","title":{"rendered":"Comuna sanluque\u00f1a trabaja emergencias que dejaron las lluvias"},"content":{"rendered":"\n<p>Ante las serie de emergencias que ocurrieron por las lluvias de los \u00faltimos d\u00edas, la administraci\u00f3n municipal de San Lucas Sacatep\u00e9quez, que dirige el alcalde Yener Plaza, moviliz\u00f3 cuadrillas para cubrir los da\u00f1os y dejar todo expedito para una buena circulaci\u00f3n de vecinos.<\/p>\n\n\n\n<p>\u00c1rboles y ramas ca\u00eddas en diferentes sectores del municipio fueron retiradas por cuadrillas municipales despu\u00e9s de un recorrido por el municipio por parte del jefe de la comuna quien atendi\u00f3 de inmediato estas emergencias.<\/p><div class=\"elmet-contenido\" id=\"elmet-810199501\"><div class=\"elmet-adlabel\">Anuncios<\/div><div style=\"margin-top: 20px;margin-right: 20px;margin-bottom: 20px;margin-left: 20px;\" id=\"elmet-62171040\"><a href=\"https:\/\/www.facebook.com\/arrincuanantigua\/\" aria-label=\"cintillo-arrin-cual\"><img loading=\"lazy\" decoding=\"async\" src=\"https:\/\/elmetropolitano.com.gt\/es\/wp-content\/uploads\/2021\/11\/cintillo-arrin-cual-1.jpg\" alt=\"\"  srcset=\"https:\/\/elmetropolitano.com.gt\/es\/wp-content\/uploads\/2021\/11\/cintillo-arrin-cual-1.jpg 750w, https:\/\/elmetropolitano.com.gt\/es\/wp-content\/uploads\/2021\/11\/cintillo-arrin-cual-1-300x36.jpg 300w, https:\/\/elmetropolitano.com.gt\/es\/wp-content\/uploads\/2021\/11\/cintillo-arrin-cual-1-600x72.jpg 600w\" sizes=\"(max-width: 750px) 100vw, 750px\" width=\"750\" height=\"90\"   \/><\/a><\/div><\/div>\n\n\n\n<p>\u201cQuiero aprovechar para agradecer p\u00fablicamente a los equipos municipales que han estado al pie del ca\u00f1\u00f3n, sin importar la hora, resolviendo cada situaci\u00f3n con mucho compromiso\u201d, dijo el alcalde Yener Plaza quien se encuentra pendiente de lo que pasa en este sector.<\/p>\n\n\n\n<p>Texto Mario Rolando Reyes<\/p>\n\n\n\n<p>#SanLucasSac #ServicioYDesarrollo #TemporadaDeLluvias #metroredes&nbsp; <a href=\"http:\/\/www.elmetropolitano.com.gt\">www.elmetropolitano.com.gt<\/a>&nbsp; <a href=\"http:\/\/www.metroredes.com\">www.metroredes.com<\/a><\/p>\n\n\n\n<figure class=\"wp-block-gallery has-nested-images columns-default is-cropped wp-block-gallery-1 is-layout-flex wp-block-gallery-is-layout-flex\">\n<figure class=\"wp-block-image size-large\"><img loading=\"lazy\" decoding=\"async\" width=\"768\" height=\"1024\" data-id=\"105490\" src=\"https:\/\/elmetropolitano.com.gt\/es\/wp-content\/uploads\/2025\/06\/507745257_24272998762317840_8397525260905429949_n-768x1024.jpg\" alt=\"\" class=\"wp-image-105490\" srcset=\"https:\/\/elmetropolitano.com.gt\/es\/wp-content\/uploads\/2025\/06\/507745257_24272998762317840_8397525260905429949_n-768x1024.jpg 768w, https:\/\/elmetropolitano.com.gt\/es\/wp-content\/uploads\/2025\/06\/507745257_24272998762317840_8397525260905429949_n-225x300.jpg 225w, https:\/\/elmetropolitano.com.gt\/es\/wp-content\/uploads\/2025\/06\/507745257_24272998762317840_8397525260905429949_n.jpg 960w\" sizes=\"auto, (max-width: 768px) 100vw, 768px\" \/><\/figure>\n\n\n\n<figure class=\"wp-block-image size-large\"><img loading=\"lazy\" decoding=\"async\" width=\"768\" height=\"1024\" data-id=\"105489\" src=\"https:\/\/elmetropolitano.com.gt\/es\/wp-content\/uploads\/2025\/06\/508648727_24272997995651250_6494503565473501551_n-768x1024.jpg\" alt=\"\" class=\"wp-image-105489\" srcset=\"https:\/\/elmetropolitano.com.gt\/es\/wp-content\/uploads\/2025\/06\/508648727_24272997995651250_6494503565473501551_n-768x1024.jpg 768w, https:\/\/elmetropolitano.com.gt\/es\/wp-content\/uploads\/2025\/06\/508648727_24272997995651250_6494503565473501551_n-225x300.jpg 225w, https:\/\/elmetropolitano.com.gt\/es\/wp-content\/uploads\/2025\/06\/508648727_24272997995651250_6494503565473501551_n.jpg 852w\" sizes=\"auto, (max-width: 768px) 100vw, 768px\" \/><\/figure>\n\n\n\n<figure class=\"wp-block-image size-large\"><img loading=\"lazy\" decoding=\"async\" width=\"768\" height=\"1024\" data-id=\"105495\" src=\"https:\/\/elmetropolitano.com.gt\/es\/wp-content\/uploads\/2025\/06\/508880558_24272998482317868_4130791361926916840_n-768x1024.jpg\" alt=\"\" class=\"wp-image-105495\" srcset=\"https:\/\/elmetropolitano.com.gt\/es\/wp-content\/uploads\/2025\/06\/508880558_24272998482317868_4130791361926916840_n-768x1024.jpg 768w, https:\/\/elmetropolitano.com.gt\/es\/wp-content\/uploads\/2025\/06\/508880558_24272998482317868_4130791361926916840_n-225x300.jpg 225w, https:\/\/elmetropolitano.com.gt\/es\/wp-content\/uploads\/2025\/06\/508880558_24272998482317868_4130791361926916840_n.jpg 960w\" sizes=\"auto, (max-width: 768px) 100vw, 768px\" \/><\/figure>\n\n\n\n<figure class=\"wp-block-image size-large\"><img loading=\"lazy\" decoding=\"async\" width=\"788\" height=\"591\" data-id=\"105487\" src=\"https:\/\/elmetropolitano.com.gt\/es\/wp-content\/uploads\/2025\/06\/508978829_24272998268984556_5968850611222820259_n-1.jpg\" alt=\"\" class=\"wp-image-105487\" srcset=\"https:\/\/elmetropolitano.com.gt\/es\/wp-content\/uploads\/2025\/06\/508978829_24272998268984556_5968850611222820259_n-1.jpg 788w, https:\/\/elmetropolitano.com.gt\/es\/wp-content\/uploads\/2025\/06\/508978829_24272998268984556_5968850611222820259_n-1-300x225.jpg 300w, https:\/\/elmetropolitano.com.gt\/es\/wp-content\/uploads\/2025\/06\/508978829_24272998268984556_5968850611222820259_n-1-768x576.jpg 768w\" sizes=\"auto, (max-width: 788px) 100vw, 788px\" \/><\/figure>\n\n\n\n<figure class=\"wp-block-image size-large\"><img loading=\"lazy\" decoding=\"async\" width=\"1024\" height=\"768\" data-id=\"105488\" src=\"https:\/\/elmetropolitano.com.gt\/es\/wp-content\/uploads\/2025\/06\/509043616_24272997985651251_4225297441137118139_n-1024x768.jpg\" alt=\"\" class=\"wp-image-105488\" srcset=\"https:\/\/elmetropolitano.com.gt\/es\/wp-content\/uploads\/2025\/06\/509043616_24272997985651251_4225297441137118139_n-1024x768.jpg 1024w, https:\/\/elmetropolitano.com.gt\/es\/wp-content\/uploads\/2025\/06\/509043616_24272997985651251_4225297441137118139_n-300x225.jpg 300w, https:\/\/elmetropolitano.com.gt\/es\/wp-content\/uploads\/2025\/06\/509043616_24272997985651251_4225297441137118139_n-768x576.jpg 768w, https:\/\/elmetropolitano.com.gt\/es\/wp-content\/uploads\/2025\/06\/509043616_24272997985651251_4225297441137118139_n.jpg 1175w\" sizes=\"auto, (max-width: 1024px) 100vw, 1024px\" \/><\/figure>\n\n\n\n<figure class=\"wp-block-image size-large\"><img loading=\"lazy\" decoding=\"async\" width=\"768\" height=\"1024\" data-id=\"105491\" src=\"https:\/\/elmetropolitano.com.gt\/es\/wp-content\/uploads\/2025\/06\/509356826_24272998808984502_3341608617984829453_n-768x1024.jpg\" alt=\"\" class=\"wp-image-105491\" srcset=\"https:\/\/elmetropolitano.com.gt\/es\/wp-content\/uploads\/2025\/06\/509356826_24272998808984502_3341608617984829453_n-768x1024.jpg 768w, https:\/\/elmetropolitano.com.gt\/es\/wp-content\/uploads\/2025\/06\/509356826_24272998808984502_3341608617984829453_n-225x300.jpg 225w, https:\/\/elmetropolitano.com.gt\/es\/wp-content\/uploads\/2025\/06\/509356826_24272998808984502_3341608617984829453_n.jpg 960w\" sizes=\"auto, (max-width: 768px) 100vw, 768px\" \/><\/figure>\n\n\n\n<figure class=\"wp-block-image size-large\"><img loading=\"lazy\" decoding=\"async\" width=\"1024\" height=\"768\" data-id=\"105493\" src=\"https:\/\/elmetropolitano.com.gt\/es\/wp-content\/uploads\/2025\/06\/509359622_24272998668984516_6694175044652990417_n-1024x768.jpg\" alt=\"\" class=\"wp-image-105493\" srcset=\"https:\/\/elmetropolitano.com.gt\/es\/wp-content\/uploads\/2025\/06\/509359622_24272998668984516_6694175044652990417_n-1024x768.jpg 1024w, https:\/\/elmetropolitano.com.gt\/es\/wp-content\/uploads\/2025\/06\/509359622_24272998668984516_6694175044652990417_n-300x225.jpg 300w, https:\/\/elmetropolitano.com.gt\/es\/wp-content\/uploads\/2025\/06\/509359622_24272998668984516_6694175044652990417_n-768x576.jpg 768w, https:\/\/elmetropolitano.com.gt\/es\/wp-content\/uploads\/2025\/06\/509359622_24272998668984516_6694175044652990417_n.jpg 1280w\" sizes=\"auto, (max-width: 1024px) 100vw, 1024px\" \/><\/figure>\n\n\n\n<figure class=\"wp-block-image size-large\"><img loading=\"lazy\" decoding=\"async\" width=\"768\" height=\"1024\" data-id=\"105494\" src=\"https:\/\/elmetropolitano.com.gt\/es\/wp-content\/uploads\/2025\/06\/509361477_24272998312317885_3971824320474229631_n-768x1024.jpg\" alt=\"\" class=\"wp-image-105494\" srcset=\"https:\/\/elmetropolitano.com.gt\/es\/wp-content\/uploads\/2025\/06\/509361477_24272998312317885_3971824320474229631_n-768x1024.jpg 768w, https:\/\/elmetropolitano.com.gt\/es\/wp-content\/uploads\/2025\/06\/509361477_24272998312317885_3971824320474229631_n-225x300.jpg 225w, https:\/\/elmetropolitano.com.gt\/es\/wp-content\/uploads\/2025\/06\/509361477_24272998312317885_3971824320474229631_n.jpg 960w\" sizes=\"auto, (max-width: 768px) 100vw, 768px\" \/><\/figure>\n\n\n\n<figure class=\"wp-block-image size-large\"><img loading=\"lazy\" decoding=\"async\" width=\"768\" height=\"1024\" data-id=\"105492\" src=\"https:\/\/elmetropolitano.com.gt\/es\/wp-content\/uploads\/2025\/06\/509442324_24272998038984579_3538156782635641424_n-768x1024.jpg\" alt=\"\" class=\"wp-image-105492\" srcset=\"https:\/\/elmetropolitano.com.gt\/es\/wp-content\/uploads\/2025\/06\/509442324_24272998038984579_3538156782635641424_n-768x1024.jpg 768w, https:\/\/elmetropolitano.com.gt\/es\/wp-content\/uploads\/2025\/06\/509442324_24272998038984579_3538156782635641424_n-225x300.jpg 225w, https:\/\/elmetropolitano.com.gt\/es\/wp-content\/uploads\/2025\/06\/509442324_24272998038984579_3538156782635641424_n.jpg 960w\" sizes=\"auto, (max-width: 768px) 100vw, 768px\" \/><\/figure>\n<\/figure>\n","protected":false},"excerpt":{"rendered":"<p>Ante las serie de emergencias que ocurrieron por las lluvias de los \u00faltimos d\u00edas, la administraci\u00f3n municipal de San Lucas Sacatep\u00e9quez, que dirige el alcalde Yener Plaza, moviliz\u00f3 cuadrillas para cubrir los da\u00f1os y dejar todo expedito para una buena circulaci\u00f3n de vecinos. \u00c1rboles y ramas ca\u00eddas en diferentes sectores del municipio fueron retiradas por <a class=\"read-more\" href=\"https:\/\/elmetropolitano.com.gt\/es\/comuna-sanluquena-trabaja-emergencias-que-dejaron-las-lluvias\/\">Leer m\u00e1s<\/a><\/p>\n","protected":false},"author":1,"featured_media":105486,"comment_status":"open","ping_status":"closed","sticky":false,"template":"","format":"standard","meta":{"footnotes":""},"categories":[3],"tags":[10],"class_list":["post-105485","post","type-post","status-publish","format-standard","has-post-thumbnail","hentry","category-locales","tag-locales"],"_links":{"self":[{"href":"https:\/\/elmetropolitano.com.gt\/es\/wp-json\/wp\/v2\/posts\/105485","targetHints":{"allow":["GET"]}}],"collection":[{"href":"https:\/\/elmetropolitano.com.gt\/es\/wp-json\/wp\/v2\/posts"}],"about":[{"href":"https:\/\/elmetropolitano.com.gt\/es\/wp-json\/wp\/v2\/types\/post"}],"author":[{"embeddable":true,"href":"https:\/\/elmetropolitano.com.gt\/es\/wp-json\/wp\/v2\/users\/1"}],"replies":[{"embeddable":true,"href":"https:\/\/elmetropolitano.com.gt\/es\/wp-json\/wp\/v2\/comments?post=105485"}],"version-history":[{"count":1,"href":"https:\/\/elmetropolitano.com.gt\/es\/wp-json\/wp\/v2\/posts\/105485\/revisions"}],"predecessor-version":[{"id":105496,"href":"https:\/\/elmetropolitano.com.gt\/es\/wp-json\/wp\/v2\/posts\/105485\/revisions\/105496"}],"wp:featuredmedia":[{"embeddable":true,"href":"https:\/\/elmetropolitano.com.gt\/es\/wp-json\/wp\/v2\/media\/105486"}],"wp:attachment":[{"href":"https:\/\/elmetropolitano.com.gt\/es\/wp-json\/wp\/v2\/media?parent=105485"}],"wp:term":[{"taxonomy":"category","embeddable":true,"href":"https:\/\/elmetropolitano.com.gt\/es\/wp-json\/wp\/v2\/categories?post=105485"},{"taxonomy":"post_tag","embeddable":true,"href":"https:\/\/elmetropolitano.com.gt\/es\/wp-json\/wp\/v2\/tags?post=105485"}],"curies":[{"name":"wp","href":"https:\/\/api.w.org\/{rel}","templated":true}]}}