{"id":105658,"date":"2025-06-23T09:58:25","date_gmt":"2025-06-23T15:58:25","guid":{"rendered":"https:\/\/elmetropolitano.com.gt\/es\/?p=105658"},"modified":"2025-06-23T09:58:25","modified_gmt":"2025-06-23T15:58:25","slug":"reportan-un-ataque-contra-una-base-militar-de-ee-uu-en-siria","status":"publish","type":"post","link":"https:\/\/elmetropolitano.com.gt\/es\/reportan-un-ataque-contra-una-base-militar-de-ee-uu-en-siria\/","title":{"rendered":"Reportan un ataque contra una base militar de EE.UU en Siria"},"content":{"rendered":"\n<p><a><\/a>La base militar de Kasrek, ubicada en el noreste de Siria, en la que se encuentran desplegadas tropas de EE.UU., ha sufrido un ataque, seg\u00fan reportan las agencias iran\u00edes Mehr y Fars. La base se sit\u00faa en la gobernaci\u00f3n de Hasaka.<\/p>\n\n\n\n<p>Ambas agencias difundieron la informaci\u00f3n al respecto citando a fuentes an\u00f3nimas.<\/p><div class=\"elmet-contenido\" id=\"elmet-2710331455\"><div class=\"elmet-adlabel\">Anuncios<\/div><div style=\"margin-top: 20px;margin-right: 20px;margin-bottom: 20px;margin-left: 20px;\" id=\"elmet-1903804883\"><a href=\"https:\/\/www.facebook.com\/arrincuanantigua\/\" aria-label=\"cintillo-arrin-cual\"><img loading=\"lazy\" decoding=\"async\" src=\"https:\/\/elmetropolitano.com.gt\/es\/wp-content\/uploads\/2021\/11\/cintillo-arrin-cual-1.jpg\" alt=\"\"  srcset=\"https:\/\/elmetropolitano.com.gt\/es\/wp-content\/uploads\/2021\/11\/cintillo-arrin-cual-1.jpg 750w, https:\/\/elmetropolitano.com.gt\/es\/wp-content\/uploads\/2021\/11\/cintillo-arrin-cual-1-300x36.jpg 300w, https:\/\/elmetropolitano.com.gt\/es\/wp-content\/uploads\/2021\/11\/cintillo-arrin-cual-1-600x72.jpg 600w\" sizes=\"(max-width: 750px) 100vw, 750px\" width=\"750\" height=\"90\"   \/><\/a><\/div><\/div>\n\n\n\n<p>Fars reporta, con referencia a un portal de noticias local, que el ataque provoc\u00f3 \u00abun estado de alerta entre las fuerzas estadounidenses\u00bb y la implementaci\u00f3n de estrictas medidas de seguridad.<\/p>\n\n\n\n<p>De momento no hay informaci\u00f3n oficial sobre la ofensiva. No se reporta qui\u00e9n fue el autor del ataque.<\/p>\n\n\n\n<p>Escalada en Oriente Medio<\/p>\n\n\n\n<p>Los hechos tienen lugar en medio de una nueva escalada b\u00e9lica en Oriente Medio.<\/p>\n\n\n\n<p>Desde la madrugada del 13 de junio, cuando Israel lanz\u00f3 un ataque no provocado contra Ir\u00e1n, las dos naciones han estado intercambiando bombardeos. El pasado s\u00e1bado, la Fuerza A\u00e9rea de EE.UU. atac\u00f3 las instalaciones nucleares iran\u00edes de Natanz, Isfah\u00e1n y Fordo.<\/p>\n\n\n\n<p>Varios pol\u00edticos y l\u00edderes mundiales han condenado las acciones de Washington, calific\u00e1ndolas de \u00abpeligrosa escalada\u00bb y \u00abacto criminal\u00bb. Desde el Ministerio de Asuntos Exteriores ruso advirtieron que \u00abel riesgo de una escalada del conflicto en Oriente Medio, ya sumido en m\u00faltiples crisis, ha aumentado significativamente\u00bb. Seg\u00fan la Canciller\u00eda, se trata de \u00abuna grave violaci\u00f3n del derecho internacional, la Carta de las Naciones Unidas y las resoluciones del Consejo de Seguridad de la ONU\u00bb.<\/p>\n\n\n\n<p>A su vez, el representante permanente de Rusia ante la ONU, Vasili Nebenzia, enfatiz\u00f3 que, con su ofensiva, el pa\u00eds norteamericano confirma que \u00abpara preservar su hegemon\u00eda en el mundo est\u00e1 dispuesto a cometer cualquier crimen y a violar el derecho internacional\u00bb, subrayando que \u00abnadie ha autorizado\u00bb a Washington emprender tales acciones.<\/p>\n\n\n\n<p><a href=\"https:\/\/www.facebook.com\/hashtag\/conflictoorientemedio?__eep__=6&amp;__cft__[0]=AZXJdlTZhq4yRGiFQQ81LV1DVTMq5knTr1Yt7_47WBMjuNrVmtzR5YFWtYPfSu4Mx87HumYFMn3ogrlh36PIiDYK9TZrqSo2I-uwC70DO9lK7d7MYzJlkoHsIBw4uYbwAliHTdnB4o08AzVu_nt3tzNkeabOvGr2aG-ikafgUnTcSjUS1CV4WhmWzLXUlJ74CW_haqeUhKGq5wyFAYgRwo4h&amp;__tn__=*NK-R\">#conflictoorientemedio<\/a><\/p>\n","protected":false},"excerpt":{"rendered":"<p>La base militar de Kasrek, ubicada en el noreste de Siria, en la que se encuentran desplegadas tropas de EE.UU., ha sufrido un ataque, seg\u00fan reportan las agencias iran\u00edes Mehr y Fars. La base se sit\u00faa en la gobernaci\u00f3n de Hasaka. Ambas agencias difundieron la informaci\u00f3n al respecto citando a fuentes an\u00f3nimas. Fars reporta, con <a class=\"read-more\" href=\"https:\/\/elmetropolitano.com.gt\/es\/reportan-un-ataque-contra-una-base-militar-de-ee-uu-en-siria\/\">Leer m\u00e1s<\/a><\/p>\n","protected":false},"author":1,"featured_media":105659,"comment_status":"open","ping_status":"closed","sticky":false,"template":"","format":"standard","meta":{"footnotes":""},"categories":[14],"tags":[15],"class_list":["post-105658","post","type-post","status-publish","format-standard","has-post-thumbnail","hentry","category-internacionales","tag-internacionales"],"_links":{"self":[{"href":"https:\/\/elmetropolitano.com.gt\/es\/wp-json\/wp\/v2\/posts\/105658","targetHints":{"allow":["GET"]}}],"collection":[{"href":"https:\/\/elmetropolitano.com.gt\/es\/wp-json\/wp\/v2\/posts"}],"about":[{"href":"https:\/\/elmetropolitano.com.gt\/es\/wp-json\/wp\/v2\/types\/post"}],"author":[{"embeddable":true,"href":"https:\/\/elmetropolitano.com.gt\/es\/wp-json\/wp\/v2\/users\/1"}],"replies":[{"embeddable":true,"href":"https:\/\/elmetropolitano.com.gt\/es\/wp-json\/wp\/v2\/comments?post=105658"}],"version-history":[{"count":1,"href":"https:\/\/elmetropolitano.com.gt\/es\/wp-json\/wp\/v2\/posts\/105658\/revisions"}],"predecessor-version":[{"id":105660,"href":"https:\/\/elmetropolitano.com.gt\/es\/wp-json\/wp\/v2\/posts\/105658\/revisions\/105660"}],"wp:featuredmedia":[{"embeddable":true,"href":"https:\/\/elmetropolitano.com.gt\/es\/wp-json\/wp\/v2\/media\/105659"}],"wp:attachment":[{"href":"https:\/\/elmetropolitano.com.gt\/es\/wp-json\/wp\/v2\/media?parent=105658"}],"wp:term":[{"taxonomy":"category","embeddable":true,"href":"https:\/\/elmetropolitano.com.gt\/es\/wp-json\/wp\/v2\/categories?post=105658"},{"taxonomy":"post_tag","embeddable":true,"href":"https:\/\/elmetropolitano.com.gt\/es\/wp-json\/wp\/v2\/tags?post=105658"}],"curies":[{"name":"wp","href":"https:\/\/api.w.org\/{rel}","templated":true}]}}