{"id":105698,"date":"2025-06-23T20:13:51","date_gmt":"2025-06-24T02:13:51","guid":{"rendered":"https:\/\/elmetropolitano.com.gt\/es\/?p=105698"},"modified":"2025-06-23T20:13:52","modified_gmt":"2025-06-24T02:13:52","slug":"trump-afirma-que-israel-e-iran-han-acordado-un-alto-al-fuego-total","status":"publish","type":"post","link":"https:\/\/elmetropolitano.com.gt\/es\/trump-afirma-que-israel-e-iran-han-acordado-un-alto-al-fuego-total\/","title":{"rendered":"Trump afirma que Israel e Ir\u00e1n han acordado un alto al fuego total"},"content":{"rendered":"\n<p><a><\/a>El presidente de Estados Unidos, Donald Trump, anunci\u00f3 este lunes que Israel e Ir\u00e1n han alcanzado un \u201calto el fuego total\u201d durante doce horas, tiempo tras el cual se\u00f1al\u00f3 que se considerar\u00e1 que la guerra entre ambos pa\u00edses \u201chabr\u00e1 terminado\u201d.<\/p>\n\n\n\n<p>Noticia en desarrollo<\/p><div class=\"elmet-contenido\" id=\"elmet-643275948\"><div class=\"elmet-adlabel\">Anuncios<\/div><div style=\"margin-top: 20px;margin-right: 20px;margin-bottom: 20px;margin-left: 20px;\" id=\"elmet-2692838845\"><a href=\"https:\/\/www.facebook.com\/arrincuanantigua\/\" aria-label=\"cintillo-arrin-cual\"><img loading=\"lazy\" decoding=\"async\" src=\"https:\/\/elmetropolitano.com.gt\/es\/wp-content\/uploads\/2021\/11\/cintillo-arrin-cual-1.jpg\" alt=\"\"  srcset=\"https:\/\/elmetropolitano.com.gt\/es\/wp-content\/uploads\/2021\/11\/cintillo-arrin-cual-1.jpg 750w, https:\/\/elmetropolitano.com.gt\/es\/wp-content\/uploads\/2021\/11\/cintillo-arrin-cual-1-300x36.jpg 300w, https:\/\/elmetropolitano.com.gt\/es\/wp-content\/uploads\/2021\/11\/cintillo-arrin-cual-1-600x72.jpg 600w\" sizes=\"(max-width: 750px) 100vw, 750px\" width=\"750\" height=\"90\"   \/><\/a><\/div><\/div>\n\n\n\n<figure class=\"wp-block-gallery has-nested-images columns-default is-cropped wp-block-gallery-1 is-layout-flex wp-block-gallery-is-layout-flex\">\n<figure class=\"wp-block-image size-large\"><img loading=\"lazy\" decoding=\"async\" width=\"517\" height=\"565\" data-id=\"105700\" src=\"https:\/\/elmetropolitano.com.gt\/es\/wp-content\/uploads\/2025\/06\/499637042_1254884323304315_9093862767123336755_n-1.jpg\" alt=\"\" class=\"wp-image-105700\" srcset=\"https:\/\/elmetropolitano.com.gt\/es\/wp-content\/uploads\/2025\/06\/499637042_1254884323304315_9093862767123336755_n-1.jpg 517w, https:\/\/elmetropolitano.com.gt\/es\/wp-content\/uploads\/2025\/06\/499637042_1254884323304315_9093862767123336755_n-1-275x300.jpg 275w\" sizes=\"auto, (max-width: 517px) 100vw, 517px\" \/><\/figure>\n<\/figure>\n","protected":false},"excerpt":{"rendered":"<p>El presidente de Estados Unidos, Donald Trump, anunci\u00f3 este lunes que Israel e Ir\u00e1n han alcanzado un \u201calto el fuego total\u201d durante doce horas, tiempo tras el cual se\u00f1al\u00f3 que se considerar\u00e1 que la guerra entre ambos pa\u00edses \u201chabr\u00e1 terminado\u201d. Noticia en desarrollo<\/p>\n","protected":false},"author":1,"featured_media":105699,"comment_status":"open","ping_status":"closed","sticky":false,"template":"","format":"standard","meta":{"footnotes":""},"categories":[14],"tags":[15],"class_list":["post-105698","post","type-post","status-publish","format-standard","has-post-thumbnail","hentry","category-internacionales","tag-internacionales"],"_links":{"self":[{"href":"https:\/\/elmetropolitano.com.gt\/es\/wp-json\/wp\/v2\/posts\/105698","targetHints":{"allow":["GET"]}}],"collection":[{"href":"https:\/\/elmetropolitano.com.gt\/es\/wp-json\/wp\/v2\/posts"}],"about":[{"href":"https:\/\/elmetropolitano.com.gt\/es\/wp-json\/wp\/v2\/types\/post"}],"author":[{"embeddable":true,"href":"https:\/\/elmetropolitano.com.gt\/es\/wp-json\/wp\/v2\/users\/1"}],"replies":[{"embeddable":true,"href":"https:\/\/elmetropolitano.com.gt\/es\/wp-json\/wp\/v2\/comments?post=105698"}],"version-history":[{"count":1,"href":"https:\/\/elmetropolitano.com.gt\/es\/wp-json\/wp\/v2\/posts\/105698\/revisions"}],"predecessor-version":[{"id":105701,"href":"https:\/\/elmetropolitano.com.gt\/es\/wp-json\/wp\/v2\/posts\/105698\/revisions\/105701"}],"wp:featuredmedia":[{"embeddable":true,"href":"https:\/\/elmetropolitano.com.gt\/es\/wp-json\/wp\/v2\/media\/105699"}],"wp:attachment":[{"href":"https:\/\/elmetropolitano.com.gt\/es\/wp-json\/wp\/v2\/media?parent=105698"}],"wp:term":[{"taxonomy":"category","embeddable":true,"href":"https:\/\/elmetropolitano.com.gt\/es\/wp-json\/wp\/v2\/categories?post=105698"},{"taxonomy":"post_tag","embeddable":true,"href":"https:\/\/elmetropolitano.com.gt\/es\/wp-json\/wp\/v2\/tags?post=105698"}],"curies":[{"name":"wp","href":"https:\/\/api.w.org\/{rel}","templated":true}]}}