{"id":105715,"date":"2025-06-24T08:33:35","date_gmt":"2025-06-24T14:33:35","guid":{"rendered":"https:\/\/elmetropolitano.com.gt\/es\/?p=105715"},"modified":"2025-06-24T08:33:35","modified_gmt":"2025-06-24T14:33:35","slug":"canciller-de-iran-hasta-el-momento-no-hay-ningun-acuerdo-sobre-el-alto-al-fuego","status":"publish","type":"post","link":"https:\/\/elmetropolitano.com.gt\/es\/canciller-de-iran-hasta-el-momento-no-hay-ningun-acuerdo-sobre-el-alto-al-fuego\/","title":{"rendered":"Canciller de Ir\u00e1n: \u00abHasta el momento no hay ning\u00fan acuerdo sobre el alto al fuego"},"content":{"rendered":"\n<p>El ministro de Exteriores de Ir\u00e1n, Ab\u00e1s Araqch\u00ed, asegur\u00f3 este martes en sus redes sociales que no hay un acuerdo sobre un alto el fuego ni un cese de operaciones con Israel, a pesar del anuncio previo del presidente estadounidense, Donald Trump, de un alto el fuego total entre ambos pa\u00edses.<\/p>\n\n\n\n<p>\u201cPor el momento, no hay un acuerdo sobre un alto el fuego o un cese de las operaciones\u201d, expreso Araqch\u00ed en un mensaje en la red social X. Como he dicho repetidamente, fue el r\u00e9gimen israel\u00ed que empez\u00f3 la guerra, no nosotros, agreg\u00f3.<\/p><div class=\"elmet-contenido\" id=\"elmet-710699611\"><div class=\"elmet-adlabel\">Anuncios<\/div><div style=\"margin-top: 20px;margin-right: 20px;margin-bottom: 20px;margin-left: 20px;\" id=\"elmet-3601300824\"><a href=\"https:\/\/www.facebook.com\/arrincuanantigua\/\" aria-label=\"cintillo-arrin-cual\"><img loading=\"lazy\" decoding=\"async\" src=\"https:\/\/elmetropolitano.com.gt\/es\/wp-content\/uploads\/2021\/11\/cintillo-arrin-cual-1.jpg\" alt=\"\"  srcset=\"https:\/\/elmetropolitano.com.gt\/es\/wp-content\/uploads\/2021\/11\/cintillo-arrin-cual-1.jpg 750w, https:\/\/elmetropolitano.com.gt\/es\/wp-content\/uploads\/2021\/11\/cintillo-arrin-cual-1-300x36.jpg 300w, https:\/\/elmetropolitano.com.gt\/es\/wp-content\/uploads\/2021\/11\/cintillo-arrin-cual-1-600x72.jpg 600w\" sizes=\"(max-width: 750px) 100vw, 750px\" width=\"750\" height=\"90\"   \/><\/a><\/div><\/div>\n\n\n\n<p>Sin embargo, el ministro iran\u00ed abri\u00f3 la puerta a la posibilidad de pausar los ataques y asegur\u00f3 que si Israel pone fin a su agresi\u00f3n ilegal contra Ir\u00e1n para las 4:00 de la madrugada en hora local (00:30 GMT) Ir\u00e1n no tendr\u00e1 intenci\u00f3n de continuar con su respuesta.<\/p>\n\n\n\n<p>El mensaje fue publicado pasadas 4:00 de la madrugada, mientras varios medios iran\u00edes informaban de nuevas explosiones en zonas de Teher\u00e1n, la capital del pa\u00eds.<\/p>\n\n\n\n<p>La decisi\u00f3n final del cese de las operaciones militares la tomaremos posteriormente, asegur\u00f3 Araqch\u00ed.<\/p>\n\n\n\n<p>Poco despu\u00e9s, el ministro de Exteriores public\u00f3 un nuevo mensaje en el que asegur\u00f3 que el Ej\u00e9rcito iran\u00ed continu\u00f3 sus operaciones para castigar a Israel hasta el \u00faltimo minuto a las 4:00.<\/p>\n\n\n\n<p><a href=\"https:\/\/www.facebook.com\/hashtag\/conflictoorientemedio?__eep__=6&amp;__cft__[0]=AZVuLEkw7EjfRdVkA-trvzcMUkwP72H8DSyQpAN61uosOAPzWKWGT82m7SiW0T-oC-lLpY2VKRmetamsvLxykntcDwc24MzenVBmTJ18jekqxSPMQ-ppjPLwO3QNO4bbp4fKtYvVhGk-wTCspc3ZuP8C5mJ8fReqpIfVVQjNwPOoII7T983m8cPgtpm1zaH-yyHG2HOLmB4MoJRSyioxSMhJ&amp;__tn__=*NK-R\">#ConflictoOrienteMedio<\/a><a href=\"https:\/\/www.facebook.com\/hashtag\/metroredes?__eep__=6&amp;__cft__[0]=AZVuLEkw7EjfRdVkA-trvzcMUkwP72H8DSyQpAN61uosOAPzWKWGT82m7SiW0T-oC-lLpY2VKRmetamsvLxykntcDwc24MzenVBmTJ18jekqxSPMQ-ppjPLwO3QNO4bbp4fKtYvVhGk-wTCspc3ZuP8C5mJ8fReqpIfVVQjNwPOoII7T983m8cPgtpm1zaH-yyHG2HOLmB4MoJRSyioxSMhJ&amp;__tn__=*NK-R\">#metroredes<\/a><\/p>\n","protected":false},"excerpt":{"rendered":"<p>El ministro de Exteriores de Ir\u00e1n, Ab\u00e1s Araqch\u00ed, asegur\u00f3 este martes en sus redes sociales que no hay un acuerdo sobre un alto el fuego ni un cese de operaciones con Israel, a pesar del anuncio previo del presidente estadounidense, Donald Trump, de un alto el fuego total entre ambos pa\u00edses. \u201cPor el momento, no <a class=\"read-more\" href=\"https:\/\/elmetropolitano.com.gt\/es\/canciller-de-iran-hasta-el-momento-no-hay-ningun-acuerdo-sobre-el-alto-al-fuego\/\">Leer m\u00e1s<\/a><\/p>\n","protected":false},"author":1,"featured_media":105716,"comment_status":"open","ping_status":"closed","sticky":false,"template":"","format":"standard","meta":{"footnotes":""},"categories":[14],"tags":[15],"class_list":["post-105715","post","type-post","status-publish","format-standard","has-post-thumbnail","hentry","category-internacionales","tag-internacionales"],"_links":{"self":[{"href":"https:\/\/elmetropolitano.com.gt\/es\/wp-json\/wp\/v2\/posts\/105715","targetHints":{"allow":["GET"]}}],"collection":[{"href":"https:\/\/elmetropolitano.com.gt\/es\/wp-json\/wp\/v2\/posts"}],"about":[{"href":"https:\/\/elmetropolitano.com.gt\/es\/wp-json\/wp\/v2\/types\/post"}],"author":[{"embeddable":true,"href":"https:\/\/elmetropolitano.com.gt\/es\/wp-json\/wp\/v2\/users\/1"}],"replies":[{"embeddable":true,"href":"https:\/\/elmetropolitano.com.gt\/es\/wp-json\/wp\/v2\/comments?post=105715"}],"version-history":[{"count":1,"href":"https:\/\/elmetropolitano.com.gt\/es\/wp-json\/wp\/v2\/posts\/105715\/revisions"}],"predecessor-version":[{"id":105717,"href":"https:\/\/elmetropolitano.com.gt\/es\/wp-json\/wp\/v2\/posts\/105715\/revisions\/105717"}],"wp:featuredmedia":[{"embeddable":true,"href":"https:\/\/elmetropolitano.com.gt\/es\/wp-json\/wp\/v2\/media\/105716"}],"wp:attachment":[{"href":"https:\/\/elmetropolitano.com.gt\/es\/wp-json\/wp\/v2\/media?parent=105715"}],"wp:term":[{"taxonomy":"category","embeddable":true,"href":"https:\/\/elmetropolitano.com.gt\/es\/wp-json\/wp\/v2\/categories?post=105715"},{"taxonomy":"post_tag","embeddable":true,"href":"https:\/\/elmetropolitano.com.gt\/es\/wp-json\/wp\/v2\/tags?post=105715"}],"curies":[{"name":"wp","href":"https:\/\/api.w.org\/{rel}","templated":true}]}}