{"id":105725,"date":"2025-06-24T08:54:42","date_gmt":"2025-06-24T14:54:42","guid":{"rendered":"https:\/\/elmetropolitano.com.gt\/es\/?p=105725"},"modified":"2025-06-24T08:54:43","modified_gmt":"2025-06-24T14:54:43","slug":"trump-llama-a-netanyahu-momentos-despues-de-lanzar-una-dura-reprimenda-a-israel","status":"publish","type":"post","link":"https:\/\/elmetropolitano.com.gt\/es\/trump-llama-a-netanyahu-momentos-despues-de-lanzar-una-dura-reprimenda-a-israel\/","title":{"rendered":"Trump llama a Netanyahu momentos despu\u00e9s de lanzar una dura reprimenda a Israel"},"content":{"rendered":"\n<p>El presidente de EE.UU., Donald Trump, llam\u00f3 este martes al primer ministro israel\u00ed, Benjam\u00edn Netanyahu, despu\u00e9s de la lanzar una dura reprimenda contra el estado hebreo. \u00abPrimer anuncio: Trump ahora est\u00e1 hablando con Netanyahu\u00bb, inform\u00f3 el medio israel\u00ed N12 en X. Poco despu\u00e9s, en su red social, el mandatario estadounidense escribi\u00f3: \u00abIsrael no va a atacar a Ir\u00e1n. <\/p>\n\n\n\n<p>Todos los aviones dar\u00e1n la vuelta y regresar\u00e1n a casa, mientras realizan un saludo amistoso a Ir\u00e1n. Nadie resultar\u00e1 herido, \u00a1El alto el fuego est\u00e1 en vigor! \u00a1Gracias por su atenci\u00f3n a este asunto!\u00bb. Trump inst\u00f3 este martes a Israel a abstenerse de \u00ablanzar bombas\u00bb y a no violar el alto el fuego acordado con Ir\u00e1n. \u00abIsrael. No lances esas bombas. <\/p><div class=\"elmet-contenido\" id=\"elmet-3641550074\"><div class=\"elmet-adlabel\">Anuncios<\/div><div style=\"margin-top: 20px;margin-right: 20px;margin-bottom: 20px;margin-left: 20px;\" id=\"elmet-775235002\"><a href=\"https:\/\/www.facebook.com\/arrincuanantigua\/\" aria-label=\"cintillo-arrin-cual\"><img loading=\"lazy\" decoding=\"async\" src=\"https:\/\/elmetropolitano.com.gt\/es\/wp-content\/uploads\/2021\/11\/cintillo-arrin-cual-1.jpg\" alt=\"\"  srcset=\"https:\/\/elmetropolitano.com.gt\/es\/wp-content\/uploads\/2021\/11\/cintillo-arrin-cual-1.jpg 750w, https:\/\/elmetropolitano.com.gt\/es\/wp-content\/uploads\/2021\/11\/cintillo-arrin-cual-1-300x36.jpg 300w, https:\/\/elmetropolitano.com.gt\/es\/wp-content\/uploads\/2021\/11\/cintillo-arrin-cual-1-600x72.jpg 600w\" sizes=\"(max-width: 750px) 100vw, 750px\" width=\"750\" height=\"90\"   \/><\/a><\/div><\/div>\n\n\n\n<p>Si lo haces, es una violaci\u00f3n grave. Trae a tus pilotos a casa, \u00a1ahora!\u00bb, escribi\u00f3 en su red social, TruthSocial. El presidente estadounidense declar\u00f3 que tanto Israel como Ir\u00e1n han violado el alto el fuego, por lo que dijo que no estaba \u00abcontento\u00bb con Teher\u00e1n y Tel Aviv, antes de a\u00f1adir que s\u00ed se encontraba \u00abrealmente descontento\u00bb con Israel. En declaraciones a los medios, Trump dijo: \u00abIsrael e Ir\u00e1n llevan tanto tiempo y con tanta intensidad luchando que no saben qu\u00e9 demonios est\u00e1n haciendo, \u00bfentend\u00e9is eso?\u00bb. <\/p>\n\n\n\n<p>Alto el fuego entre Ir\u00e1n e Israel Este martes, Tel Aviv y Teher\u00e1n anunciaron un alto el fuego en medio de la escalada b\u00e9lica entre ambas naciones, iniciada despu\u00e9s de que Israel lanzara el 13 de junio un ataque no provocado contra instalaciones nucleares y militares iran\u00edes. <\/p>\n\n\n\n<p>La Secretar\u00eda del Consejo Supremo de Seguridad Nacional de Ir\u00e1n anunci\u00f3 en un comunicado \u00abla imposici\u00f3n de un cese de la guerra\u00bb, agregando que las Fuerzas Armadas de la naci\u00f3n persa \u00abrespondieron con valent\u00eda ejemplar, aplastando cada acto malvado del enemigo\u00bb. <\/p>\n\n\n\n<p>Al mismo tiempo, las autoridades iran\u00edes calificaron los resultados de su operaci\u00f3n contra Israel de \u00abuna victoria que oblig\u00f3 al rival a lamentar y aceptar la derrota y detener unilateralmente su ofensiva\u00bb. Desde Tel Aviv anunciaron que han aceptado la propuesta de un alto el fuego bilateral \u00abtras el logro de los objetivos de la operaci\u00f3n, y en plena coordinaci\u00f3n\u00bb con el presidente de EE.UU.<\/p>\n\n\n\n<p> <a href=\"https:\/\/x.com\/hashtag\/ConfictoOrientemedio?src=hashtag_click\">#ConfictoOrientemedio<\/a> <a href=\"https:\/\/x.com\/hashtag\/metroredes?src=hashtag_click\">#metroredes<\/a> <a href=\"https:\/\/x.com\/hashtag\/Israel?src=hashtag_click\">#Israel<\/a> <a href=\"https:\/\/x.com\/hashtag\/Iran?src=hashtag_click\">#Iran<\/a><\/p>\n","protected":false},"excerpt":{"rendered":"<p>El presidente de EE.UU., Donald Trump, llam\u00f3 este martes al primer ministro israel\u00ed, Benjam\u00edn Netanyahu, despu\u00e9s de la lanzar una dura reprimenda contra el estado hebreo. \u00abPrimer anuncio: Trump ahora est\u00e1 hablando con Netanyahu\u00bb, inform\u00f3 el medio israel\u00ed N12 en X. Poco despu\u00e9s, en su red social, el mandatario estadounidense escribi\u00f3: \u00abIsrael no va a <a class=\"read-more\" href=\"https:\/\/elmetropolitano.com.gt\/es\/trump-llama-a-netanyahu-momentos-despues-de-lanzar-una-dura-reprimenda-a-israel\/\">Leer m\u00e1s<\/a><\/p>\n","protected":false},"author":1,"featured_media":105726,"comment_status":"open","ping_status":"closed","sticky":false,"template":"","format":"standard","meta":{"footnotes":""},"categories":[14],"tags":[15],"class_list":["post-105725","post","type-post","status-publish","format-standard","has-post-thumbnail","hentry","category-internacionales","tag-internacionales"],"_links":{"self":[{"href":"https:\/\/elmetropolitano.com.gt\/es\/wp-json\/wp\/v2\/posts\/105725","targetHints":{"allow":["GET"]}}],"collection":[{"href":"https:\/\/elmetropolitano.com.gt\/es\/wp-json\/wp\/v2\/posts"}],"about":[{"href":"https:\/\/elmetropolitano.com.gt\/es\/wp-json\/wp\/v2\/types\/post"}],"author":[{"embeddable":true,"href":"https:\/\/elmetropolitano.com.gt\/es\/wp-json\/wp\/v2\/users\/1"}],"replies":[{"embeddable":true,"href":"https:\/\/elmetropolitano.com.gt\/es\/wp-json\/wp\/v2\/comments?post=105725"}],"version-history":[{"count":1,"href":"https:\/\/elmetropolitano.com.gt\/es\/wp-json\/wp\/v2\/posts\/105725\/revisions"}],"predecessor-version":[{"id":105727,"href":"https:\/\/elmetropolitano.com.gt\/es\/wp-json\/wp\/v2\/posts\/105725\/revisions\/105727"}],"wp:featuredmedia":[{"embeddable":true,"href":"https:\/\/elmetropolitano.com.gt\/es\/wp-json\/wp\/v2\/media\/105726"}],"wp:attachment":[{"href":"https:\/\/elmetropolitano.com.gt\/es\/wp-json\/wp\/v2\/media?parent=105725"}],"wp:term":[{"taxonomy":"category","embeddable":true,"href":"https:\/\/elmetropolitano.com.gt\/es\/wp-json\/wp\/v2\/categories?post=105725"},{"taxonomy":"post_tag","embeddable":true,"href":"https:\/\/elmetropolitano.com.gt\/es\/wp-json\/wp\/v2\/tags?post=105725"}],"curies":[{"name":"wp","href":"https:\/\/api.w.org\/{rel}","templated":true}]}}