{"id":105734,"date":"2025-06-24T12:10:16","date_gmt":"2025-06-24T18:10:16","guid":{"rendered":"https:\/\/elmetropolitano.com.gt\/es\/?p=105734"},"modified":"2025-06-24T12:10:16","modified_gmt":"2025-06-24T18:10:16","slug":"presidente-irani-anuncio-oficialmente-el-fin-de-la-guerra-de-12-dias-con-tel-aviv","status":"publish","type":"post","link":"https:\/\/elmetropolitano.com.gt\/es\/presidente-irani-anuncio-oficialmente-el-fin-de-la-guerra-de-12-dias-con-tel-aviv\/","title":{"rendered":"Presidente Iran\u00ed anunci\u00f3 oficialmente el fin de la \u00abGuerra de 12 d\u00edas\u00bb con Tel Aviv."},"content":{"rendered":"\n<p><a><\/a>El presidente de Ir\u00e1n, Masoud Pezeshkian, afirm\u00f3 este martes que su pa\u00eds fue el que termin\u00f3 la guerra que comenz\u00f3 Israel, pa\u00eds al que calific\u00f3 de \u00abterrorista\u00bb.<\/p>\n\n\n\n<p>\u00abSi bien el iniciador de esta guerra impuesta fue el enemigo terrorista, su fin fue determinado por la voluntad y la autoridad de la gran naci\u00f3n iran\u00ed\u00bb, enfatiz\u00f3 el mandatario en un mensaje a su pa\u00eds.<\/p><div class=\"elmet-contenido\" id=\"elmet-3060333415\"><div class=\"elmet-adlabel\">Anuncios<\/div><div style=\"margin-top: 20px;margin-right: 20px;margin-bottom: 20px;margin-left: 20px;\" id=\"elmet-2059403635\"><a href=\"https:\/\/www.facebook.com\/arrincuanantigua\/\" aria-label=\"cintillo-arrin-cual\"><img loading=\"lazy\" decoding=\"async\" src=\"https:\/\/elmetropolitano.com.gt\/es\/wp-content\/uploads\/2021\/11\/cintillo-arrin-cual-1.jpg\" alt=\"\"  srcset=\"https:\/\/elmetropolitano.com.gt\/es\/wp-content\/uploads\/2021\/11\/cintillo-arrin-cual-1.jpg 750w, https:\/\/elmetropolitano.com.gt\/es\/wp-content\/uploads\/2021\/11\/cintillo-arrin-cual-1-300x36.jpg 300w, https:\/\/elmetropolitano.com.gt\/es\/wp-content\/uploads\/2021\/11\/cintillo-arrin-cual-1-600x72.jpg 600w\" sizes=\"(max-width: 750px) 100vw, 750px\" width=\"750\" height=\"90\"   \/><\/a><\/div><\/div>\n\n\n\n<p>En su alocuci\u00f3n, Pezeshkian anunci\u00f3 oficialmente el fin de la \u00abGuerra de 12 d\u00edas\u00bb con Israel.<\/p>\n\n\n\n<p>\u00abMis queridos compatriotas; \u00a1querido y ferviente pueblo de Ir\u00e1n! Hoy, tras la valiente resistencia de su gran naci\u00f3n, que hizo historia, presenciamos un alto al fuego y el cese de la guerra de 12 d\u00edas impuesta a la naci\u00f3n iran\u00ed por el aventurerismo y la incitaci\u00f3n del r\u00e9gimen sionista\u00bb, expres\u00f3 al respecto.<\/p>\n\n\n\n<p>El presidente reiter\u00f3 los elogios a su naci\u00f3n, se\u00f1alando que durante el tiempo que duraron los ataques cruzados, \u00abel mundo observ\u00f3 la autoridad del gran Ir\u00e1n, que contaba con el apoyo de su pueblo\u00bb.<\/p>\n\n\n\n<p>\u00abTodo el honor de esta hist\u00f3rica victoria pertenece a la gran naci\u00f3n de Ir\u00e1n, creadora de civilizaci\u00f3n\u00bb, recalc\u00f3 en su mensaje.<\/p>\n\n\n\n<p>\u00bfQu\u00e9 dice Tel Aviv?<\/p>\n\n\n\n<p>Previamente, el jefe del Estado Mayor de las Fuerzas de Defensa de Israel (FDI), el teniente general Eyal Zamir, asegur\u00f3 que con el alto al fuego ha \u00abconcluido un cap\u00edtulo importante, pero la campa\u00f1a contra Ir\u00e1n no ha terminado\u00bb.<\/p>\n\n\n\n<p>\u00abEstamos entrando en una nueva fase que se basa en los logros de la operaci\u00f3n actual. Hemos retrasado a\u00f1os el proyecto nuclear de Ir\u00e1n y lo mismo ocurre con su programa de misiles\u00bb, declar\u00f3.<\/p>\n\n\n\n<p>Asimismo, calific\u00f3 de \u00abextraordinarios\u00bb los logros de Tel Aviv en su ofensiva contra Teher\u00e1n, destacando el \u00ab\u00f3ptimo rendimiento\u00bb de las FDI en sus labores de inteligencia, comunicaciones y operaciones a\u00e9reas, entre otras.<\/p>\n\n\n\n<p>Alto el fuego entre Ir\u00e1n e Israel<\/p>\n\n\n\n<p>Este martes, Tel Aviv y Teher\u00e1n anunciaron un alto el fuego en medio de la escalada b\u00e9lica entre ambas naciones, iniciada despu\u00e9s de que Israel lanzara el 13 de junio un ataque no provocado contra instalaciones nucleares y militares iran\u00edes.<\/p>\n\n\n\n<p>La Secretar\u00eda del Consejo Supremo de Seguridad Nacional de Ir\u00e1n anunci\u00f3 en un comunicado \u00abla imposici\u00f3n de un cese de la guerra\u00bb, agregando que las Fuerzas Armadas de la naci\u00f3n persa \u00abrespondieron con valent\u00eda ejemplar, aplastando cada acto malvado del enemigo\u00bb. Al mismo tiempo, las autoridades iran\u00edes calificaron los resultados de su operaci\u00f3n contra Israel de \u00abuna victoria que oblig\u00f3 al rival a lamentar y aceptar la derrota y detener unilateralmente su ofensiva\u00bb.<\/p>\n\n\n\n<p>Desde Tel Aviv anunciaron que han aceptado la propuesta de un alto el fuego bilateral \u00abtras el logro de los objetivos de la operaci\u00f3n, y en plena coordinaci\u00f3n\u00bb con el presidente de EE.UU<\/p>\n\n\n\n<p>texto RT<\/p>\n\n\n\n<p><a href=\"https:\/\/www.facebook.com\/hashtag\/finalaguerra?__eep__=6&amp;__cft__[0]=AZW39FC_djD9EORx0UDVLwQxsk1umoKZQE_1R6zslphiWqXotBjXuiUUv7u3AByvnwu5l_4_3Sv1exx3bDxOfWplhYQ2sOZPUir6znw-8pKJObItPNTe_wrroMT4lhItRc3FQ6NAEMXLEqpYwWVzyis1P82I9DYvbGIfC3KqBDu5M1poQaa_tr7qeYzDMy45xgJ0st0A018ogrelpodTevr7&amp;__tn__=*NK-R\">#FinALaGuerra<\/a><a href=\"https:\/\/www.facebook.com\/hashtag\/israel?__eep__=6&amp;__cft__[0]=AZW39FC_djD9EORx0UDVLwQxsk1umoKZQE_1R6zslphiWqXotBjXuiUUv7u3AByvnwu5l_4_3Sv1exx3bDxOfWplhYQ2sOZPUir6znw-8pKJObItPNTe_wrroMT4lhItRc3FQ6NAEMXLEqpYwWVzyis1P82I9DYvbGIfC3KqBDu5M1poQaa_tr7qeYzDMy45xgJ0st0A018ogrelpodTevr7&amp;__tn__=*NK-R\">#Israel<\/a><a href=\"https:\/\/www.facebook.com\/hashtag\/iran?__eep__=6&amp;__cft__[0]=AZW39FC_djD9EORx0UDVLwQxsk1umoKZQE_1R6zslphiWqXotBjXuiUUv7u3AByvnwu5l_4_3Sv1exx3bDxOfWplhYQ2sOZPUir6znw-8pKJObItPNTe_wrroMT4lhItRc3FQ6NAEMXLEqpYwWVzyis1P82I9DYvbGIfC3KqBDu5M1poQaa_tr7qeYzDMy45xgJ0st0A018ogrelpodTevr7&amp;__tn__=*NK-R\">#iran<\/a><a href=\"https:\/\/www.facebook.com\/hashtag\/metroredes?__eep__=6&amp;__cft__[0]=AZW39FC_djD9EORx0UDVLwQxsk1umoKZQE_1R6zslphiWqXotBjXuiUUv7u3AByvnwu5l_4_3Sv1exx3bDxOfWplhYQ2sOZPUir6znw-8pKJObItPNTe_wrroMT4lhItRc3FQ6NAEMXLEqpYwWVzyis1P82I9DYvbGIfC3KqBDu5M1poQaa_tr7qeYzDMy45xgJ0st0A018ogrelpodTevr7&amp;__tn__=*NK-R\">#Metroredes<\/a><\/p>\n\n\n\n<p><a href=\"http:\/\/www.elmetropolitano.com.gt\/?fbclid=IwZXh0bgNhZW0CMTAAYnJpZBExQ3pTSTB3clJEUmxZckJJdQEeAE32ohG7aViW-jNaEW5vEH-Ma3v-mbqWeISLh9nP8USiLhyCJaqcrzzsKu4_aem_s3FNhLlmwKY0yQrNTR2JEg\" rel=\"noreferrer noopener\" target=\"_blank\">Www.elmetropolitano.com.gt<\/a><\/p>\n\n\n\n<p><a href=\"https:\/\/l.facebook.com\/l.php?u=http%3A%2F%2FWww.metroredes.com%2F%3Ffbclid%3DIwZXh0bgNhZW0CMTAAYnJpZBExQ3pTSTB3clJEUmxZckJJdQEeGI3iKQIJslczcye_F5v7EdbkeMUgcRsze0MnfWZguv8lSgTQ7CV6-7KOu5o_aem_wL_6GmRGpAoRcnW4pqaF8A&amp;h=AT0tzh2HJSrhtu4cuh73dducRpuM-lX5W3LMTo0Sra5Ci0p4gv6l3NMAvIGrl81pVu3ynb5Ni-Luv_75ykdC-AzfiLqgzCHnOFfFV7tQ0Mj87L6sojcr9oG5826ReBiRqyrar0DyqqZrWkTKbAbUsM9WEL9zgvlj&amp;__tn__=-UK-R&amp;c[0]=AT1SNzPTNbEq7lvrWPZ6iZJcuiP90nOPSkkV4sU3Bw8TOM0HLqwmKcNwrA8QGZDdEkUH_Tj53DCO2CD30yU3pfiA1Edl7rzXNvl9pOy-5VH7x0xt50k6p3qx7fkov0ijOPnEKxSTRjfbw3G9Zzle9eD2P6Lf1dioXhEYO0hSfU-FhCTD6eKxTrH2gtSCMX6LVU1P7uS6VK5sJctlagwQz1wHFuee\" rel=\"noreferrer noopener\" target=\"_blank\">Www.metroredes.com<\/a><\/p>\n\n\n\n<p><a href=\"https:\/\/l.facebook.com\/l.php?u=http%3A%2F%2FWww.elescuintleco.com%2F%3Ffbclid%3DIwZXh0bgNhZW0CMTAAYnJpZBExQ3pTSTB3clJEUmxZckJJdQEex3L-202w7WXp1kdYqRfeZ_IG262yzyg7OvfCpzm6p9LrdJXqB7DtDRErkaM_aem_98iALT61VwJliFtutyweYQ&amp;h=AT2G8neY2608NG4u-Ff7k3nYRO0oAsVMg1mlsqIHHYWfseGTTuxPgiVMbjiWpeqIhYgN6u-nFbOBaz7lKWn31vOWnX72pDK4e_8dnpWCzJLFzHG6VLZOFiurGvrkLFHBh8nnZ9GXEbyVL4ikFZpC8nDYgdEJy0i3&amp;__tn__=-UK-R&amp;c[0]=AT1SNzPTNbEq7lvrWPZ6iZJcuiP90nOPSkkV4sU3Bw8TOM0HLqwmKcNwrA8QGZDdEkUH_Tj53DCO2CD30yU3pfiA1Edl7rzXNvl9pOy-5VH7x0xt50k6p3qx7fkov0ijOPnEKxSTRjfbw3G9Zzle9eD2P6Lf1dioXhEYO0hSfU-FhCTD6eKxTrH2gtSCMX6LVU1P7uS6VK5sJctlagwQz1wHFuee\" rel=\"noreferrer noopener\" target=\"_blank\">Www.elescuintleco.com<\/a><\/p>\n","protected":false},"excerpt":{"rendered":"<p>El presidente de Ir\u00e1n, Masoud Pezeshkian, afirm\u00f3 este martes que su pa\u00eds fue el que termin\u00f3 la guerra que comenz\u00f3 Israel, pa\u00eds al que calific\u00f3 de \u00abterrorista\u00bb. \u00abSi bien el iniciador de esta guerra impuesta fue el enemigo terrorista, su fin fue determinado por la voluntad y la autoridad de la gran naci\u00f3n iran\u00ed\u00bb, enfatiz\u00f3 <a class=\"read-more\" href=\"https:\/\/elmetropolitano.com.gt\/es\/presidente-irani-anuncio-oficialmente-el-fin-de-la-guerra-de-12-dias-con-tel-aviv\/\">Leer m\u00e1s<\/a><\/p>\n","protected":false},"author":1,"featured_media":105735,"comment_status":"open","ping_status":"closed","sticky":false,"template":"","format":"standard","meta":{"footnotes":""},"categories":[14],"tags":[15],"class_list":["post-105734","post","type-post","status-publish","format-standard","has-post-thumbnail","hentry","category-internacionales","tag-internacionales"],"_links":{"self":[{"href":"https:\/\/elmetropolitano.com.gt\/es\/wp-json\/wp\/v2\/posts\/105734","targetHints":{"allow":["GET"]}}],"collection":[{"href":"https:\/\/elmetropolitano.com.gt\/es\/wp-json\/wp\/v2\/posts"}],"about":[{"href":"https:\/\/elmetropolitano.com.gt\/es\/wp-json\/wp\/v2\/types\/post"}],"author":[{"embeddable":true,"href":"https:\/\/elmetropolitano.com.gt\/es\/wp-json\/wp\/v2\/users\/1"}],"replies":[{"embeddable":true,"href":"https:\/\/elmetropolitano.com.gt\/es\/wp-json\/wp\/v2\/comments?post=105734"}],"version-history":[{"count":1,"href":"https:\/\/elmetropolitano.com.gt\/es\/wp-json\/wp\/v2\/posts\/105734\/revisions"}],"predecessor-version":[{"id":105736,"href":"https:\/\/elmetropolitano.com.gt\/es\/wp-json\/wp\/v2\/posts\/105734\/revisions\/105736"}],"wp:featuredmedia":[{"embeddable":true,"href":"https:\/\/elmetropolitano.com.gt\/es\/wp-json\/wp\/v2\/media\/105735"}],"wp:attachment":[{"href":"https:\/\/elmetropolitano.com.gt\/es\/wp-json\/wp\/v2\/media?parent=105734"}],"wp:term":[{"taxonomy":"category","embeddable":true,"href":"https:\/\/elmetropolitano.com.gt\/es\/wp-json\/wp\/v2\/categories?post=105734"},{"taxonomy":"post_tag","embeddable":true,"href":"https:\/\/elmetropolitano.com.gt\/es\/wp-json\/wp\/v2\/tags?post=105734"}],"curies":[{"name":"wp","href":"https:\/\/api.w.org\/{rel}","templated":true}]}}