{"id":105926,"date":"2025-06-26T17:09:10","date_gmt":"2025-06-26T23:09:10","guid":{"rendered":"https:\/\/elmetropolitano.com.gt\/es\/?p=105926"},"modified":"2025-06-26T17:09:10","modified_gmt":"2025-06-26T23:09:10","slug":"junta-monetaria-mantiene-en-4-5-la-tasa-de-interes-lider","status":"publish","type":"post","link":"https:\/\/elmetropolitano.com.gt\/es\/junta-monetaria-mantiene-en-4-5-la-tasa-de-interes-lider\/","title":{"rendered":"Junta Monetaria mantiene en 4.5 % la tasa de inter\u00e9s l\u00edder"},"content":{"rendered":"\n<p>La Junta Monetaria (JM) inform\u00f3 que, por mayor\u00eda, mantiene invariable en 4.50 % la tasa de inter\u00e9s l\u00edder de pol\u00edtica monetaria durante la sesi\u00f3n de junio.<\/p>\n\n\n\n<p>A trav\u00e9s de un comunicado oficial, la JM inform\u00f3:<\/p><div class=\"elmet-contenido\" id=\"elmet-3286630613\"><div class=\"elmet-adlabel\">Anuncios<\/div><div style=\"margin-top: 20px;margin-right: 20px;margin-bottom: 20px;margin-left: 20px;\" id=\"elmet-196228360\"><a href=\"https:\/\/www.facebook.com\/arrincuanantigua\/\" aria-label=\"cintillo-arrin-cual\"><img loading=\"lazy\" decoding=\"async\" src=\"https:\/\/elmetropolitano.com.gt\/es\/wp-content\/uploads\/2021\/11\/cintillo-arrin-cual-1.jpg\" alt=\"\"  srcset=\"https:\/\/elmetropolitano.com.gt\/es\/wp-content\/uploads\/2021\/11\/cintillo-arrin-cual-1.jpg 750w, https:\/\/elmetropolitano.com.gt\/es\/wp-content\/uploads\/2021\/11\/cintillo-arrin-cual-1-300x36.jpg 300w, https:\/\/elmetropolitano.com.gt\/es\/wp-content\/uploads\/2021\/11\/cintillo-arrin-cual-1-600x72.jpg 600w\" sizes=\"(max-width: 750px) 100vw, 750px\" width=\"750\" height=\"90\"   \/><\/a><\/div><\/div>\n\n\n\n<p>En el entorno externo, la Junta Monetaria destac\u00f3 que la actividad econ\u00f3mica mundial ha perdido impulso ante la elevada incertidumbre respecto a las pol\u00edticas comerciales de los Estados Unidos.<\/p>\n\n\n\n<p>Adem\u00e1s, inform\u00f3 sobre la intensificaci\u00f3n de los conflictos geopol\u00edticos, lo que se ha reflejado en un deterioro de la confianza econ\u00f3mica y mayor volatilidad financiera.<\/p>\n\n\n\n<p>Otros temas<\/p>\n\n\n\n<p>En lo que respecta al precio internacional del petr\u00f3leo, \u00e9ste registr\u00f3 un significativo aumento desde el inicio del conflicto b\u00e9lico entre Israel e Ir\u00e1n, aunque ha regresado a sus niveles previos, luego del anuncio del fin del conflicto, ubic\u00e1ndose en niveles cercanos a los observados antes del inicio de este.<\/p>\n\n\n\n<p>En el \u00e1mbito interno, la Junta Monetaria resalt\u00f3 que la actividad econ\u00f3mica mantiene su dinamismo, congruente con la proyecci\u00f3n de crecimiento econ\u00f3mico recientemente revisada a la baja (de 4.0 % a 3.8 %, en el valor central).<\/p>\n\n\n\n<p>Esto se confirma con el desempe\u00f1o de la mayor\u00eda de los indicadores de corto plazo. Sin embargo, persisten riesgos a la baja asociados al sector externo.<\/p>\n\n\n\n<p>Por su parte, la inflaci\u00f3n a mayo de 2025 continu\u00f3 ubic\u00e1ndose por debajo del l\u00edmite inferior de la meta de inflaci\u00f3n determinada por la Junta Monetaria (4.00 % +\/- 1 punto porcentual) como resultado, principalmente, de la disminuci\u00f3n de los precios de los combustibles (hasta ese mes) y de la disipaci\u00f3n gradual de choques de oferta internos en los alimentos.<\/p>\n\n\n\n<p>Monitoreo<\/p>\n\n\n\n<p>En ese contexto, el actual balance de riesgos de inflaci\u00f3n sugiere que las presiones inflacionarias para 2025 y 2026 seguir\u00edan siendo moderadas en el escenario base. No obstante, enfatiz\u00f3 que dichas proyecciones siguen estando condicionadas a considerables riesgos al alza, particularmente, por el conflicto b\u00e9lico en la regi\u00f3n de Oriente Medio y por las implicaciones de un aumento de las tarifas arancelarias a nivel mundial.<\/p>\n\n\n\n<p>La JM reafirma su compromiso de seguir adoptando las medidas que sean necesarias para que los niveles de inflaci\u00f3n permanezcan dentro de la meta, por lo que continuar\u00e1 dando seguimiento cercano a la evoluci\u00f3n de los principales indicadores econ\u00f3micos, tanto externos como internos, que puedan afectar el nivel general de precios y, por ende, las expectativas de inflaci\u00f3n.<\/p>\n\n\n\n<p>Texto&nbsp; Brenda Larios<\/p>\n\n\n\n<p>#convenio #secretariausa&nbsp; #metroredes&nbsp; <a href=\"http:\/\/www.elmetropolitano.com.gt\">www.elmetropolitano.com.gt<\/a>&nbsp; <a href=\"http:\/\/www.metroredes.com\">www.metroredes.com<\/a>&nbsp; <a href=\"http:\/\/www.elescuintleco.com\">www.elescuintleco.com<\/a>&nbsp;<\/p>\n\n\n\n<figure class=\"wp-block-gallery has-nested-images columns-default is-cropped wp-block-gallery-1 is-layout-flex wp-block-gallery-is-layout-flex\">\n<figure class=\"wp-block-image size-large\"><img loading=\"lazy\" decoding=\"async\" width=\"1024\" height=\"512\" data-id=\"105928\" src=\"https:\/\/elmetropolitano.com.gt\/es\/wp-content\/uploads\/2025\/06\/Gt0juooW4AAWW4d-1-1140x570-2-1024x512.jpg\" alt=\"\" class=\"wp-image-105928\" srcset=\"https:\/\/elmetropolitano.com.gt\/es\/wp-content\/uploads\/2025\/06\/Gt0juooW4AAWW4d-1-1140x570-2-1024x512.jpg 1024w, https:\/\/elmetropolitano.com.gt\/es\/wp-content\/uploads\/2025\/06\/Gt0juooW4AAWW4d-1-1140x570-2-300x150.jpg 300w, https:\/\/elmetropolitano.com.gt\/es\/wp-content\/uploads\/2025\/06\/Gt0juooW4AAWW4d-1-1140x570-2-768x384.jpg 768w, https:\/\/elmetropolitano.com.gt\/es\/wp-content\/uploads\/2025\/06\/Gt0juooW4AAWW4d-1-1140x570-2.jpg 1140w\" sizes=\"auto, (max-width: 1024px) 100vw, 1024px\" \/><\/figure>\n\n\n\n<figure class=\"wp-block-image size-large\"><img loading=\"lazy\" decoding=\"async\" width=\"696\" height=\"900\" data-id=\"105929\" src=\"https:\/\/elmetropolitano.com.gt\/es\/wp-content\/uploads\/2025\/06\/GuVLEDcWAAA6Dfh.jpeg\" alt=\"\" class=\"wp-image-105929\" srcset=\"https:\/\/elmetropolitano.com.gt\/es\/wp-content\/uploads\/2025\/06\/GuVLEDcWAAA6Dfh.jpeg 696w, https:\/\/elmetropolitano.com.gt\/es\/wp-content\/uploads\/2025\/06\/GuVLEDcWAAA6Dfh-232x300.jpeg 232w\" sizes=\"auto, (max-width: 696px) 100vw, 696px\" \/><\/figure>\n<\/figure>\n","protected":false},"excerpt":{"rendered":"<p>La Junta Monetaria (JM) inform\u00f3 que, por mayor\u00eda, mantiene invariable en 4.50 % la tasa de inter\u00e9s l\u00edder de pol\u00edtica monetaria durante la sesi\u00f3n de junio. A trav\u00e9s de un comunicado oficial, la JM inform\u00f3: En el entorno externo, la Junta Monetaria destac\u00f3 que la actividad econ\u00f3mica mundial ha perdido impulso ante la elevada incertidumbre <a class=\"read-more\" href=\"https:\/\/elmetropolitano.com.gt\/es\/junta-monetaria-mantiene-en-4-5-la-tasa-de-interes-lider\/\">Leer m\u00e1s<\/a><\/p>\n","protected":false},"author":1,"featured_media":105927,"comment_status":"open","ping_status":"closed","sticky":false,"template":"","format":"standard","meta":{"footnotes":""},"categories":[21],"tags":[20],"class_list":["post-105926","post","type-post","status-publish","format-standard","has-post-thumbnail","hentry","category-economia","tag-economia"],"_links":{"self":[{"href":"https:\/\/elmetropolitano.com.gt\/es\/wp-json\/wp\/v2\/posts\/105926","targetHints":{"allow":["GET"]}}],"collection":[{"href":"https:\/\/elmetropolitano.com.gt\/es\/wp-json\/wp\/v2\/posts"}],"about":[{"href":"https:\/\/elmetropolitano.com.gt\/es\/wp-json\/wp\/v2\/types\/post"}],"author":[{"embeddable":true,"href":"https:\/\/elmetropolitano.com.gt\/es\/wp-json\/wp\/v2\/users\/1"}],"replies":[{"embeddable":true,"href":"https:\/\/elmetropolitano.com.gt\/es\/wp-json\/wp\/v2\/comments?post=105926"}],"version-history":[{"count":1,"href":"https:\/\/elmetropolitano.com.gt\/es\/wp-json\/wp\/v2\/posts\/105926\/revisions"}],"predecessor-version":[{"id":105930,"href":"https:\/\/elmetropolitano.com.gt\/es\/wp-json\/wp\/v2\/posts\/105926\/revisions\/105930"}],"wp:featuredmedia":[{"embeddable":true,"href":"https:\/\/elmetropolitano.com.gt\/es\/wp-json\/wp\/v2\/media\/105927"}],"wp:attachment":[{"href":"https:\/\/elmetropolitano.com.gt\/es\/wp-json\/wp\/v2\/media?parent=105926"}],"wp:term":[{"taxonomy":"category","embeddable":true,"href":"https:\/\/elmetropolitano.com.gt\/es\/wp-json\/wp\/v2\/categories?post=105926"},{"taxonomy":"post_tag","embeddable":true,"href":"https:\/\/elmetropolitano.com.gt\/es\/wp-json\/wp\/v2\/tags?post=105926"}],"curies":[{"name":"wp","href":"https:\/\/api.w.org\/{rel}","templated":true}]}}