{"id":106495,"date":"2025-07-06T21:10:48","date_gmt":"2025-07-07T03:10:48","guid":{"rendered":"https:\/\/elmetropolitano.com.gt\/es\/?p=106495"},"modified":"2025-07-06T21:10:49","modified_gmt":"2025-07-07T03:10:49","slug":"embajador-fiallo-presenta-su-libro-como-un-homenaje-a-la-resistencia-democratica-en-guatemala","status":"publish","type":"post","link":"https:\/\/elmetropolitano.com.gt\/es\/embajador-fiallo-presenta-su-libro-como-un-homenaje-a-la-resistencia-democratica-en-guatemala\/","title":{"rendered":"Embajador Fiallo presenta su libro como un homenaje a la resistencia democr\u00e1tica en Guatemala"},"content":{"rendered":"\n<p><a><\/a>En el marco de la Feria Internacional del Libro de Guatemala (Filgua), el embajador de la Rep\u00fablica Dominicana ante la OEA, Jos\u00e9 Fiallo, present\u00f3 su libro Diplomacia de Crisis: Guatemala, la OEA y la Esperanza Democr\u00e1tica en 2023.<\/p>\n\n\n\n<p>Una obra testimonial que documenta el papel de la diplomacia en la defensa del orden democr\u00e1tico durante la reciente crisis institucional que vivi\u00f3 el pa\u00eds.<\/p><div class=\"elmet-contenido\" id=\"elmet-4085286129\"><div class=\"elmet-adlabel\">Anuncios<\/div><div style=\"margin-top: 20px;margin-right: 20px;margin-bottom: 20px;margin-left: 20px;\" id=\"elmet-2807813936\"><a href=\"https:\/\/www.facebook.com\/arrincuanantigua\/\" aria-label=\"cintillo-arrin-cual\"><img loading=\"lazy\" decoding=\"async\" src=\"https:\/\/elmetropolitano.com.gt\/es\/wp-content\/uploads\/2021\/11\/cintillo-arrin-cual-1.jpg\" alt=\"\"  srcset=\"https:\/\/elmetropolitano.com.gt\/es\/wp-content\/uploads\/2021\/11\/cintillo-arrin-cual-1.jpg 750w, https:\/\/elmetropolitano.com.gt\/es\/wp-content\/uploads\/2021\/11\/cintillo-arrin-cual-1-300x36.jpg 300w, https:\/\/elmetropolitano.com.gt\/es\/wp-content\/uploads\/2021\/11\/cintillo-arrin-cual-1-600x72.jpg 600w\" sizes=\"(max-width: 750px) 100vw, 750px\" width=\"750\" height=\"90\"   \/><\/a><\/div><\/div>\n\n\n\n<p>En su discurso, Fiallo rindi\u00f3 homenaje a la ciudadan\u00eda guatemalteca que se moviliz\u00f3 de forma pac\u00edfica en defensa de la voluntad popular y destac\u00f3 el papel crucial de los pueblos originarios en esta gesta.<\/p>\n\n\n\n<p>Fiallo afirm\u00f3 que el libro no es una obra de ficci\u00f3n ni una tesis acad\u00e9mica, sino una cr\u00f3nica personal escrita desde la convicci\u00f3n de que las experiencias colectivas deben preservarse como aprendizaje.<\/p>\n\n\n\n<p>No vengo solo a presentar un libro, vengo a cumplir una promesa con la memoria y con el pueblo guatemalteco.<\/p>\n\n\n\n<p>Tambi\u00e9n resalt\u00f3 que la democracia no se defiende solo con leyes o discursos, sino con la dignidad de la ciudadan\u00eda y la sabidur\u00eda ancestral de los pueblos que lideraron la resistencia.<\/p>\n\n\n\n<p>El diplom\u00e1tico subray\u00f3 la importancia del multilateralismo como escudo de los pa\u00edses peque\u00f1os ante los abusos de poder, y record\u00f3 que la solidaridad que la Rep\u00fablica Dominicana mostr\u00f3 hacia Guatemala fue reflejo de su propia historia de crisis democr\u00e1tica.<\/p>\n\n\n\n<p>Libro Diplomacia de Crisis<\/p>\n\n\n\n<p>A trav\u00e9s de nueve cap\u00edtulos, su libro expone c\u00f3mo desde la OEA se intent\u00f3 acompa\u00f1ar, no intervenir; y c\u00f3mo la palabra y la verdad se convirtieron en instrumentos de resistencia frente a la desinformaci\u00f3n.<\/p>\n\n\n\n<p>Fiallo concluy\u00f3 su intervenci\u00f3n haciendo un llamado a la paciencia democr\u00e1tica y a la construcci\u00f3n de reformas estructurales sostenidas.<\/p>\n\n\n\n<p>Y agradeci\u00f3 a Guatemala por el apoyo recibido durante momentos personales dif\u00edciles y reiter\u00f3 su admiraci\u00f3n por un pa\u00eds que, no es solo una naci\u00f3n herida, sino una potencia moral que mostr\u00f3 al continente el poder de la resistencia ciudadana.<\/p>\n\n\n\n<p>Texto: Cindy Alonzo<\/p>\n\n\n\n<p><a href=\"https:\/\/www.facebook.com\/hashtag\/filgua?__eep__=6&amp;__cft__[0]=AZXF0pwjwkxDeABGSoKBxWlY0XRFRICq6SNEPMHt9E-eGCXjlqZuR5udlKVUGBz8Y0TJp52bvkIJWnBh8nXrt2kdtl28TLwtEgvgnAlXlhfEXsmmjq7iNuWJ6ivUY8MlyEr2brPYPVHkJ5aLaIRyJ9lvoDA_HZP_oJhn_Rhkad0SYUpLH_YmafAd9UuctLkkA6VvgP6NPddpGTAxMTzr0tjf&amp;__tn__=*NK-R\">#Filgua<\/a><a href=\"https:\/\/www.facebook.com\/hashtag\/oea?__eep__=6&amp;__cft__[0]=AZXF0pwjwkxDeABGSoKBxWlY0XRFRICq6SNEPMHt9E-eGCXjlqZuR5udlKVUGBz8Y0TJp52bvkIJWnBh8nXrt2kdtl28TLwtEgvgnAlXlhfEXsmmjq7iNuWJ6ivUY8MlyEr2brPYPVHkJ5aLaIRyJ9lvoDA_HZP_oJhn_Rhkad0SYUpLH_YmafAd9UuctLkkA6VvgP6NPddpGTAxMTzr0tjf&amp;__tn__=*NK-R\">#OEA<\/a><a href=\"https:\/\/www.facebook.com\/hashtag\/diplomaciadecrisis?__eep__=6&amp;__cft__[0]=AZXF0pwjwkxDeABGSoKBxWlY0XRFRICq6SNEPMHt9E-eGCXjlqZuR5udlKVUGBz8Y0TJp52bvkIJWnBh8nXrt2kdtl28TLwtEgvgnAlXlhfEXsmmjq7iNuWJ6ivUY8MlyEr2brPYPVHkJ5aLaIRyJ9lvoDA_HZP_oJhn_Rhkad0SYUpLH_YmafAd9UuctLkkA6VvgP6NPddpGTAxMTzr0tjf&amp;__tn__=*NK-R\">#diplomaciadecrisis<\/a><\/p>\n","protected":false},"excerpt":{"rendered":"<p>En el marco de la Feria Internacional del Libro de Guatemala (Filgua), el embajador de la Rep\u00fablica Dominicana ante la OEA, Jos\u00e9 Fiallo, present\u00f3 su libro Diplomacia de Crisis: Guatemala, la OEA y la Esperanza Democr\u00e1tica en 2023. Una obra testimonial que documenta el papel de la diplomacia en la defensa del orden democr\u00e1tico durante <a class=\"read-more\" href=\"https:\/\/elmetropolitano.com.gt\/es\/embajador-fiallo-presenta-su-libro-como-un-homenaje-a-la-resistencia-democratica-en-guatemala\/\">Leer m\u00e1s<\/a><\/p>\n","protected":false},"author":1,"featured_media":106496,"comment_status":"open","ping_status":"closed","sticky":false,"template":"","format":"standard","meta":{"footnotes":""},"categories":[29],"tags":[30],"class_list":["post-106495","post","type-post","status-publish","format-standard","has-post-thumbnail","hentry","category-culturales","tag-culturales"],"_links":{"self":[{"href":"https:\/\/elmetropolitano.com.gt\/es\/wp-json\/wp\/v2\/posts\/106495","targetHints":{"allow":["GET"]}}],"collection":[{"href":"https:\/\/elmetropolitano.com.gt\/es\/wp-json\/wp\/v2\/posts"}],"about":[{"href":"https:\/\/elmetropolitano.com.gt\/es\/wp-json\/wp\/v2\/types\/post"}],"author":[{"embeddable":true,"href":"https:\/\/elmetropolitano.com.gt\/es\/wp-json\/wp\/v2\/users\/1"}],"replies":[{"embeddable":true,"href":"https:\/\/elmetropolitano.com.gt\/es\/wp-json\/wp\/v2\/comments?post=106495"}],"version-history":[{"count":1,"href":"https:\/\/elmetropolitano.com.gt\/es\/wp-json\/wp\/v2\/posts\/106495\/revisions"}],"predecessor-version":[{"id":106497,"href":"https:\/\/elmetropolitano.com.gt\/es\/wp-json\/wp\/v2\/posts\/106495\/revisions\/106497"}],"wp:featuredmedia":[{"embeddable":true,"href":"https:\/\/elmetropolitano.com.gt\/es\/wp-json\/wp\/v2\/media\/106496"}],"wp:attachment":[{"href":"https:\/\/elmetropolitano.com.gt\/es\/wp-json\/wp\/v2\/media?parent=106495"}],"wp:term":[{"taxonomy":"category","embeddable":true,"href":"https:\/\/elmetropolitano.com.gt\/es\/wp-json\/wp\/v2\/categories?post=106495"},{"taxonomy":"post_tag","embeddable":true,"href":"https:\/\/elmetropolitano.com.gt\/es\/wp-json\/wp\/v2\/tags?post=106495"}],"curies":[{"name":"wp","href":"https:\/\/api.w.org\/{rel}","templated":true}]}}